{"id":27626,"date":"2025-03-21T14:28:49","date_gmt":"2025-03-21T17:28:49","guid":{"rendered":"https:\/\/pc.sc.gov.br\/?p=27626"},"modified":"2025-03-21T14:30:03","modified_gmt":"2025-03-21T17:30:03","slug":"acao-conjunta-das-policias-civil-e-militar-resulta-na-apreensao-de-drogas-veiculo-duas-prensas-hidraulicas-arma-de-fogo-municoes-e-na-prisao-em-flagrante-de-duas-pessoas","status":"publish","type":"post","link":"https:\/\/pc.sc.gov.br\/?p=27626","title":{"rendered":"A\u00e7\u00e3o conjunta das Pol\u00edcias Civil e Militar resulta na apreens\u00e3o de drogas, ve\u00edculo, duas prensas hidr\u00e1ulicas, arma de fogo, muni\u00e7\u00f5es e na pris\u00e3o em flagrante de duas pessoas"},"content":{"rendered":"\t\t<div data-elementor-type=\"wp-post\" data-elementor-id=\"27626\" class=\"elementor elementor-27626\" data-elementor-post-type=\"post\">\n\t\t\t\t\t\t<section class=\"elementor-section elementor-top-section elementor-element elementor-element-70bc55a elementor-section-boxed elementor-section-height-default elementor-section-height-default\" data-id=\"70bc55a\" data-element_type=\"section\">\n\t\t\t\t\t\t<div class=\"elementor-container elementor-column-gap-default\">\n\t\t\t\t\t<div class=\"elementor-column elementor-col-100 elementor-top-column elementor-element elementor-element-40ed7b0\" data-id=\"40ed7b0\" data-element_type=\"column\">\n\t\t\t<div class=\"elementor-widget-wrap elementor-element-populated\">\n\t\t\t\t\t\t<div class=\"elementor-element elementor-element-beaf023 elementor-widget elementor-widget-heading\" data-id=\"beaf023\" data-element_type=\"widget\" data-widget_type=\"heading.default\">\n\t\t\t\t<div class=\"elementor-widget-container\">\n\t\t\t\t\t<h2 class=\"elementor-heading-title elementor-size-default\">A\u00e7\u00e3o conjunta das Pol\u00edcias Civil e Militar resulta na apreens\u00e3o de drogas, ve\u00edculo, duas prensas hidr\u00e1ulicas, arma de fogo, muni\u00e7\u00f5es e na pris\u00e3o em flagrante de duas pessoas<\/h2>\t\t\t\t<\/div>\n\t\t\t\t<\/div>\n\t\t\t\t\t<\/div>\n\t\t<\/div>\n\t\t\t\t\t<\/div>\n\t\t<\/section>\n\t\t\t\t<section class=\"elementor-section elementor-top-section elementor-element elementor-element-c9206bf elementor-section-boxed elementor-section-height-default elementor-section-height-default\" data-id=\"c9206bf\" data-element_type=\"section\">\n\t\t\t\t\t\t<div class=\"elementor-container elementor-column-gap-default\">\n\t\t\t\t\t<div class=\"elementor-column elementor-col-100 elementor-top-column elementor-element elementor-element-dbd82e1\" data-id=\"dbd82e1\" data-element_type=\"column\">\n\t\t\t<div class=\"elementor-widget-wrap elementor-element-populated\">\n\t\t\t\t\t\t<div class=\"elementor-element elementor-element-4c32b76 elementor-widget elementor-widget-image\" data-id=\"4c32b76\" data-element_type=\"widget\" data-widget_type=\"image.default\">\n\t\t\t\t<div class=\"elementor-widget-container\">\n\t\t\t\t\t\t\t\t\t\t\t\t\t\t\t<img fetchpriority=\"high\" decoding=\"async\" width=\"696\" height=\"696\" src=\"https:\/\/pc.sc.gov.br\/\/wp-content\/uploads\/2025\/03\/WhatsApp-Image-2025-03-20-at-20.05.22-1024x1024.jpeg\" class=\"attachment-large size-large wp-image-27627\" alt=\"\" srcset=\"https:\/\/pc.sc.gov.br\/\/wp-content\/uploads\/2025\/03\/WhatsApp-Image-2025-03-20-at-20.05.22-1024x1024.jpeg 1024w, https:\/\/pc.sc.gov.br\/\/wp-content\/uploads\/2025\/03\/WhatsApp-Image-2025-03-20-at-20.05.22-300x300.jpeg 300w, https:\/\/pc.sc.gov.br\/\/wp-content\/uploads\/2025\/03\/WhatsApp-Image-2025-03-20-at-20.05.22-150x150.jpeg 150w, https:\/\/pc.sc.gov.br\/\/wp-content\/uploads\/2025\/03\/WhatsApp-Image-2025-03-20-at-20.05.22-768x768.jpeg 768w, https:\/\/pc.sc.gov.br\/\/wp-content\/uploads\/2025\/03\/WhatsApp-Image-2025-03-20-at-20.05.22.jpeg 1280w\" sizes=\"(max-width: 696px) 100vw, 696px\" \/>\t\t\t\t\t\t\t\t\t\t\t\t\t\t\t<\/div>\n\t\t\t\t<\/div>\n\t\t\t\t\t<\/div>\n\t\t<\/div>\n\t\t\t\t\t<\/div>\n\t\t<\/section>\n\t\t\t\t<section class=\"elementor-section elementor-top-section elementor-element elementor-element-f1ab89a elementor-section-boxed elementor-section-height-default elementor-section-height-default\" data-id=\"f1ab89a\" data-element_type=\"section\">\n\t\t\t\t\t\t<div class=\"elementor-container elementor-column-gap-default\">\n\t\t\t\t\t<div class=\"elementor-column elementor-col-100 elementor-top-column elementor-element elementor-element-a04ef5c\" data-id=\"a04ef5c\" data-element_type=\"column\">\n\t\t\t<div class=\"elementor-widget-wrap elementor-element-populated\">\n\t\t\t\t\t\t<div class=\"elementor-element elementor-element-68ba915 elementor-widget elementor-widget-text-editor\" data-id=\"68ba915\" data-element_type=\"widget\" data-widget_type=\"text-editor.default\">\n\t\t\t\t<div class=\"elementor-widget-container\">\n\t\t\t\t\t\t\t\t\t<p>As Pol\u00edcias Civil e Militar de Santa Catarina, por interm\u00e9dio da DIC de Tubar\u00e3o e do 5\u00ba BPM de Tubar\u00e3o, deram cumprimento a dois mandados de busca e apreens\u00e3o nas cidades de Tubar\u00e3o e Gravatal, resultando na apreens\u00e3o de expressiva quantidade de drogas, um ve\u00edculo, duas prensas hidr\u00e1ulicas, uma arma de fogo, muni\u00e7\u00f5es e na pris\u00e3o em flagrante de dois indiv\u00edduos.<\/p><p>As for\u00e7as de seguran\u00e7a, em comunh\u00e3o de esfor\u00e7os, v\u00eam buscando reprimir o tr\u00e1fico de drogas que se desenvolve em Tubar\u00e3o. Nesse sentido, diversas dilig\u00eancias foram realizadas e chegaram a um indiv\u00edduo suspeito de armazenar e fracionar drogas em um im\u00f3vel localizado em uma regi\u00e3o erma do interior de Gravatal.<\/p><p>Visando dar andamento \u00e0s investiga\u00e7\u00f5es, representou-se junto ao Poder Judici\u00e1rio pela expedi\u00e7\u00e3o de mandados de busca e apreens\u00e3o a serem cumpridos na casa do suspeito e no im\u00f3vel utilizado para o fracionamento das drogas. Os pedidos foram deferidos pelo Ju\u00edzo da 2\u00ba Vara Criminal de Tubar\u00e3o.<\/p><p>De posse dos competentes mandados, equipes das policiais civil e militar se deslocaram at\u00e9 a cidade de Gravatal a fim de cumprir uma das ordens judiciais. Ao chegarem no im\u00f3vel, os dois indiv\u00edduos que l\u00e1 se encontraram empreenderam fuga ap\u00f3s perceberem a presen\u00e7a policial, mas acabaram sendo capturados.<\/p><p>No interior do im\u00f3vel, os policiais encontraram uma arma de fogo, 55 muni\u00e7\u00f5es, aproximadamente 3 kg de coca\u00edna, 2,5kg de maconha, 45g de haxixe, 1450 comprimidos de ecstasy, duas prensas hidr\u00e1ulicas, al\u00e9m de diversos microtubos utilizados para o acondicionamento da coca\u00edna e 4 balan\u00e7as de precis\u00e3o. Diante desse cen\u00e1rio, os dois suspeitos foram presos e conduzidos \u00e0 DIC de Tubar\u00e3o para as provid\u00eancias de Pol\u00edcia Judici\u00e1ria pertinentes.<\/p><p>Os dois homens ser\u00e3o autuados em flagrante pelo tr\u00e1fico de drogas e pelo porte irregular de arma de fogo de uso permitido.<\/p>\t\t\t\t\t\t\t\t<\/div>\n\t\t\t\t<\/div>\n\t\t\t\t\t<\/div>\n\t\t<\/div>\n\t\t\t\t\t<\/div>\n\t\t<\/section>\n\t\t\t\t<\/div>\n\t\t","protected":false},"excerpt":{"rendered":"<p>A\u00e7\u00e3o conjunta das Pol\u00edcias Civil e Militar resulta na apreens\u00e3o de drogas, ve\u00edculo, duas prensas hidr\u00e1ulicas, arma de fogo, muni\u00e7\u00f5es e na pris\u00e3o em flagrante de duas pessoas As Pol\u00edcias Civil e Militar de Santa Catarina, por interm\u00e9dio da DIC de Tubar\u00e3o e do 5\u00ba BPM de Tubar\u00e3o, deram cumprimento a dois mandados de busca [&hellip;]<\/p>\n","protected":false},"author":5,"featured_media":27627,"comment_status":"closed","ping_status":"open","sticky":false,"template":"","format":"standard","meta":{"_monsterinsights_skip_tracking":false,"_monsterinsights_sitenote_active":false,"_monsterinsights_sitenote_note":"","_monsterinsights_sitenote_category":0,"footnotes":""},"categories":[1],"tags":[],"class_list":["post-27626","post","type-post","status-publish","format-standard","has-post-thumbnail","hentry","category-sem-categoria"],"_links":{"self":[{"href":"https:\/\/pc.sc.gov.br\/index.php?rest_route=\/wp\/v2\/posts\/27626","targetHints":{"allow":["GET"]}}],"collection":[{"href":"https:\/\/pc.sc.gov.br\/index.php?rest_route=\/wp\/v2\/posts"}],"about":[{"href":"https:\/\/pc.sc.gov.br\/index.php?rest_route=\/wp\/v2\/types\/post"}],"author":[{"embeddable":true,"href":"https:\/\/pc.sc.gov.br\/index.php?rest_route=\/wp\/v2\/users\/5"}],"replies":[{"embeddable":true,"href":"https:\/\/pc.sc.gov.br\/index.php?rest_route=%2Fwp%2Fv2%2Fcomments&post=27626"}],"version-history":[{"count":4,"href":"https:\/\/pc.sc.gov.br\/index.php?rest_route=\/wp\/v2\/posts\/27626\/revisions"}],"predecessor-version":[{"id":27631,"href":"https:\/\/pc.sc.gov.br\/index.php?rest_route=\/wp\/v2\/posts\/27626\/revisions\/27631"}],"wp:featuredmedia":[{"embeddable":true,"href":"https:\/\/pc.sc.gov.br\/index.php?rest_route=\/wp\/v2\/media\/27627"}],"wp:attachment":[{"href":"https:\/\/pc.sc.gov.br\/index.php?rest_route=%2Fwp%2Fv2%2Fmedia&parent=27626"}],"wp:term":[{"taxonomy":"category","embeddable":true,"href":"https:\/\/pc.sc.gov.br\/index.php?rest_route=%2Fwp%2Fv2%2Fcategories&post=27626"},{"taxonomy":"post_tag","embeddable":true,"href":"https:\/\/pc.sc.gov.br\/index.php?rest_route=%2Fwp%2Fv2%2Ftags&post=27626"}],"curies":[{"name":"wp","href":"https:\/\/api.w.org\/{rel}","templated":true}]}}