{"id":27642,"date":"2025-03-21T16:03:42","date_gmt":"2025-03-21T19:03:42","guid":{"rendered":"https:\/\/pc.sc.gov.br\/?p=27642"},"modified":"2025-03-21T16:06:30","modified_gmt":"2025-03-21T19:06:30","slug":"delegacia-de-investigacao-criminal-de-brusque-inaugura-oficialmente-a-nova-sede","status":"publish","type":"post","link":"https:\/\/pc.sc.gov.br\/?p=27642","title":{"rendered":"Delegacia de Investiga\u00e7\u00e3o Criminal de Brusque inaugura oficialmente a nova sede"},"content":{"rendered":"\t\t<div data-elementor-type=\"wp-post\" data-elementor-id=\"27642\" class=\"elementor elementor-27642\" data-elementor-post-type=\"post\">\n\t\t\t\t\t\t<section class=\"elementor-section elementor-top-section elementor-element elementor-element-a524737 elementor-section-boxed elementor-section-height-default elementor-section-height-default\" data-id=\"a524737\" data-element_type=\"section\">\n\t\t\t\t\t\t<div class=\"elementor-container elementor-column-gap-default\">\n\t\t\t\t\t<div class=\"elementor-column elementor-col-100 elementor-top-column elementor-element elementor-element-435c554\" data-id=\"435c554\" data-element_type=\"column\">\n\t\t\t<div class=\"elementor-widget-wrap elementor-element-populated\">\n\t\t\t\t\t\t<div class=\"elementor-element elementor-element-d8794e5 elementor-widget elementor-widget-heading\" data-id=\"d8794e5\" data-element_type=\"widget\" data-widget_type=\"heading.default\">\n\t\t\t\t<div class=\"elementor-widget-container\">\n\t\t\t\t\t<h2 class=\"elementor-heading-title elementor-size-default\">Delegacia de Investiga\u00e7\u00e3o Criminal de Brusque inaugura oficialmente a nova sede<\/h2>\t\t\t\t<\/div>\n\t\t\t\t<\/div>\n\t\t\t\t\t<\/div>\n\t\t<\/div>\n\t\t\t\t\t<\/div>\n\t\t<\/section>\n\t\t\t\t<section class=\"elementor-section elementor-top-section elementor-element elementor-element-1843edb elementor-section-boxed elementor-section-height-default elementor-section-height-default\" data-id=\"1843edb\" data-element_type=\"section\">\n\t\t\t\t\t\t<div class=\"elementor-container elementor-column-gap-default\">\n\t\t\t\t\t<div class=\"elementor-column elementor-col-100 elementor-top-column elementor-element elementor-element-f36089e\" data-id=\"f36089e\" data-element_type=\"column\">\n\t\t\t<div class=\"elementor-widget-wrap elementor-element-populated\">\n\t\t\t\t\t\t<div class=\"elementor-element elementor-element-14d099a elementor-widget elementor-widget-image\" data-id=\"14d099a\" data-element_type=\"widget\" data-widget_type=\"image.default\">\n\t\t\t\t<div class=\"elementor-widget-container\">\n\t\t\t\t\t\t\t\t\t\t\t\t\t\t\t<img fetchpriority=\"high\" decoding=\"async\" width=\"696\" height=\"464\" src=\"https:\/\/pc.sc.gov.br\/\/wp-content\/uploads\/2025\/03\/IMG_3514-768x512.jpg\" class=\"attachment-medium_large size-medium_large wp-image-27644\" alt=\"\" srcset=\"https:\/\/pc.sc.gov.br\/\/wp-content\/uploads\/2025\/03\/IMG_3514-768x512.jpg 768w, https:\/\/pc.sc.gov.br\/\/wp-content\/uploads\/2025\/03\/IMG_3514-300x200.jpg 300w, https:\/\/pc.sc.gov.br\/\/wp-content\/uploads\/2025\/03\/IMG_3514-1024x683.jpg 1024w, https:\/\/pc.sc.gov.br\/\/wp-content\/uploads\/2025\/03\/IMG_3514-1536x1024.jpg 1536w, https:\/\/pc.sc.gov.br\/\/wp-content\/uploads\/2025\/03\/IMG_3514.jpg 2048w\" sizes=\"(max-width: 696px) 100vw, 696px\" \/>\t\t\t\t\t\t\t\t\t\t\t\t\t\t\t<\/div>\n\t\t\t\t<\/div>\n\t\t\t\t\t<\/div>\n\t\t<\/div>\n\t\t\t\t\t<\/div>\n\t\t<\/section>\n\t\t\t\t<section class=\"elementor-section elementor-top-section elementor-element elementor-element-54248fd elementor-section-boxed elementor-section-height-default elementor-section-height-default\" data-id=\"54248fd\" data-element_type=\"section\">\n\t\t\t\t\t\t<div class=\"elementor-container elementor-column-gap-default\">\n\t\t\t\t\t<div class=\"elementor-column elementor-col-100 elementor-top-column elementor-element elementor-element-8218319\" data-id=\"8218319\" data-element_type=\"column\">\n\t\t\t<div class=\"elementor-widget-wrap elementor-element-populated\">\n\t\t\t\t\t\t<div class=\"elementor-element elementor-element-a2a0399 elementor-widget elementor-widget-text-editor\" data-id=\"a2a0399\" data-element_type=\"widget\" data-widget_type=\"text-editor.default\">\n\t\t\t\t<div class=\"elementor-widget-container\">\n\t\t\t\t\t\t\t\t\t<p>O delegado-geral da Pol\u00edcia Civil de Santa Catarina, Ulisses Gabriel, participou nesta quinta-feira (20) da solenidade de inaugura\u00e7\u00e3o da nova sede da Delegacia de Investiga\u00e7\u00f5es Criminais (DIC) de Brusque. O evento foi realizado na C\u00e2mara de Vereadores e tamb\u00e9m contou com a presen\u00e7a do Delegado Regional, Fernando De Faveri, do titular da DIC de Brusque, delegado Fernando Farias, dos prefeitos de Brusque, Andr\u00e9 Vechi; de Guabiruba, Valmir Zirke; de Botuver\u00e1, Jos\u00e9 Wietcowsky entre outras autoridades.<\/p>\n<p>Na cerim\u00f4nia realizada na C\u00e2mara de Vereadores de Brusque, o delegado Ulisses Gabriel refor\u00e7ou o compromisso assumido com o governador Jorginho Mello de trabalhar no sentido de melhorar o atendimento \u00e0 popula\u00e7\u00e3o e combater a criminalidade. A Pol\u00edcia Civil tem intensificado a\u00e7\u00f5es para responder \u00e0 altura a pr\u00e1tica de crimes e Santa Catarina tem alcan\u00e7ado, neste governo, o status de estado mais seguro da Federa\u00e7\u00e3o\u201d, assinalou o delegado-geral.<\/p>\n<p>O delegado Regional de Brusque, Fernando de F\u00e1veri, disse que entregar o novo da unidade policial foi um desafio. \u201cHoje, podemos celebrar a entrega de uma delegacia de primeir\u00edssima qualidade, que traz mais estrutura para a Pol\u00edcia Civil e para a cidade\u201d, disse o delegado.<\/p>\n<p>O titular da DIC de Brusque, delegado Fernando Farias, disse que a nova unidade policial trouxe melhoria no atendimento \u00e0 popula\u00e7\u00e3o, conforto e seguran\u00e7a para policiais, itens que est\u00e3o impactando positivamente nos resultados operacionais da DIC de Brusque. A Delegacia tamb\u00e9m recebeu tr\u00eas computadores de alto desempenho e um fuzil para refor\u00e7ar o trabalho dos policiais civis. Com mias de 400 metros quadrados, a DIC de Brusque&nbsp; funciona em pr\u00e9dio cedido pela Prefeitura, localizado ao lado da Pra\u00e7a Sesquicenten\u00e1rio, na regi\u00e3o central do munic\u00edpio.&nbsp;<span style=\"font-family: var( --e-global-typography-text-font-family ), Sans-serif; font-size: var( --e-global-typography-text-font-size );\">Para a reforma do pr\u00e9dio onde funciona na DIC foram investidos R$ 334 mil, sendo 174 mil de recursos p\u00fablicos e outros 160 mil da iniciativa privada.<\/span><\/p>\n<p>Fotos: @marinamoraisph<\/p>\t\t\t\t\t\t\t\t<\/div>\n\t\t\t\t<\/div>\n\t\t\t\t\t<\/div>\n\t\t<\/div>\n\t\t\t\t\t<\/div>\n\t\t<\/section>\n\t\t\t\t<\/div>\n\t\t","protected":false},"excerpt":{"rendered":"<p>Delegacia de Investiga\u00e7\u00e3o Criminal de Brusque inaugura oficialmente a nova sede O delegado-geral da Pol\u00edcia Civil de Santa Catarina, Ulisses Gabriel, participou nesta quinta-feira (20) da solenidade de inaugura\u00e7\u00e3o da nova sede da Delegacia de Investiga\u00e7\u00f5es Criminais (DIC) de Brusque. O evento foi realizado na C\u00e2mara de Vereadores e tamb\u00e9m contou com a presen\u00e7a do [&hellip;]<\/p>\n","protected":false},"author":5,"featured_media":27643,"comment_status":"closed","ping_status":"open","sticky":false,"template":"","format":"standard","meta":{"_monsterinsights_skip_tracking":false,"_monsterinsights_sitenote_active":false,"_monsterinsights_sitenote_note":"","_monsterinsights_sitenote_category":0,"footnotes":""},"categories":[1],"tags":[],"class_list":["post-27642","post","type-post","status-publish","format-standard","has-post-thumbnail","hentry","category-sem-categoria"],"_links":{"self":[{"href":"https:\/\/pc.sc.gov.br\/index.php?rest_route=\/wp\/v2\/posts\/27642","targetHints":{"allow":["GET"]}}],"collection":[{"href":"https:\/\/pc.sc.gov.br\/index.php?rest_route=\/wp\/v2\/posts"}],"about":[{"href":"https:\/\/pc.sc.gov.br\/index.php?rest_route=\/wp\/v2\/types\/post"}],"author":[{"embeddable":true,"href":"https:\/\/pc.sc.gov.br\/index.php?rest_route=\/wp\/v2\/users\/5"}],"replies":[{"embeddable":true,"href":"https:\/\/pc.sc.gov.br\/index.php?rest_route=%2Fwp%2Fv2%2Fcomments&post=27642"}],"version-history":[{"count":3,"href":"https:\/\/pc.sc.gov.br\/index.php?rest_route=\/wp\/v2\/posts\/27642\/revisions"}],"predecessor-version":[{"id":27647,"href":"https:\/\/pc.sc.gov.br\/index.php?rest_route=\/wp\/v2\/posts\/27642\/revisions\/27647"}],"wp:featuredmedia":[{"embeddable":true,"href":"https:\/\/pc.sc.gov.br\/index.php?rest_route=\/wp\/v2\/media\/27643"}],"wp:attachment":[{"href":"https:\/\/pc.sc.gov.br\/index.php?rest_route=%2Fwp%2Fv2%2Fmedia&parent=27642"}],"wp:term":[{"taxonomy":"category","embeddable":true,"href":"https:\/\/pc.sc.gov.br\/index.php?rest_route=%2Fwp%2Fv2%2Fcategories&post=27642"},{"taxonomy":"post_tag","embeddable":true,"href":"https:\/\/pc.sc.gov.br\/index.php?rest_route=%2Fwp%2Fv2%2Ftags&post=27642"}],"curies":[{"name":"wp","href":"https:\/\/api.w.org\/{rel}","templated":true}]}}