{"id":27648,"date":"2025-03-21T16:38:48","date_gmt":"2025-03-21T19:38:48","guid":{"rendered":"https:\/\/pc.sc.gov.br\/?p=27648"},"modified":"2025-03-21T16:53:41","modified_gmt":"2025-03-21T19:53:41","slug":"operacao-praias-limpas-drp-de-laguna-realiza-acao-ambiental-na-praia-do-mar-grosso","status":"publish","type":"post","link":"https:\/\/pc.sc.gov.br\/?p=27648","title":{"rendered":"Opera\u00e7\u00e3o Praias Limpas: DRP de Laguna realiza a\u00e7\u00e3o ambiental na Praia do Mar Grosso"},"content":{"rendered":"\t\t<div data-elementor-type=\"wp-post\" data-elementor-id=\"27648\" class=\"elementor elementor-27648\" data-elementor-post-type=\"post\">\n\t\t\t\t\t\t<section class=\"elementor-section elementor-top-section elementor-element elementor-element-f11fba6 elementor-section-boxed elementor-section-height-default elementor-section-height-default\" data-id=\"f11fba6\" data-element_type=\"section\">\n\t\t\t\t\t\t<div class=\"elementor-container elementor-column-gap-default\">\n\t\t\t\t\t<div class=\"elementor-column elementor-col-100 elementor-top-column elementor-element elementor-element-e4c6a46\" data-id=\"e4c6a46\" data-element_type=\"column\">\n\t\t\t<div class=\"elementor-widget-wrap elementor-element-populated\">\n\t\t\t\t\t\t<div class=\"elementor-element elementor-element-b98ef5b elementor-widget elementor-widget-heading\" data-id=\"b98ef5b\" data-element_type=\"widget\" data-widget_type=\"heading.default\">\n\t\t\t\t<div class=\"elementor-widget-container\">\n\t\t\t\t\t<h2 class=\"elementor-heading-title elementor-size-default\">Opera\u00e7\u00e3o Praias Limpas: DRP de Laguna realiza a\u00e7\u00e3o ambiental na Praia do Mar Grosso<\/h2>\t\t\t\t<\/div>\n\t\t\t\t<\/div>\n\t\t\t\t\t<\/div>\n\t\t<\/div>\n\t\t\t\t\t<\/div>\n\t\t<\/section>\n\t\t\t\t<section class=\"elementor-section elementor-top-section elementor-element elementor-element-0b081cc elementor-section-boxed elementor-section-height-default elementor-section-height-default\" data-id=\"0b081cc\" data-element_type=\"section\">\n\t\t\t\t\t\t<div class=\"elementor-container elementor-column-gap-default\">\n\t\t\t\t\t<div class=\"elementor-column elementor-col-100 elementor-top-column elementor-element elementor-element-d384f81\" data-id=\"d384f81\" data-element_type=\"column\">\n\t\t\t<div class=\"elementor-widget-wrap elementor-element-populated\">\n\t\t\t\t\t\t<div class=\"elementor-element elementor-element-e8f35f1 elementor-widget elementor-widget-image\" data-id=\"e8f35f1\" data-element_type=\"widget\" data-widget_type=\"image.default\">\n\t\t\t\t<div class=\"elementor-widget-container\">\n\t\t\t\t\t\t\t\t\t\t\t\t\t\t\t<img fetchpriority=\"high\" decoding=\"async\" width=\"696\" height=\"392\" src=\"https:\/\/pc.sc.gov.br\/\/wp-content\/uploads\/2025\/03\/Imagem-do-WhatsApp-de-2025-03-20-as-21.04.54_cddfb513-1024x576.jpg\" class=\"attachment-large size-large wp-image-27654\" alt=\"\" srcset=\"https:\/\/pc.sc.gov.br\/\/wp-content\/uploads\/2025\/03\/Imagem-do-WhatsApp-de-2025-03-20-as-21.04.54_cddfb513-1024x576.jpg 1024w, https:\/\/pc.sc.gov.br\/\/wp-content\/uploads\/2025\/03\/Imagem-do-WhatsApp-de-2025-03-20-as-21.04.54_cddfb513-300x169.jpg 300w, https:\/\/pc.sc.gov.br\/\/wp-content\/uploads\/2025\/03\/Imagem-do-WhatsApp-de-2025-03-20-as-21.04.54_cddfb513-768x432.jpg 768w, https:\/\/pc.sc.gov.br\/\/wp-content\/uploads\/2025\/03\/Imagem-do-WhatsApp-de-2025-03-20-as-21.04.54_cddfb513.jpg 1280w\" sizes=\"(max-width: 696px) 100vw, 696px\" \/>\t\t\t\t\t\t\t\t\t\t\t\t\t\t\t<\/div>\n\t\t\t\t<\/div>\n\t\t\t\t\t<\/div>\n\t\t<\/div>\n\t\t\t\t\t<\/div>\n\t\t<\/section>\n\t\t\t\t<section class=\"elementor-section elementor-top-section elementor-element elementor-element-bc1910b elementor-section-boxed elementor-section-height-default elementor-section-height-default\" data-id=\"bc1910b\" data-element_type=\"section\">\n\t\t\t\t\t\t<div class=\"elementor-container elementor-column-gap-default\">\n\t\t\t\t\t<div class=\"elementor-column elementor-col-100 elementor-top-column elementor-element elementor-element-122d927\" data-id=\"122d927\" data-element_type=\"column\">\n\t\t\t<div class=\"elementor-widget-wrap elementor-element-populated\">\n\t\t\t\t\t\t<div class=\"elementor-element elementor-element-c428367 elementor-widget elementor-widget-text-editor\" data-id=\"c428367\" data-element_type=\"widget\" data-widget_type=\"text-editor.default\">\n\t\t\t\t<div class=\"elementor-widget-container\">\n\t\t\t\t\t\t\t\t\t<p>A Pol\u00edcia Civil de Santa Catarina, por meio da Delegacia Regional de Pol\u00edcia (DRP) de Laguna realizou nesta quinta-feira (20) a terceira edi\u00e7\u00e3o da opera\u00e7\u00e3o Praias Limpas. O objetivo da a\u00e7\u00e3o \u00e9, al\u00e9m de recolher o lixo \u201cinvis\u00edvel\u201d da praia, promover a conscientiza\u00e7\u00e3o de volunt\u00e1rios e frequentadores sobre a import\u00e2ncia de dar o destino correto para os res\u00edduos s\u00f3lidos. A a\u00e7\u00e3o j\u00e1 foi realizada em Itapema, em Florian\u00f3polis.<\/p><p>Durante o evento, policiais civis que atuam em Laguna uniram esfor\u00e7os com a prefeitura e demais associa\u00e7\u00f5es do munic\u00edpio e recolheram diversos materiais como pl\u00e1sticos, metal e bitucas de cigarro entre outros res\u00edduos encontrados na areia.<\/p>\t\t\t\t\t\t\t\t<\/div>\n\t\t\t\t<\/div>\n\t\t\t\t\t<\/div>\n\t\t<\/div>\n\t\t\t\t\t<\/div>\n\t\t<\/section>\n\t\t\t\t<\/div>\n\t\t","protected":false},"excerpt":{"rendered":"<p>Opera\u00e7\u00e3o Praias Limpas: DRP de Laguna realiza a\u00e7\u00e3o ambiental na Praia do Mar Grosso A Pol\u00edcia Civil de Santa Catarina, por meio da Delegacia Regional de Pol\u00edcia (DRP) de Laguna realizou nesta quinta-feira (20) a terceira edi\u00e7\u00e3o da opera\u00e7\u00e3o Praias Limpas. O objetivo da a\u00e7\u00e3o \u00e9, al\u00e9m de recolher o lixo \u201cinvis\u00edvel\u201d da praia, promover [&hellip;]<\/p>\n","protected":false},"author":5,"featured_media":27654,"comment_status":"closed","ping_status":"open","sticky":false,"template":"","format":"standard","meta":{"_monsterinsights_skip_tracking":false,"_monsterinsights_sitenote_active":false,"_monsterinsights_sitenote_note":"","_monsterinsights_sitenote_category":0,"footnotes":""},"categories":[1],"tags":[],"class_list":["post-27648","post","type-post","status-publish","format-standard","has-post-thumbnail","hentry","category-sem-categoria"],"_links":{"self":[{"href":"https:\/\/pc.sc.gov.br\/index.php?rest_route=\/wp\/v2\/posts\/27648","targetHints":{"allow":["GET"]}}],"collection":[{"href":"https:\/\/pc.sc.gov.br\/index.php?rest_route=\/wp\/v2\/posts"}],"about":[{"href":"https:\/\/pc.sc.gov.br\/index.php?rest_route=\/wp\/v2\/types\/post"}],"author":[{"embeddable":true,"href":"https:\/\/pc.sc.gov.br\/index.php?rest_route=\/wp\/v2\/users\/5"}],"replies":[{"embeddable":true,"href":"https:\/\/pc.sc.gov.br\/index.php?rest_route=%2Fwp%2Fv2%2Fcomments&post=27648"}],"version-history":[{"count":7,"href":"https:\/\/pc.sc.gov.br\/index.php?rest_route=\/wp\/v2\/posts\/27648\/revisions"}],"predecessor-version":[{"id":27657,"href":"https:\/\/pc.sc.gov.br\/index.php?rest_route=\/wp\/v2\/posts\/27648\/revisions\/27657"}],"wp:featuredmedia":[{"embeddable":true,"href":"https:\/\/pc.sc.gov.br\/index.php?rest_route=\/wp\/v2\/media\/27654"}],"wp:attachment":[{"href":"https:\/\/pc.sc.gov.br\/index.php?rest_route=%2Fwp%2Fv2%2Fmedia&parent=27648"}],"wp:term":[{"taxonomy":"category","embeddable":true,"href":"https:\/\/pc.sc.gov.br\/index.php?rest_route=%2Fwp%2Fv2%2Fcategories&post=27648"},{"taxonomy":"post_tag","embeddable":true,"href":"https:\/\/pc.sc.gov.br\/index.php?rest_route=%2Fwp%2Fv2%2Ftags&post=27648"}],"curies":[{"name":"wp","href":"https:\/\/api.w.org\/{rel}","templated":true}]}}