{"id":27663,"date":"2025-03-21T17:46:30","date_gmt":"2025-03-21T20:46:30","guid":{"rendered":"https:\/\/pc.sc.gov.br\/?p=27663"},"modified":"2025-03-21T17:47:38","modified_gmt":"2025-03-21T20:47:38","slug":"operacao-toca-do-urso-acao-conjunta-da-pcsc-e-pmsc-resulta-na-prisao-de-dois-investigados-por-trafico-de-drogas-em-jaguaruna-e-sangao","status":"publish","type":"post","link":"https:\/\/pc.sc.gov.br\/?p=27663","title":{"rendered":"Opera\u00e7\u00e3o \u201cToca do Urso\u201d: a\u00e7\u00e3o conjunta da PCSC e PMSC resulta na pris\u00e3o de dois investigados por tr\u00e1fico de drogas em Jaguaruna e Sang\u00e3o"},"content":{"rendered":"\t\t<div data-elementor-type=\"wp-post\" data-elementor-id=\"27663\" class=\"elementor elementor-27663\" data-elementor-post-type=\"post\">\n\t\t\t\t\t\t<section class=\"elementor-section elementor-top-section elementor-element elementor-element-bf9e317 elementor-section-boxed elementor-section-height-default elementor-section-height-default\" data-id=\"bf9e317\" data-element_type=\"section\">\n\t\t\t\t\t\t<div class=\"elementor-container elementor-column-gap-default\">\n\t\t\t\t\t<div class=\"elementor-column elementor-col-100 elementor-top-column elementor-element elementor-element-a821b10\" data-id=\"a821b10\" data-element_type=\"column\">\n\t\t\t<div class=\"elementor-widget-wrap elementor-element-populated\">\n\t\t\t\t\t\t<div class=\"elementor-element elementor-element-7b3c828 elementor-widget elementor-widget-heading\" data-id=\"7b3c828\" data-element_type=\"widget\" data-widget_type=\"heading.default\">\n\t\t\t\t<div class=\"elementor-widget-container\">\n\t\t\t\t\t<h2 class=\"elementor-heading-title elementor-size-default\">Opera\u00e7\u00e3o \u201cToca do Urso\u201d: a\u00e7\u00e3o conjunta da PCSC e PMSC resulta na pris\u00e3o de dois investigados por tr\u00e1fico de drogas em Jaguaruna e Sang\u00e3o<\/h2>\t\t\t\t<\/div>\n\t\t\t\t<\/div>\n\t\t\t\t\t<\/div>\n\t\t<\/div>\n\t\t\t\t\t<\/div>\n\t\t<\/section>\n\t\t\t\t<section class=\"elementor-section elementor-top-section elementor-element elementor-element-0cd9fe9 elementor-section-boxed elementor-section-height-default elementor-section-height-default\" data-id=\"0cd9fe9\" data-element_type=\"section\">\n\t\t\t\t\t\t<div class=\"elementor-container elementor-column-gap-default\">\n\t\t\t\t\t<div class=\"elementor-column elementor-col-100 elementor-top-column elementor-element elementor-element-97ab2d4\" data-id=\"97ab2d4\" data-element_type=\"column\">\n\t\t\t<div class=\"elementor-widget-wrap elementor-element-populated\">\n\t\t\t\t\t\t<div class=\"elementor-element elementor-element-01c030a elementor-widget elementor-widget-image\" data-id=\"01c030a\" data-element_type=\"widget\" data-widget_type=\"image.default\">\n\t\t\t\t<div class=\"elementor-widget-container\">\n\t\t\t\t\t\t\t\t\t\t\t\t\t\t\t<img fetchpriority=\"high\" decoding=\"async\" width=\"696\" height=\"696\" src=\"https:\/\/pc.sc.gov.br\/\/wp-content\/uploads\/2025\/03\/WhatsApp-Image-2025-03-20-at-21.32.58-1-1024x1024.jpeg\" class=\"attachment-large size-large wp-image-27659\" alt=\"\" srcset=\"https:\/\/pc.sc.gov.br\/\/wp-content\/uploads\/2025\/03\/WhatsApp-Image-2025-03-20-at-21.32.58-1-1024x1024.jpeg 1024w, https:\/\/pc.sc.gov.br\/\/wp-content\/uploads\/2025\/03\/WhatsApp-Image-2025-03-20-at-21.32.58-1-300x300.jpeg 300w, https:\/\/pc.sc.gov.br\/\/wp-content\/uploads\/2025\/03\/WhatsApp-Image-2025-03-20-at-21.32.58-1-150x150.jpeg 150w, https:\/\/pc.sc.gov.br\/\/wp-content\/uploads\/2025\/03\/WhatsApp-Image-2025-03-20-at-21.32.58-1-768x768.jpeg 768w, https:\/\/pc.sc.gov.br\/\/wp-content\/uploads\/2025\/03\/WhatsApp-Image-2025-03-20-at-21.32.58-1.jpeg 1496w\" sizes=\"(max-width: 696px) 100vw, 696px\" \/>\t\t\t\t\t\t\t\t\t\t\t\t\t\t\t<\/div>\n\t\t\t\t<\/div>\n\t\t\t\t\t<\/div>\n\t\t<\/div>\n\t\t\t\t\t<\/div>\n\t\t<\/section>\n\t\t\t\t<section class=\"elementor-section elementor-top-section elementor-element elementor-element-22374d2 elementor-section-boxed elementor-section-height-default elementor-section-height-default\" data-id=\"22374d2\" data-element_type=\"section\">\n\t\t\t\t\t\t<div class=\"elementor-container elementor-column-gap-default\">\n\t\t\t\t\t<div class=\"elementor-column elementor-col-100 elementor-top-column elementor-element elementor-element-6249497\" data-id=\"6249497\" data-element_type=\"column\">\n\t\t\t<div class=\"elementor-widget-wrap elementor-element-populated\">\n\t\t\t\t\t\t<div class=\"elementor-element elementor-element-e978c3d elementor-widget elementor-widget-text-editor\" data-id=\"e978c3d\" data-element_type=\"widget\" data-widget_type=\"text-editor.default\">\n\t\t\t\t<div class=\"elementor-widget-container\">\n\t\t\t\t\t\t\t\t\t<p><span style=\"font-family: var( --e-global-typography-text-font-family ), Sans-serif; font-size: var( --e-global-typography-text-font-size );\">A<\/span><span style=\"font-family: var( --e-global-typography-text-font-family ), Sans-serif; font-size: var( --e-global-typography-text-font-size );\">s Pol\u00edcias Civil e Militar de Santa Catarina deflagraram na quinta-feira (20) a \u201cOpera\u00e7\u00e3o Toca do Urso\u201d, em uma investiga\u00e7\u00e3o que apura a pr\u00e1tica <\/span><span style=\"font-family: var( --e-global-typography-text-font-family ), Sans-serif; font-size: var( --e-global-typography-text-font-size );\">do crime de tr\u00e1fico de drogas nos munic\u00edpios de Jaguaruna e Sang\u00e3o, para o cumprimento de tr\u00eas mandados de busca e apreens\u00e3o domiciliar, expedidos pelo Ju\u00edzo da 2\u00aa Vara da Comarca de Jaguaruna, ap\u00f3s parecer favor\u00e1vel do Minist\u00e9rio P\u00fablico.<\/span><\/p>\n<p>Em uma resid\u00eancia localizada no Bairro Paulo Cruz, em Jaguaruna, foram apreendidos aproximadamente 300g de maconha, divididos em diversas por\u00e7\u00f5es, 17 pinos de coca\u00edna, outras 71 por\u00e7\u00f5es de coca\u00edna, 287 por\u00e7\u00f5es de crack, R$ 847,00 em esp\u00e9cie, al\u00e9m de apetrechos utilizados no preparo e na pesagem dos entorpecentes. Um homem foi preso em flagrante e tr\u00eas adolescentes apreendidos.&nbsp;<\/p>\n<p>J\u00e1 em uma casa utilizada como ponto de tr\u00e1fico de drogas, situada na localidade conhecida como Vila Paran\u00e1, no munic\u00edpio de Sang\u00e3o, \u00e0s margens da linha f\u00e9rrea, foram apreendidos aproximadamente 1,7kg de maconha e 150 por\u00e7\u00f5es de coca\u00edna, al\u00e9m de itens utilizados na pesagem e no acondicionamento dos entorpecentes. Um homem foi preso em flagrante.<\/p>\n<p>A opera\u00e7\u00e3o \u201cToca do Urso\u201d contou com a participa\u00e7\u00e3o de policiais das Delegacias de Pol\u00edcia Civil de Jaguaruna e Sang\u00e3o, Pelot\u00e3o de Pol\u00edcia Militar de Jaguaruna, Pelot\u00e3o de Patrulhamento T\u00e1tico e Canil Setorial da Pol\u00edcia Militar de Tubar\u00e3o, e N\u00facleo de Opera\u00e7\u00f5es com C\u00e3es da Pol\u00edcia Civil.<\/p>\n<p>Os dois presos em flagrante foram encaminhados ao Pres\u00eddio Regional de Tubar\u00e3o, onde permanecer\u00e3o \u00e0 disposi\u00e7\u00e3o da Justi\u00e7a.<\/p>\n<div>&nbsp;<\/div>\t\t\t\t\t\t\t\t<\/div>\n\t\t\t\t<\/div>\n\t\t\t\t\t<\/div>\n\t\t<\/div>\n\t\t\t\t\t<\/div>\n\t\t<\/section>\n\t\t\t\t<\/div>\n\t\t","protected":false},"excerpt":{"rendered":"<p>Opera\u00e7\u00e3o \u201cToca do Urso\u201d: a\u00e7\u00e3o conjunta da PCSC e PMSC resulta na pris\u00e3o de dois investigados por tr\u00e1fico de drogas em Jaguaruna e Sang\u00e3o As Pol\u00edcias Civil e Militar de Santa Catarina deflagraram na quinta-feira (20) a \u201cOpera\u00e7\u00e3o Toca do Urso\u201d, em uma investiga\u00e7\u00e3o que apura a pr\u00e1tica do crime de tr\u00e1fico de drogas nos [&hellip;]<\/p>\n","protected":false},"author":5,"featured_media":27659,"comment_status":"closed","ping_status":"open","sticky":false,"template":"","format":"standard","meta":{"_monsterinsights_skip_tracking":false,"_monsterinsights_sitenote_active":false,"_monsterinsights_sitenote_note":"","_monsterinsights_sitenote_category":0,"footnotes":""},"categories":[1],"tags":[],"class_list":["post-27663","post","type-post","status-publish","format-standard","has-post-thumbnail","hentry","category-sem-categoria"],"_links":{"self":[{"href":"https:\/\/pc.sc.gov.br\/index.php?rest_route=\/wp\/v2\/posts\/27663","targetHints":{"allow":["GET"]}}],"collection":[{"href":"https:\/\/pc.sc.gov.br\/index.php?rest_route=\/wp\/v2\/posts"}],"about":[{"href":"https:\/\/pc.sc.gov.br\/index.php?rest_route=\/wp\/v2\/types\/post"}],"author":[{"embeddable":true,"href":"https:\/\/pc.sc.gov.br\/index.php?rest_route=\/wp\/v2\/users\/5"}],"replies":[{"embeddable":true,"href":"https:\/\/pc.sc.gov.br\/index.php?rest_route=%2Fwp%2Fv2%2Fcomments&post=27663"}],"version-history":[{"count":4,"href":"https:\/\/pc.sc.gov.br\/index.php?rest_route=\/wp\/v2\/posts\/27663\/revisions"}],"predecessor-version":[{"id":27667,"href":"https:\/\/pc.sc.gov.br\/index.php?rest_route=\/wp\/v2\/posts\/27663\/revisions\/27667"}],"wp:featuredmedia":[{"embeddable":true,"href":"https:\/\/pc.sc.gov.br\/index.php?rest_route=\/wp\/v2\/media\/27659"}],"wp:attachment":[{"href":"https:\/\/pc.sc.gov.br\/index.php?rest_route=%2Fwp%2Fv2%2Fmedia&parent=27663"}],"wp:term":[{"taxonomy":"category","embeddable":true,"href":"https:\/\/pc.sc.gov.br\/index.php?rest_route=%2Fwp%2Fv2%2Fcategories&post=27663"},{"taxonomy":"post_tag","embeddable":true,"href":"https:\/\/pc.sc.gov.br\/index.php?rest_route=%2Fwp%2Fv2%2Ftags&post=27663"}],"curies":[{"name":"wp","href":"https:\/\/api.w.org\/{rel}","templated":true}]}}