{"id":27683,"date":"2025-03-24T15:04:08","date_gmt":"2025-03-24T18:04:08","guid":{"rendered":"https:\/\/pc.sc.gov.br\/?p=27683"},"modified":"2025-03-24T15:04:54","modified_gmt":"2025-03-24T18:04:54","slug":"policia-civil-deflagra-2a-fase-da-operacao-cambio-fantasma-e-prende-investigado-em-sao-paulo","status":"publish","type":"post","link":"https:\/\/pc.sc.gov.br\/?p=27683","title":{"rendered":"Pol\u00edcia Civil deflagra 2\u00aa fase da opera\u00e7\u00e3o \u201cC\u00e2mbio Fantasma\u201d e prende investigado em S\u00e3o Paulo"},"content":{"rendered":"\t\t<div data-elementor-type=\"wp-post\" data-elementor-id=\"27683\" class=\"elementor elementor-27683\" data-elementor-post-type=\"post\">\n\t\t\t\t\t\t<section class=\"elementor-section elementor-top-section elementor-element elementor-element-a24df67 elementor-section-boxed elementor-section-height-default elementor-section-height-default\" data-id=\"a24df67\" data-element_type=\"section\">\n\t\t\t\t\t\t<div class=\"elementor-container elementor-column-gap-default\">\n\t\t\t\t\t<div class=\"elementor-column elementor-col-100 elementor-top-column elementor-element elementor-element-02de0c5\" data-id=\"02de0c5\" data-element_type=\"column\">\n\t\t\t<div class=\"elementor-widget-wrap elementor-element-populated\">\n\t\t\t\t\t\t<div class=\"elementor-element elementor-element-647267e elementor-widget elementor-widget-heading\" data-id=\"647267e\" data-element_type=\"widget\" data-widget_type=\"heading.default\">\n\t\t\t\t<div class=\"elementor-widget-container\">\n\t\t\t\t\t<h2 class=\"elementor-heading-title elementor-size-default\">Pol\u00edcia Civil deflagra 2\u00aa fase da opera\u00e7\u00e3o \u201cC\u00e2mbio Fantasma\u201d e prende investigado em S\u00e3o Paulo <\/h2>\t\t\t\t<\/div>\n\t\t\t\t<\/div>\n\t\t\t\t\t<\/div>\n\t\t<\/div>\n\t\t\t\t\t<\/div>\n\t\t<\/section>\n\t\t\t\t<section class=\"elementor-section elementor-top-section elementor-element elementor-element-20fdef4 elementor-section-boxed elementor-section-height-default elementor-section-height-default\" data-id=\"20fdef4\" data-element_type=\"section\">\n\t\t\t\t\t\t<div class=\"elementor-container elementor-column-gap-default\">\n\t\t\t\t\t<div class=\"elementor-column elementor-col-100 elementor-top-column elementor-element elementor-element-36adbbe\" data-id=\"36adbbe\" data-element_type=\"column\">\n\t\t\t<div class=\"elementor-widget-wrap elementor-element-populated\">\n\t\t\t\t\t\t<div class=\"elementor-element elementor-element-e9ab6be elementor-widget elementor-widget-image\" data-id=\"e9ab6be\" data-element_type=\"widget\" data-widget_type=\"image.default\">\n\t\t\t\t<div class=\"elementor-widget-container\">\n\t\t\t\t\t\t\t\t\t\t\t\t\t\t\t<img fetchpriority=\"high\" decoding=\"async\" width=\"696\" height=\"517\" src=\"https:\/\/pc.sc.gov.br\/\/wp-content\/uploads\/2023\/06\/DEIC-PAREDE-1.jpeg\" class=\"attachment-large size-large wp-image-10917\" alt=\"\" srcset=\"https:\/\/pc.sc.gov.br\/\/wp-content\/uploads\/2023\/06\/DEIC-PAREDE-1.jpeg 1024w, https:\/\/pc.sc.gov.br\/\/wp-content\/uploads\/2023\/06\/DEIC-PAREDE-1-300x223.jpeg 300w, https:\/\/pc.sc.gov.br\/\/wp-content\/uploads\/2023\/06\/DEIC-PAREDE-1-768x571.jpeg 768w\" sizes=\"(max-width: 696px) 100vw, 696px\" \/>\t\t\t\t\t\t\t\t\t\t\t\t\t\t\t<\/div>\n\t\t\t\t<\/div>\n\t\t\t\t<div class=\"elementor-element elementor-element-582b307 elementor-widget elementor-widget-text-editor\" data-id=\"582b307\" data-element_type=\"widget\" data-widget_type=\"text-editor.default\">\n\t\t\t\t<div class=\"elementor-widget-container\">\n\t\t\t\t\t\t\t\t\t<p>Nesta segunda-feira (24\/03), a Pol\u00edcia Civil de Santa Catarina, por meio da Delegacia de Defrauda\u00e7\u00f5es da DEIC, com apoio da Delegacia de Roubos e Antisequestro da DEIC e da Pol\u00edcia Civil de S\u00e3o Paulo, deflagrou a 2\u00aa fase da opera\u00e7\u00e3o \u201cC\u00e2mbio Fantasma\u201d e cumpriu mandado de pris\u00e3o preventiva em desfavor do investigado na cidade de S\u00e3o Paulo\/SP.<\/p><p>A v\u00edtima foi apresentada ao investigado, o qual se comprometeu a vender d\u00f3lares ao c\u00e2mbio final de R$ 5,10 por d\u00f3lar. Diante do pre\u00e7o ofertado, a v\u00edtima transferiu R$ 408.000,00 para a compra de U$ 80.000,00. Ap\u00f3s o investigado receber os valores da v\u00edtima, essa foi bloqueada nos aplicativos de mensagem e o investigado no dia seguinte parou de usar o n\u00famero de telefone utilizado para negociar com a v\u00edtima.<\/p><p>Diante os fatos, foi instaurado inqu\u00e9rito policial para a apura\u00e7\u00e3o de crime de estelionato, sendo o mesmo conclu\u00eddo com o indiciamento do investigado, o qual teve sua pris\u00e3o preventiva deferida, uma vez que estava se evadindo do local dos fatos, n\u00e3o sendo encontrado em nenhum de seus endere\u00e7os.<\/p><p>Ap\u00f3s o interrogat\u00f3rio do investigado, este ser\u00e1 encaminhado ao Sistema Prisional de S\u00e3o Paulo, onde permanecer\u00e1 \u00e0 disposi\u00e7\u00e3o da Justi\u00e7a.<\/p>\t\t\t\t\t\t\t\t<\/div>\n\t\t\t\t<\/div>\n\t\t\t\t\t<\/div>\n\t\t<\/div>\n\t\t\t\t\t<\/div>\n\t\t<\/section>\n\t\t\t\t<\/div>\n\t\t","protected":false},"excerpt":{"rendered":"<p>Pol\u00edcia Civil deflagra 2\u00aa fase da opera\u00e7\u00e3o \u201cC\u00e2mbio Fantasma\u201d e prende investigado em S\u00e3o Paulo Nesta segunda-feira (24\/03), a Pol\u00edcia Civil de Santa Catarina, por meio da Delegacia de Defrauda\u00e7\u00f5es da DEIC, com apoio da Delegacia de Roubos e Antisequestro da DEIC e da Pol\u00edcia Civil de S\u00e3o Paulo, deflagrou a 2\u00aa fase da opera\u00e7\u00e3o [&hellip;]<\/p>\n","protected":false},"author":5,"featured_media":10917,"comment_status":"closed","ping_status":"open","sticky":false,"template":"","format":"standard","meta":{"_monsterinsights_skip_tracking":false,"_monsterinsights_sitenote_active":false,"_monsterinsights_sitenote_note":"","_monsterinsights_sitenote_category":0,"footnotes":""},"categories":[1],"tags":[],"class_list":["post-27683","post","type-post","status-publish","format-standard","has-post-thumbnail","hentry","category-sem-categoria"],"_links":{"self":[{"href":"https:\/\/pc.sc.gov.br\/index.php?rest_route=\/wp\/v2\/posts\/27683","targetHints":{"allow":["GET"]}}],"collection":[{"href":"https:\/\/pc.sc.gov.br\/index.php?rest_route=\/wp\/v2\/posts"}],"about":[{"href":"https:\/\/pc.sc.gov.br\/index.php?rest_route=\/wp\/v2\/types\/post"}],"author":[{"embeddable":true,"href":"https:\/\/pc.sc.gov.br\/index.php?rest_route=\/wp\/v2\/users\/5"}],"replies":[{"embeddable":true,"href":"https:\/\/pc.sc.gov.br\/index.php?rest_route=%2Fwp%2Fv2%2Fcomments&post=27683"}],"version-history":[{"count":4,"href":"https:\/\/pc.sc.gov.br\/index.php?rest_route=\/wp\/v2\/posts\/27683\/revisions"}],"predecessor-version":[{"id":27687,"href":"https:\/\/pc.sc.gov.br\/index.php?rest_route=\/wp\/v2\/posts\/27683\/revisions\/27687"}],"wp:featuredmedia":[{"embeddable":true,"href":"https:\/\/pc.sc.gov.br\/index.php?rest_route=\/wp\/v2\/media\/10917"}],"wp:attachment":[{"href":"https:\/\/pc.sc.gov.br\/index.php?rest_route=%2Fwp%2Fv2%2Fmedia&parent=27683"}],"wp:term":[{"taxonomy":"category","embeddable":true,"href":"https:\/\/pc.sc.gov.br\/index.php?rest_route=%2Fwp%2Fv2%2Fcategories&post=27683"},{"taxonomy":"post_tag","embeddable":true,"href":"https:\/\/pc.sc.gov.br\/index.php?rest_route=%2Fwp%2Fv2%2Ftags&post=27683"}],"curies":[{"name":"wp","href":"https:\/\/api.w.org\/{rel}","templated":true}]}}