{"id":27688,"date":"2025-03-24T19:28:08","date_gmt":"2025-03-24T22:28:08","guid":{"rendered":"https:\/\/pc.sc.gov.br\/?p=27688"},"modified":"2025-03-24T19:28:38","modified_gmt":"2025-03-24T22:28:38","slug":"casal-e-preso-em-operacao-da-ficco-sc-por-envolvimento-com-trafico-de-drogas-na-rota-ponta-pora-ms-florianopolis-sc","status":"publish","type":"post","link":"https:\/\/pc.sc.gov.br\/?p=27688","title":{"rendered":"Casal \u00e9 preso em opera\u00e7\u00e3o da FICCO\/SC por envolvimento com tr\u00e1fico de drogas na rota Ponta Por\u00e3\/MS \u2013 Florian\u00f3polis\/SC"},"content":{"rendered":"\t\t<div data-elementor-type=\"wp-post\" data-elementor-id=\"27688\" class=\"elementor elementor-27688\" data-elementor-post-type=\"post\">\n\t\t\t\t\t\t<section class=\"elementor-section elementor-top-section elementor-element elementor-element-e101b16 elementor-section-boxed elementor-section-height-default elementor-section-height-default\" data-id=\"e101b16\" data-element_type=\"section\">\n\t\t\t\t\t\t<div class=\"elementor-container elementor-column-gap-default\">\n\t\t\t\t\t<div class=\"elementor-column elementor-col-100 elementor-top-column elementor-element elementor-element-c307979\" data-id=\"c307979\" data-element_type=\"column\">\n\t\t\t<div class=\"elementor-widget-wrap elementor-element-populated\">\n\t\t\t\t\t\t<div class=\"elementor-element elementor-element-cf3d9bd elementor-widget elementor-widget-heading\" data-id=\"cf3d9bd\" data-element_type=\"widget\" data-widget_type=\"heading.default\">\n\t\t\t\t<div class=\"elementor-widget-container\">\n\t\t\t\t\t<h2 class=\"elementor-heading-title elementor-size-default\">Casal \u00e9 preso em opera\u00e7\u00e3o da FICCO\/SC por envolvimento com tr\u00e1fico de drogas na rota Ponta Por\u00e3\/MS \u2013 Florian\u00f3polis\/SC<\/h2>\t\t\t\t<\/div>\n\t\t\t\t<\/div>\n\t\t\t\t\t<\/div>\n\t\t<\/div>\n\t\t\t\t\t<\/div>\n\t\t<\/section>\n\t\t\t\t<section class=\"elementor-section elementor-top-section elementor-element elementor-element-4a1056e elementor-section-boxed elementor-section-height-default elementor-section-height-default\" data-id=\"4a1056e\" data-element_type=\"section\">\n\t\t\t\t\t\t<div class=\"elementor-container elementor-column-gap-default\">\n\t\t\t\t\t<div class=\"elementor-column elementor-col-100 elementor-top-column elementor-element elementor-element-b636241\" data-id=\"b636241\" data-element_type=\"column\">\n\t\t\t<div class=\"elementor-widget-wrap elementor-element-populated\">\n\t\t\t\t\t\t<div class=\"elementor-element elementor-element-a63cd7c elementor-widget elementor-widget-text-editor\" data-id=\"a63cd7c\" data-element_type=\"widget\" data-widget_type=\"text-editor.default\">\n\t\t\t\t<div class=\"elementor-widget-container\">\n\t\t\t\t\t\t\t\t\t<p>A For\u00e7a Integrada de Combate ao Crime Organizado de Santa Catarina (FICCO\/SC), a qual policiais civis de Santa Catarina fazem parte, prendeu, nesta segunda-feira (24\/3), um casal envolvido com o tr\u00e1fico de drogas na rota Ponta Por\u00e3\/MS \u2013 Florian\u00f3polis\/SC. A pris\u00e3o ocorreu na resid\u00eancia do casal, localizada no bairro Canasvieiras, na capital catarinense.<\/p><p>A a\u00e7\u00e3o \u00e9 um desdobramento de uma opera\u00e7\u00e3o realizada em novembro de 2024, quando foram apreendidos 150 kg de maconha em posse de um suspeito que trafegava pela BR-101, no munic\u00edpio de Tijucas\/SC. A partir dessa ocorr\u00eancia, a FICCO\/SC intensificou as investiga\u00e7\u00f5es e identificou que o casal preso hoje atuou como batedor do ve\u00edculo que transportou a droga apreendida.<\/p><p>Na opera\u00e7\u00e3o de hoje, foram cumpridos mandados de busca e apreens\u00e3o e de pris\u00e3o preventiva expedidos pela Vara Regional de Garantias da Comarca de Balne\u00e1rio Cambori\u00fa. A pedido da Pol\u00edcia Federal a pris\u00e3o preventiva da mulher foi convertida em pris\u00e3o domiciliar, em raz\u00e3o de ela ter filhos menores de 12 anos. J\u00e1 o homem foi recolhido \u00e0 Penitenci\u00e1ria de Florian\u00f3polis, ap\u00f3s audi\u00eancia de cust\u00f3dia.<\/p><p>A Pol\u00edcia Federal instaurou um novo inqu\u00e9rito para aprofundar ainda mais as investiga\u00e7\u00f5es, visando identificar outros envolvidos com o tr\u00e1fico de drogas na Grande Florian\u00f3polis.<\/p><p>A FICCO\/SC \u00e9 uma for\u00e7a-tarefa composta pela Pol\u00edcia Federal, Pol\u00edcia Rodovi\u00e1ria Federal, Pol\u00edcia Civil e Pol\u00edcia Penal do estado de Santa Catarina, que atuam conjuntamente no combate ao crime organizado.<\/p>\t\t\t\t\t\t\t\t<\/div>\n\t\t\t\t<\/div>\n\t\t\t\t\t<\/div>\n\t\t<\/div>\n\t\t\t\t\t<\/div>\n\t\t<\/section>\n\t\t\t\t<\/div>\n\t\t","protected":false},"excerpt":{"rendered":"<p>Casal \u00e9 preso em opera\u00e7\u00e3o da FICCO\/SC por envolvimento com tr\u00e1fico de drogas na rota Ponta Por\u00e3\/MS \u2013 Florian\u00f3polis\/SC A For\u00e7a Integrada de Combate ao Crime Organizado de Santa Catarina (FICCO\/SC), a qual policiais civis de Santa Catarina fazem parte, prendeu, nesta segunda-feira (24\/3), um casal envolvido com o tr\u00e1fico de drogas na rota Ponta [&hellip;]<\/p>\n","protected":false},"author":5,"featured_media":9318,"comment_status":"closed","ping_status":"open","sticky":false,"template":"","format":"standard","meta":{"_monsterinsights_skip_tracking":false,"_monsterinsights_sitenote_active":false,"_monsterinsights_sitenote_note":"","_monsterinsights_sitenote_category":0,"footnotes":""},"categories":[1],"tags":[],"class_list":["post-27688","post","type-post","status-publish","format-standard","has-post-thumbnail","hentry","category-sem-categoria"],"_links":{"self":[{"href":"https:\/\/pc.sc.gov.br\/index.php?rest_route=\/wp\/v2\/posts\/27688","targetHints":{"allow":["GET"]}}],"collection":[{"href":"https:\/\/pc.sc.gov.br\/index.php?rest_route=\/wp\/v2\/posts"}],"about":[{"href":"https:\/\/pc.sc.gov.br\/index.php?rest_route=\/wp\/v2\/types\/post"}],"author":[{"embeddable":true,"href":"https:\/\/pc.sc.gov.br\/index.php?rest_route=\/wp\/v2\/users\/5"}],"replies":[{"embeddable":true,"href":"https:\/\/pc.sc.gov.br\/index.php?rest_route=%2Fwp%2Fv2%2Fcomments&post=27688"}],"version-history":[{"count":4,"href":"https:\/\/pc.sc.gov.br\/index.php?rest_route=\/wp\/v2\/posts\/27688\/revisions"}],"predecessor-version":[{"id":27692,"href":"https:\/\/pc.sc.gov.br\/index.php?rest_route=\/wp\/v2\/posts\/27688\/revisions\/27692"}],"wp:featuredmedia":[{"embeddable":true,"href":"https:\/\/pc.sc.gov.br\/index.php?rest_route=\/wp\/v2\/media\/9318"}],"wp:attachment":[{"href":"https:\/\/pc.sc.gov.br\/index.php?rest_route=%2Fwp%2Fv2%2Fmedia&parent=27688"}],"wp:term":[{"taxonomy":"category","embeddable":true,"href":"https:\/\/pc.sc.gov.br\/index.php?rest_route=%2Fwp%2Fv2%2Fcategories&post=27688"},{"taxonomy":"post_tag","embeddable":true,"href":"https:\/\/pc.sc.gov.br\/index.php?rest_route=%2Fwp%2Fv2%2Ftags&post=27688"}],"curies":[{"name":"wp","href":"https:\/\/api.w.org\/{rel}","templated":true}]}}