{"id":27693,"date":"2025-03-25T13:28:45","date_gmt":"2025-03-25T16:28:45","guid":{"rendered":"https:\/\/pc.sc.gov.br\/?p=27693"},"modified":"2025-03-25T13:29:18","modified_gmt":"2025-03-25T16:29:18","slug":"draco-deic-deflagra-operacao-na-grande-florianopolis-e-no-do-rio-grande-do-sul-contra-o-crime-organizado","status":"publish","type":"post","link":"https:\/\/pc.sc.gov.br\/?p=27693","title":{"rendered":"DRACO\/DEIC deflagra opera\u00e7\u00e3o na Grande Florian\u00f3polis e no do Rio Grande do Sul contra o crime organizado"},"content":{"rendered":"\t\t<div data-elementor-type=\"wp-post\" data-elementor-id=\"27693\" class=\"elementor elementor-27693\" data-elementor-post-type=\"post\">\n\t\t\t\t\t\t<section class=\"elementor-section elementor-top-section elementor-element elementor-element-e91bf5a elementor-section-boxed elementor-section-height-default elementor-section-height-default\" data-id=\"e91bf5a\" data-element_type=\"section\">\n\t\t\t\t\t\t<div class=\"elementor-container elementor-column-gap-default\">\n\t\t\t\t\t<div class=\"elementor-column elementor-col-100 elementor-top-column elementor-element elementor-element-c25c016\" data-id=\"c25c016\" data-element_type=\"column\">\n\t\t\t<div class=\"elementor-widget-wrap elementor-element-populated\">\n\t\t\t\t\t\t<div class=\"elementor-element elementor-element-9e8a1f2 elementor-widget elementor-widget-heading\" data-id=\"9e8a1f2\" data-element_type=\"widget\" data-widget_type=\"heading.default\">\n\t\t\t\t<div class=\"elementor-widget-container\">\n\t\t\t\t\t<h2 class=\"elementor-heading-title elementor-size-default\">DRACO\/DEIC deflagra opera\u00e7\u00e3o na Grande Florian\u00f3polis e no do Rio Grande do Sul contra o crime organizado<\/h2>\t\t\t\t<\/div>\n\t\t\t\t<\/div>\n\t\t\t\t\t<\/div>\n\t\t<\/div>\n\t\t\t\t\t<\/div>\n\t\t<\/section>\n\t\t\t\t<section class=\"elementor-section elementor-top-section elementor-element elementor-element-ab09f42 elementor-section-boxed elementor-section-height-default elementor-section-height-default\" data-id=\"ab09f42\" data-element_type=\"section\">\n\t\t\t\t\t\t<div class=\"elementor-container elementor-column-gap-default\">\n\t\t\t\t\t<div class=\"elementor-column elementor-col-100 elementor-top-column elementor-element elementor-element-4ecbc78\" data-id=\"4ecbc78\" data-element_type=\"column\">\n\t\t\t<div class=\"elementor-widget-wrap elementor-element-populated\">\n\t\t\t\t\t\t<div class=\"elementor-element elementor-element-6ceec4e elementor-widget elementor-widget-image\" data-id=\"6ceec4e\" data-element_type=\"widget\" data-widget_type=\"image.default\">\n\t\t\t\t<div class=\"elementor-widget-container\">\n\t\t\t\t\t\t\t\t\t\t\t\t\t\t\t<img fetchpriority=\"high\" decoding=\"async\" width=\"576\" height=\"1024\" src=\"https:\/\/pc.sc.gov.br\/\/wp-content\/uploads\/2025\/03\/WhatsApp-Image-2025-03-25-at-08.52.40-576x1024.jpeg\" class=\"attachment-large size-large wp-image-27694\" alt=\"\" srcset=\"https:\/\/pc.sc.gov.br\/\/wp-content\/uploads\/2025\/03\/WhatsApp-Image-2025-03-25-at-08.52.40-576x1024.jpeg 576w, https:\/\/pc.sc.gov.br\/\/wp-content\/uploads\/2025\/03\/WhatsApp-Image-2025-03-25-at-08.52.40-169x300.jpeg 169w, https:\/\/pc.sc.gov.br\/\/wp-content\/uploads\/2025\/03\/WhatsApp-Image-2025-03-25-at-08.52.40.jpeg 720w\" sizes=\"(max-width: 576px) 100vw, 576px\" \/>\t\t\t\t\t\t\t\t\t\t\t\t\t\t\t<\/div>\n\t\t\t\t<\/div>\n\t\t\t\t\t<\/div>\n\t\t<\/div>\n\t\t\t\t\t<\/div>\n\t\t<\/section>\n\t\t\t\t<section class=\"elementor-section elementor-top-section elementor-element elementor-element-a9bf69c elementor-section-boxed elementor-section-height-default elementor-section-height-default\" data-id=\"a9bf69c\" data-element_type=\"section\">\n\t\t\t\t\t\t<div class=\"elementor-container elementor-column-gap-default\">\n\t\t\t\t\t<div class=\"elementor-column elementor-col-100 elementor-top-column elementor-element elementor-element-b67fa77\" data-id=\"b67fa77\" data-element_type=\"column\">\n\t\t\t<div class=\"elementor-widget-wrap elementor-element-populated\">\n\t\t\t\t\t\t<div class=\"elementor-element elementor-element-554fae3 elementor-widget elementor-widget-text-editor\" data-id=\"554fae3\" data-element_type=\"widget\" data-widget_type=\"text-editor.default\">\n\t\t\t\t<div class=\"elementor-widget-container\">\n\t\t\t\t\t\t\t\t\t<p>\u00a0Na manh\u00e3 desta ter\u00e7a-feira (25\/03), a Pol\u00edcia Civil de Santa Catarina, por meio da Delegacia de Repress\u00e3o ao Crime Organizado da Diretoria Estadual de Investiga\u00e7\u00f5es Criminais (DRACO\/DEIC), realizou opera\u00e7\u00e3o policial na regi\u00e3o da Grande Florian\u00f3polis para dar cumprimento a 18 mandados de busca e apreens\u00e3o em desfavor de integrantes de uma organiza\u00e7\u00e3o criminosa.<\/p><p>\u00a0Ap\u00f3s compartilhamento de provas da Delegacia de Homic\u00eddios da Capital, chegou ao conhecimento da DRACO\/DEIC a informa\u00e7\u00e3o de que integrantes de uma organiza\u00e7\u00e3o criminosa estariam comercializando drogas, armas de fogo e muni\u00e7\u00f5es.<\/p><p>\u00a0Ent\u00e3o hoje, por volta das 6h da manh\u00e3, cerca de 80 Policiais Civis da DEIC e da Diretoria de Pol\u00edcia da Grande Florian\u00f3polis, foram \u00e0s ruas para cumprir 18 mandados de busca e apreens\u00e3o, expedidos pela Vara Criminal da Regi\u00e3o Metropolitana da Capital, ap\u00f3s parecer favor\u00e1vel da 39\u00aa Promotoria de Justi\u00e7a.<\/p><p>\u00a0As buscas ocorreram nos munic\u00edpios de Florian\u00f3polis, Palho\u00e7a, S\u00e3o Jos\u00e9 e no Estado do Rio Grande do Sul. Foram apreendidos diversos objetos de interesse para a investiga\u00e7\u00e3o e um homem foi preso em flagrante por tr\u00e1fico de drogas, comercializa\u00e7\u00e3o de anabolizantes e por posse ilegal de arma de fogo e muni\u00e7\u00f5es de uso permitido.<\/p>\t\t\t\t\t\t\t\t<\/div>\n\t\t\t\t<\/div>\n\t\t\t\t\t<\/div>\n\t\t<\/div>\n\t\t\t\t\t<\/div>\n\t\t<\/section>\n\t\t\t\t<\/div>\n\t\t","protected":false},"excerpt":{"rendered":"<p>DRACO\/DEIC deflagra opera\u00e7\u00e3o na Grande Florian\u00f3polis e no do Rio Grande do Sul contra o crime organizado \u00a0Na manh\u00e3 desta ter\u00e7a-feira (25\/03), a Pol\u00edcia Civil de Santa Catarina, por meio da Delegacia de Repress\u00e3o ao Crime Organizado da Diretoria Estadual de Investiga\u00e7\u00f5es Criminais (DRACO\/DEIC), realizou opera\u00e7\u00e3o policial na regi\u00e3o da Grande Florian\u00f3polis para dar cumprimento [&hellip;]<\/p>\n","protected":false},"author":5,"featured_media":27694,"comment_status":"closed","ping_status":"open","sticky":false,"template":"","format":"standard","meta":{"_monsterinsights_skip_tracking":false,"_monsterinsights_sitenote_active":false,"_monsterinsights_sitenote_note":"","_monsterinsights_sitenote_category":0,"footnotes":""},"categories":[1],"tags":[],"class_list":["post-27693","post","type-post","status-publish","format-standard","has-post-thumbnail","hentry","category-sem-categoria"],"_links":{"self":[{"href":"https:\/\/pc.sc.gov.br\/index.php?rest_route=\/wp\/v2\/posts\/27693","targetHints":{"allow":["GET"]}}],"collection":[{"href":"https:\/\/pc.sc.gov.br\/index.php?rest_route=\/wp\/v2\/posts"}],"about":[{"href":"https:\/\/pc.sc.gov.br\/index.php?rest_route=\/wp\/v2\/types\/post"}],"author":[{"embeddable":true,"href":"https:\/\/pc.sc.gov.br\/index.php?rest_route=\/wp\/v2\/users\/5"}],"replies":[{"embeddable":true,"href":"https:\/\/pc.sc.gov.br\/index.php?rest_route=%2Fwp%2Fv2%2Fcomments&post=27693"}],"version-history":[{"count":4,"href":"https:\/\/pc.sc.gov.br\/index.php?rest_route=\/wp\/v2\/posts\/27693\/revisions"}],"predecessor-version":[{"id":27698,"href":"https:\/\/pc.sc.gov.br\/index.php?rest_route=\/wp\/v2\/posts\/27693\/revisions\/27698"}],"wp:featuredmedia":[{"embeddable":true,"href":"https:\/\/pc.sc.gov.br\/index.php?rest_route=\/wp\/v2\/media\/27694"}],"wp:attachment":[{"href":"https:\/\/pc.sc.gov.br\/index.php?rest_route=%2Fwp%2Fv2%2Fmedia&parent=27693"}],"wp:term":[{"taxonomy":"category","embeddable":true,"href":"https:\/\/pc.sc.gov.br\/index.php?rest_route=%2Fwp%2Fv2%2Fcategories&post=27693"},{"taxonomy":"post_tag","embeddable":true,"href":"https:\/\/pc.sc.gov.br\/index.php?rest_route=%2Fwp%2Fv2%2Ftags&post=27693"}],"curies":[{"name":"wp","href":"https:\/\/api.w.org\/{rel}","templated":true}]}}