{"id":27699,"date":"2025-03-25T13:44:23","date_gmt":"2025-03-25T16:44:23","guid":{"rendered":"https:\/\/pc.sc.gov.br\/?p=27699"},"modified":"2025-03-25T13:45:03","modified_gmt":"2025-03-25T16:45:03","slug":"policia-civil-prende-dois-investigados-por-trafico-de-drogas-e-por-integrar-organizacao-criminosa-em-curitibanos","status":"publish","type":"post","link":"https:\/\/pc.sc.gov.br\/?p=27699","title":{"rendered":"Pol\u00edcia Civil prende dois investigados por tr\u00e1fico de drogas e por integrar organiza\u00e7\u00e3o criminosa em Curitibanos"},"content":{"rendered":"\t\t<div data-elementor-type=\"wp-post\" data-elementor-id=\"27699\" class=\"elementor elementor-27699\" data-elementor-post-type=\"post\">\n\t\t\t\t\t\t<section class=\"elementor-section elementor-top-section elementor-element elementor-element-6f606af elementor-section-boxed elementor-section-height-default elementor-section-height-default\" data-id=\"6f606af\" data-element_type=\"section\">\n\t\t\t\t\t\t<div class=\"elementor-container elementor-column-gap-default\">\n\t\t\t\t\t<div class=\"elementor-column elementor-col-100 elementor-top-column elementor-element elementor-element-1b78238\" data-id=\"1b78238\" data-element_type=\"column\">\n\t\t\t<div class=\"elementor-widget-wrap elementor-element-populated\">\n\t\t\t\t\t\t<div class=\"elementor-element elementor-element-806c5b9 elementor-widget elementor-widget-heading\" data-id=\"806c5b9\" data-element_type=\"widget\" data-widget_type=\"heading.default\">\n\t\t\t\t<div class=\"elementor-widget-container\">\n\t\t\t\t\t<h2 class=\"elementor-heading-title elementor-size-default\">Pol\u00edcia Civil prende dois investigados por tr\u00e1fico de drogas e por integrar organiza\u00e7\u00e3o criminosa em Curitibanos<\/h2>\t\t\t\t<\/div>\n\t\t\t\t<\/div>\n\t\t\t\t\t<\/div>\n\t\t<\/div>\n\t\t\t\t\t<\/div>\n\t\t<\/section>\n\t\t\t\t<section class=\"elementor-section elementor-top-section elementor-element elementor-element-add0789 elementor-section-boxed elementor-section-height-default elementor-section-height-default\" data-id=\"add0789\" data-element_type=\"section\">\n\t\t\t\t\t\t<div class=\"elementor-container elementor-column-gap-default\">\n\t\t\t\t\t<div class=\"elementor-column elementor-col-100 elementor-top-column elementor-element elementor-element-8870b48\" data-id=\"8870b48\" data-element_type=\"column\">\n\t\t\t<div class=\"elementor-widget-wrap elementor-element-populated\">\n\t\t\t\t\t\t<div class=\"elementor-element elementor-element-d15243e elementor-widget elementor-widget-image\" data-id=\"d15243e\" data-element_type=\"widget\" data-widget_type=\"image.default\">\n\t\t\t\t<div class=\"elementor-widget-container\">\n\t\t\t\t\t\t\t\t\t\t\t\t\t\t\t<img fetchpriority=\"high\" decoding=\"async\" width=\"696\" height=\"522\" src=\"https:\/\/pc.sc.gov.br\/\/wp-content\/uploads\/2025\/02\/PCSC-PADRAO.jpg\" class=\"attachment-large size-large wp-image-26591\" alt=\"\" srcset=\"https:\/\/pc.sc.gov.br\/\/wp-content\/uploads\/2025\/02\/PCSC-PADRAO.jpg 768w, https:\/\/pc.sc.gov.br\/\/wp-content\/uploads\/2025\/02\/PCSC-PADRAO-300x225.jpg 300w\" sizes=\"(max-width: 696px) 100vw, 696px\" \/>\t\t\t\t\t\t\t\t\t\t\t\t\t\t\t<\/div>\n\t\t\t\t<\/div>\n\t\t\t\t\t<\/div>\n\t\t<\/div>\n\t\t\t\t\t<\/div>\n\t\t<\/section>\n\t\t\t\t<section class=\"elementor-section elementor-top-section elementor-element elementor-element-b15f455 elementor-section-boxed elementor-section-height-default elementor-section-height-default\" data-id=\"b15f455\" data-element_type=\"section\">\n\t\t\t\t\t\t<div class=\"elementor-container elementor-column-gap-default\">\n\t\t\t\t\t<div class=\"elementor-column elementor-col-100 elementor-top-column elementor-element elementor-element-96ecd92\" data-id=\"96ecd92\" data-element_type=\"column\">\n\t\t\t<div class=\"elementor-widget-wrap elementor-element-populated\">\n\t\t\t\t\t\t<div class=\"elementor-element elementor-element-9fdb33b elementor-widget elementor-widget-text-editor\" data-id=\"9fdb33b\" data-element_type=\"widget\" data-widget_type=\"text-editor.default\">\n\t\t\t\t<div class=\"elementor-widget-container\">\n\t\t\t\t\t\t\t\t\t<p>A Pol\u00edcia Civil de Santa Catarina, por meio da Divis\u00e3o de Investiga\u00e7\u00e3o Criminal de Curitibanos, com apoio da for\u00e7a-tarefa destacada para refor\u00e7o dos trabalhos, efetuou, na tarde da segunda-feira (24\/03), a pris\u00e3o de dois investigados em Curitibanos.<\/p><p>Os homens estavam com mandados de pris\u00e3o em aberto por crimes de tr\u00e1fico de drogas e organiza\u00e7\u00e3o criminosa. Ambos foram alvos da opera\u00e7\u00e3o \u201cMors\u201d, desencadeada pela DIC de Curitibanos, no \u00faltimo dia 14. No dia da opera\u00e7\u00e3o, os dois n\u00e3o foram encontrados e estavam na condi\u00e7\u00e3o de foragidos.<\/p><p>Os trabalhos continuaram para localizar e prender os investigados e, na presente data, os policiais conseguiram identificar os locais onde os alvos estavam e efetuaram suas pris\u00f5es.\u00a0 Depois de presos, foram levados para \u00e0 DIC de Curitibanos. Formalizados os procedimentos legais, foram encaminhados ao Sistema Penitenci\u00e1rio, onde ficar\u00e3o \u00e0 disposi\u00e7\u00e3o da Justi\u00e7a.<\/p>\t\t\t\t\t\t\t\t<\/div>\n\t\t\t\t<\/div>\n\t\t\t\t\t<\/div>\n\t\t<\/div>\n\t\t\t\t\t<\/div>\n\t\t<\/section>\n\t\t\t\t<\/div>\n\t\t","protected":false},"excerpt":{"rendered":"<p>Pol\u00edcia Civil prende dois investigados por tr\u00e1fico de drogas e por integrar organiza\u00e7\u00e3o criminosa em Curitibanos A Pol\u00edcia Civil de Santa Catarina, por meio da Divis\u00e3o de Investiga\u00e7\u00e3o Criminal de Curitibanos, com apoio da for\u00e7a-tarefa destacada para refor\u00e7o dos trabalhos, efetuou, na tarde da segunda-feira (24\/03), a pris\u00e3o de dois investigados em Curitibanos. Os homens [&hellip;]<\/p>\n","protected":false},"author":5,"featured_media":26591,"comment_status":"closed","ping_status":"open","sticky":false,"template":"","format":"standard","meta":{"_monsterinsights_skip_tracking":false,"_monsterinsights_sitenote_active":false,"_monsterinsights_sitenote_note":"","_monsterinsights_sitenote_category":0,"footnotes":""},"categories":[1],"tags":[],"class_list":["post-27699","post","type-post","status-publish","format-standard","has-post-thumbnail","hentry","category-sem-categoria"],"_links":{"self":[{"href":"https:\/\/pc.sc.gov.br\/index.php?rest_route=\/wp\/v2\/posts\/27699","targetHints":{"allow":["GET"]}}],"collection":[{"href":"https:\/\/pc.sc.gov.br\/index.php?rest_route=\/wp\/v2\/posts"}],"about":[{"href":"https:\/\/pc.sc.gov.br\/index.php?rest_route=\/wp\/v2\/types\/post"}],"author":[{"embeddable":true,"href":"https:\/\/pc.sc.gov.br\/index.php?rest_route=\/wp\/v2\/users\/5"}],"replies":[{"embeddable":true,"href":"https:\/\/pc.sc.gov.br\/index.php?rest_route=%2Fwp%2Fv2%2Fcomments&post=27699"}],"version-history":[{"count":4,"href":"https:\/\/pc.sc.gov.br\/index.php?rest_route=\/wp\/v2\/posts\/27699\/revisions"}],"predecessor-version":[{"id":27703,"href":"https:\/\/pc.sc.gov.br\/index.php?rest_route=\/wp\/v2\/posts\/27699\/revisions\/27703"}],"wp:featuredmedia":[{"embeddable":true,"href":"https:\/\/pc.sc.gov.br\/index.php?rest_route=\/wp\/v2\/media\/26591"}],"wp:attachment":[{"href":"https:\/\/pc.sc.gov.br\/index.php?rest_route=%2Fwp%2Fv2%2Fmedia&parent=27699"}],"wp:term":[{"taxonomy":"category","embeddable":true,"href":"https:\/\/pc.sc.gov.br\/index.php?rest_route=%2Fwp%2Fv2%2Fcategories&post=27699"},{"taxonomy":"post_tag","embeddable":true,"href":"https:\/\/pc.sc.gov.br\/index.php?rest_route=%2Fwp%2Fv2%2Ftags&post=27699"}],"curies":[{"name":"wp","href":"https:\/\/api.w.org\/{rel}","templated":true}]}}