{"id":27704,"date":"2025-03-26T13:37:29","date_gmt":"2025-03-26T16:37:29","guid":{"rendered":"https:\/\/pc.sc.gov.br\/?p=27704"},"modified":"2025-03-26T16:01:56","modified_gmt":"2025-03-26T19:01:56","slug":"policia-civil-desmantela-deposito-de-drogas-de-organizacao-criminosa-e-prende-um-homem-em-flagrante-em-laguna","status":"publish","type":"post","link":"https:\/\/pc.sc.gov.br\/?p=27704","title":{"rendered":"Pol\u00edcia Civil desmantela dep\u00f3sito de drogas de organiza\u00e7\u00e3o criminosa e prende um homem em flagrante em Laguna"},"content":{"rendered":"\t\t<div data-elementor-type=\"wp-post\" data-elementor-id=\"27704\" class=\"elementor elementor-27704\" data-elementor-post-type=\"post\">\n\t\t\t\t\t\t<section class=\"elementor-section elementor-top-section elementor-element elementor-element-90728fd elementor-section-boxed elementor-section-height-default elementor-section-height-default\" data-id=\"90728fd\" data-element_type=\"section\">\n\t\t\t\t\t\t<div class=\"elementor-container elementor-column-gap-default\">\n\t\t\t\t\t<div class=\"elementor-column elementor-col-100 elementor-top-column elementor-element elementor-element-0cd069f\" data-id=\"0cd069f\" data-element_type=\"column\">\n\t\t\t<div class=\"elementor-widget-wrap elementor-element-populated\">\n\t\t\t\t\t\t<div class=\"elementor-element elementor-element-b55a3c1 elementor-widget elementor-widget-heading\" data-id=\"b55a3c1\" data-element_type=\"widget\" data-widget_type=\"heading.default\">\n\t\t\t\t<div class=\"elementor-widget-container\">\n\t\t\t\t\t<h2 class=\"elementor-heading-title elementor-size-default\">Pol\u00edcia Civil desmantela dep\u00f3sito de drogas de organiza\u00e7\u00e3o criminosa e prende um homem em flagrante em Laguna<\/h2>\t\t\t\t<\/div>\n\t\t\t\t<\/div>\n\t\t\t\t\t<\/div>\n\t\t<\/div>\n\t\t\t\t\t<\/div>\n\t\t<\/section>\n\t\t\t\t<section class=\"elementor-section elementor-top-section elementor-element elementor-element-adfd853 elementor-section-boxed elementor-section-height-default elementor-section-height-default\" data-id=\"adfd853\" data-element_type=\"section\">\n\t\t\t\t\t\t<div class=\"elementor-container elementor-column-gap-default\">\n\t\t\t\t\t<div class=\"elementor-column elementor-col-100 elementor-top-column elementor-element elementor-element-493382c\" data-id=\"493382c\" data-element_type=\"column\">\n\t\t\t<div class=\"elementor-widget-wrap elementor-element-populated\">\n\t\t\t\t\t\t<div class=\"elementor-element elementor-element-c76a4ee elementor-widget elementor-widget-image\" data-id=\"c76a4ee\" data-element_type=\"widget\" data-widget_type=\"image.default\">\n\t\t\t\t<div class=\"elementor-widget-container\">\n\t\t\t\t\t\t\t\t\t\t\t\t\t\t\t<img fetchpriority=\"high\" decoding=\"async\" width=\"657\" height=\"1024\" src=\"https:\/\/pc.sc.gov.br\/\/wp-content\/uploads\/2025\/03\/WhatsApp-Image-2025-03-26-at-13.36.52-657x1024.jpeg\" class=\"attachment-large size-large wp-image-27705\" alt=\"\" srcset=\"https:\/\/pc.sc.gov.br\/\/wp-content\/uploads\/2025\/03\/WhatsApp-Image-2025-03-26-at-13.36.52-657x1024.jpeg 657w, https:\/\/pc.sc.gov.br\/\/wp-content\/uploads\/2025\/03\/WhatsApp-Image-2025-03-26-at-13.36.52-192x300.jpeg 192w, https:\/\/pc.sc.gov.br\/\/wp-content\/uploads\/2025\/03\/WhatsApp-Image-2025-03-26-at-13.36.52-768x1198.jpeg 768w, https:\/\/pc.sc.gov.br\/\/wp-content\/uploads\/2025\/03\/WhatsApp-Image-2025-03-26-at-13.36.52.jpeg 772w\" sizes=\"(max-width: 657px) 100vw, 657px\" \/>\t\t\t\t\t\t\t\t\t\t\t\t\t\t\t<\/div>\n\t\t\t\t<\/div>\n\t\t\t\t\t<\/div>\n\t\t<\/div>\n\t\t\t\t\t<\/div>\n\t\t<\/section>\n\t\t\t\t<section class=\"elementor-section elementor-top-section elementor-element elementor-element-3dabb89 elementor-section-boxed elementor-section-height-default elementor-section-height-default\" data-id=\"3dabb89\" data-element_type=\"section\">\n\t\t\t\t\t\t<div class=\"elementor-container elementor-column-gap-default\">\n\t\t\t\t\t<div class=\"elementor-column elementor-col-100 elementor-top-column elementor-element elementor-element-32a8c3f\" data-id=\"32a8c3f\" data-element_type=\"column\">\n\t\t\t<div class=\"elementor-widget-wrap elementor-element-populated\">\n\t\t\t\t\t\t<div class=\"elementor-element elementor-element-c9f610e elementor-widget elementor-widget-text-editor\" data-id=\"c9f610e\" data-element_type=\"widget\" data-widget_type=\"text-editor.default\">\n\t\t\t\t<div class=\"elementor-widget-container\">\n\t\t\t\t\t\t\t\t\t<p>Na tarde da \u00faltima ter\u00e7a-feira (25\/03), a Pol\u00edcia Civil de Santa Catarina, por meio da Delegacia de Investiga\u00e7\u00f5es Criminais (DIC) de Laguna, em conjunto com o Canil Setorial do 28\u00baBPM, realizou opera\u00e7\u00e3o policial no bairro Vila Vit\u00f3ria, que resultou na pris\u00e3o em flagrante de um homem e na apreens\u00e3o de expressiva quantidade de drogas.<\/p><p>A a\u00e7\u00e3o foi fruto de um trabalho investigativo minucioso da equipe da DIC, que, ap\u00f3s den\u00fancias an\u00f4nimas e semanas de monitoramento, identificou um im\u00f3vel que estaria sendo utilizado por integrantes de uma conhecida organiza\u00e7\u00e3o criminosa para armazenamento de entorpecentes e abrigo de foragidos da Justi\u00e7a.<\/p><p>Durante o cumprimento de mandado judicial, os policiais surpreenderam o suspeito em sua resid\u00eancia, onde foram encontrados escondidos em seu quarto: 7,910 kg de maconha (em tijolos prensados); 1,720 kg de coca\u00edna, parte j\u00e1 embalada para venda; 345 gramas de crack; balan\u00e7a de precis\u00e3o, telefone celular; e pequeno valor em dinheiro.<\/p><p>O jovem foi preso em flagrante por tr\u00e1fico de drogas, nos termos do artigo 33 da Lei 11.343\/06, e encaminhado ao Sistema Prisional. As investiga\u00e7\u00f5es continuam para identificar e responsabilizar todos os envolvidos.<\/p>\t\t\t\t\t\t\t\t<\/div>\n\t\t\t\t<\/div>\n\t\t\t\t\t<\/div>\n\t\t<\/div>\n\t\t\t\t\t<\/div>\n\t\t<\/section>\n\t\t\t\t<\/div>\n\t\t","protected":false},"excerpt":{"rendered":"<p>Pol\u00edcia Civil desmantela dep\u00f3sito de drogas de organiza\u00e7\u00e3o criminosa e prende um homem em flagrante em Laguna Na tarde da \u00faltima ter\u00e7a-feira (25\/03), a Pol\u00edcia Civil de Santa Catarina, por meio da Delegacia de Investiga\u00e7\u00f5es Criminais (DIC) de Laguna, em conjunto com o Canil Setorial do 28\u00baBPM, realizou opera\u00e7\u00e3o policial no bairro Vila Vit\u00f3ria, que [&hellip;]<\/p>\n","protected":false},"author":5,"featured_media":27705,"comment_status":"closed","ping_status":"open","sticky":false,"template":"","format":"standard","meta":{"_monsterinsights_skip_tracking":false,"_monsterinsights_sitenote_active":false,"_monsterinsights_sitenote_note":"","_monsterinsights_sitenote_category":0,"footnotes":""},"categories":[1],"tags":[],"class_list":["post-27704","post","type-post","status-publish","format-standard","has-post-thumbnail","hentry","category-sem-categoria"],"_links":{"self":[{"href":"https:\/\/pc.sc.gov.br\/index.php?rest_route=\/wp\/v2\/posts\/27704","targetHints":{"allow":["GET"]}}],"collection":[{"href":"https:\/\/pc.sc.gov.br\/index.php?rest_route=\/wp\/v2\/posts"}],"about":[{"href":"https:\/\/pc.sc.gov.br\/index.php?rest_route=\/wp\/v2\/types\/post"}],"author":[{"embeddable":true,"href":"https:\/\/pc.sc.gov.br\/index.php?rest_route=\/wp\/v2\/users\/5"}],"replies":[{"embeddable":true,"href":"https:\/\/pc.sc.gov.br\/index.php?rest_route=%2Fwp%2Fv2%2Fcomments&post=27704"}],"version-history":[{"count":3,"href":"https:\/\/pc.sc.gov.br\/index.php?rest_route=\/wp\/v2\/posts\/27704\/revisions"}],"predecessor-version":[{"id":27708,"href":"https:\/\/pc.sc.gov.br\/index.php?rest_route=\/wp\/v2\/posts\/27704\/revisions\/27708"}],"wp:featuredmedia":[{"embeddable":true,"href":"https:\/\/pc.sc.gov.br\/index.php?rest_route=\/wp\/v2\/media\/27705"}],"wp:attachment":[{"href":"https:\/\/pc.sc.gov.br\/index.php?rest_route=%2Fwp%2Fv2%2Fmedia&parent=27704"}],"wp:term":[{"taxonomy":"category","embeddable":true,"href":"https:\/\/pc.sc.gov.br\/index.php?rest_route=%2Fwp%2Fv2%2Fcategories&post=27704"},{"taxonomy":"post_tag","embeddable":true,"href":"https:\/\/pc.sc.gov.br\/index.php?rest_route=%2Fwp%2Fv2%2Ftags&post=27704"}],"curies":[{"name":"wp","href":"https:\/\/api.w.org\/{rel}","templated":true}]}}