{"id":27709,"date":"2025-03-26T15:51:36","date_gmt":"2025-03-26T18:51:36","guid":{"rendered":"https:\/\/pc.sc.gov.br\/?p=27709"},"modified":"2025-03-26T19:04:29","modified_gmt":"2025-03-26T22:04:29","slug":"conselheiros-eleitos-para-o-conselho-superior-da-pcsc-foram-empossados-nesta-quarta-feira-26-03","status":"publish","type":"post","link":"https:\/\/pc.sc.gov.br\/?p=27709","title":{"rendered":"Conselheiros eleitos para o Conselho Superior da PCSC foram empossados nesta quarta-feira (26\/03)"},"content":{"rendered":"\t\t<div data-elementor-type=\"wp-post\" data-elementor-id=\"27709\" class=\"elementor elementor-27709\" data-elementor-post-type=\"post\">\n\t\t\t\t\t\t<section class=\"elementor-section elementor-top-section elementor-element elementor-element-5a09294 elementor-section-boxed elementor-section-height-default elementor-section-height-default\" data-id=\"5a09294\" data-element_type=\"section\">\n\t\t\t\t\t\t<div class=\"elementor-container elementor-column-gap-default\">\n\t\t\t\t\t<div class=\"elementor-column elementor-col-100 elementor-top-column elementor-element elementor-element-076dec2\" data-id=\"076dec2\" data-element_type=\"column\">\n\t\t\t<div class=\"elementor-widget-wrap elementor-element-populated\">\n\t\t\t\t\t\t<div class=\"elementor-element elementor-element-78b5b17 elementor-widget elementor-widget-heading\" data-id=\"78b5b17\" data-element_type=\"widget\" data-widget_type=\"heading.default\">\n\t\t\t\t<div class=\"elementor-widget-container\">\n\t\t\t\t\t<h2 class=\"elementor-heading-title elementor-size-default\">Conselheiros eleitos para o Conselho Superior da PCSC foram empossados nesta quarta-feira (26\/03) <\/h2>\t\t\t\t<\/div>\n\t\t\t\t<\/div>\n\t\t\t\t\t<\/div>\n\t\t<\/div>\n\t\t\t\t\t<\/div>\n\t\t<\/section>\n\t\t\t\t<section class=\"elementor-section elementor-top-section elementor-element elementor-element-194946b elementor-section-boxed elementor-section-height-default elementor-section-height-default\" data-id=\"194946b\" data-element_type=\"section\">\n\t\t\t\t\t\t<div class=\"elementor-container elementor-column-gap-default\">\n\t\t\t\t\t<div class=\"elementor-column elementor-col-100 elementor-top-column elementor-element elementor-element-f53f83a\" data-id=\"f53f83a\" data-element_type=\"column\">\n\t\t\t<div class=\"elementor-widget-wrap elementor-element-populated\">\n\t\t\t\t\t\t<div class=\"elementor-element elementor-element-65afb4f elementor-widget elementor-widget-image\" data-id=\"65afb4f\" data-element_type=\"widget\" data-widget_type=\"image.default\">\n\t\t\t\t<div class=\"elementor-widget-container\">\n\t\t\t\t\t\t\t\t\t\t\t\t\t\t\t<img fetchpriority=\"high\" decoding=\"async\" width=\"696\" height=\"890\" src=\"https:\/\/pc.sc.gov.br\/\/wp-content\/uploads\/2025\/03\/WhatsApp-Image-2025-03-26-at-13.47.40-2-801x1024.jpeg\" class=\"attachment-large size-large wp-image-27710\" alt=\"\" srcset=\"https:\/\/pc.sc.gov.br\/\/wp-content\/uploads\/2025\/03\/WhatsApp-Image-2025-03-26-at-13.47.40-2-801x1024.jpeg 801w, https:\/\/pc.sc.gov.br\/\/wp-content\/uploads\/2025\/03\/WhatsApp-Image-2025-03-26-at-13.47.40-2-235x300.jpeg 235w, https:\/\/pc.sc.gov.br\/\/wp-content\/uploads\/2025\/03\/WhatsApp-Image-2025-03-26-at-13.47.40-2-768x981.jpeg 768w, https:\/\/pc.sc.gov.br\/\/wp-content\/uploads\/2025\/03\/WhatsApp-Image-2025-03-26-at-13.47.40-2-1202x1536.jpeg 1202w, https:\/\/pc.sc.gov.br\/\/wp-content\/uploads\/2025\/03\/WhatsApp-Image-2025-03-26-at-13.47.40-2.jpeg 1252w\" sizes=\"(max-width: 696px) 100vw, 696px\" \/>\t\t\t\t\t\t\t\t\t\t\t\t\t\t\t<\/div>\n\t\t\t\t<\/div>\n\t\t\t\t\t<\/div>\n\t\t<\/div>\n\t\t\t\t\t<\/div>\n\t\t<\/section>\n\t\t\t\t<section class=\"elementor-section elementor-top-section elementor-element elementor-element-339b8de elementor-section-boxed elementor-section-height-default elementor-section-height-default\" data-id=\"339b8de\" data-element_type=\"section\">\n\t\t\t\t\t\t<div class=\"elementor-container elementor-column-gap-default\">\n\t\t\t\t\t<div class=\"elementor-column elementor-col-100 elementor-top-column elementor-element elementor-element-0f906f9\" data-id=\"0f906f9\" data-element_type=\"column\">\n\t\t\t<div class=\"elementor-widget-wrap elementor-element-populated\">\n\t\t\t\t\t\t<div class=\"elementor-element elementor-element-185c98b elementor-widget elementor-widget-text-editor\" data-id=\"185c98b\" data-element_type=\"widget\" data-widget_type=\"text-editor.default\">\n\t\t\t\t<div class=\"elementor-widget-container\">\n\t\t\t\t\t\t\t\t\t<p>Nesta quarta-feira (26\/03), foram empossados os tr\u00eas conselheiros eleitos, para o bi\u00eanio 2025\/2026, do Conselho Superior da Pol\u00edcia Civil de Santa Catarina. O ato aconteceu na Delegacia-Geral da PCSC e contou com a presen\u00e7a do Delegado-Geral Ulisses Gabriel. Para a vaga de entr\u00e2ncia especial foram eleitos os Delegados de Pol\u00edcia Anselmo Firmo de Oliveira Cruz e Rubens Almeida Passos de Freitas. J\u00e1 para a vaga de entr\u00e2ncia final foi eleito o Delegado de Pol\u00edcia Marcelo Sampaio Nogueira. A elei\u00e7\u00e3o ocorreu no dia 18 de fevereiro deste ano.<\/p><p>O Conselho Superior da Pol\u00edcia Civil do Estado de Santa Catarina possui atribui\u00e7\u00e3o essencial para a gest\u00e3o estrat\u00e9gica e administrativa da institui\u00e7\u00e3o. Entre suas atribui\u00e7\u00f5es, destacam-se a an\u00e1lise e delibera\u00e7\u00e3o sobre planejamento estrat\u00e9gico, or\u00e7amento, distribui\u00e7\u00e3o de efetivo e estrutura organizacional da PCSC. Tamb\u00e9m possui a responsabilidade de avaliar promo\u00e7\u00f5es, remo\u00e7\u00f5es e afastamentos de policiais, al\u00e9m de sugerir aprimoramentos t\u00e9cnicos e normativos.<\/p><p>O Conselho pronuncia-se sobre temas relevantes para a organiza\u00e7\u00e3o, prop\u00f5e medidas para o aperfei\u00e7oamento institucional e pode editar regulamentos e recomenda\u00e7\u00f5es. Al\u00e9m disso, exerce papel disciplinar, opinando sobre penas e processos, garantindo o cumprimento das normas e a efici\u00eancia das a\u00e7\u00f5es policiais.<\/p>\t\t\t\t\t\t\t\t<\/div>\n\t\t\t\t<\/div>\n\t\t\t\t\t<\/div>\n\t\t<\/div>\n\t\t\t\t\t<\/div>\n\t\t<\/section>\n\t\t\t\t<section class=\"elementor-section elementor-top-section elementor-element elementor-element-50835f8 elementor-section-boxed elementor-section-height-default elementor-section-height-default\" data-id=\"50835f8\" data-element_type=\"section\">\n\t\t\t\t\t\t<div class=\"elementor-container elementor-column-gap-default\">\n\t\t\t\t\t<div class=\"elementor-column elementor-col-100 elementor-top-column elementor-element elementor-element-5d56190\" data-id=\"5d56190\" data-element_type=\"column\">\n\t\t\t<div class=\"elementor-widget-wrap elementor-element-populated\">\n\t\t\t\t\t\t<div class=\"elementor-element elementor-element-bae2309 elementor-widget elementor-widget-gallery\" data-id=\"bae2309\" data-element_type=\"widget\" data-settings=\"{&quot;lazyload&quot;:&quot;yes&quot;,&quot;gallery_layout&quot;:&quot;grid&quot;,&quot;columns&quot;:4,&quot;columns_tablet&quot;:2,&quot;columns_mobile&quot;:1,&quot;gap&quot;:{&quot;unit&quot;:&quot;px&quot;,&quot;size&quot;:10,&quot;sizes&quot;:[]},&quot;gap_tablet&quot;:{&quot;unit&quot;:&quot;px&quot;,&quot;size&quot;:10,&quot;sizes&quot;:[]},&quot;gap_mobile&quot;:{&quot;unit&quot;:&quot;px&quot;,&quot;size&quot;:10,&quot;sizes&quot;:[]},&quot;link_to&quot;:&quot;file&quot;,&quot;aspect_ratio&quot;:&quot;3:2&quot;,&quot;overlay_background&quot;:&quot;yes&quot;,&quot;content_hover_animation&quot;:&quot;fade-in&quot;}\" data-widget_type=\"gallery.default\">\n\t\t\t\t<div class=\"elementor-widget-container\">\n\t\t\t\t\t\t\t<div class=\"elementor-gallery__container\">\n\t\t\t\t\t\t\t<a class=\"e-gallery-item elementor-gallery-item elementor-animated-content\" href=\"https:\/\/pc.sc.gov.br\/\/wp-content\/uploads\/2025\/03\/WhatsApp-Image-2025-03-26-at-13.47.47-1.jpeg\" data-elementor-open-lightbox=\"yes\" data-elementor-lightbox-slideshow=\"bae2309\" data-elementor-lightbox-title=\"WhatsApp Image 2025-03-26 at 13.47.47 (1)\" data-e-action-hash=\"#elementor-action%3Aaction%3Dlightbox%26settings%3DeyJpZCI6Mjc3MTIsInVybCI6Imh0dHBzOlwvXC9wYy5zYy5nb3YuYnJcL1wvd3AtY29udGVudFwvdXBsb2Fkc1wvMjAyNVwvMDNcL1doYXRzQXBwLUltYWdlLTIwMjUtMDMtMjYtYXQtMTMuNDcuNDctMS5qcGVnIiwic2xpZGVzaG93IjoiYmFlMjMwOSJ9\">\n\t\t\t\t\t<div class=\"e-gallery-image elementor-gallery-item__image\" data-thumbnail=\"https:\/\/pc.sc.gov.br\/\/wp-content\/uploads\/2025\/03\/WhatsApp-Image-2025-03-26-at-13.47.47-1-170x300.jpeg\" data-width=\"170\" data-height=\"300\" aria-label=\"\" role=\"img\" ><\/div>\n\t\t\t\t\t\t\t\t\t\t\t<div class=\"elementor-gallery-item__overlay\"><\/div>\n\t\t\t\t\t\t\t\t\t\t\t\t\t\t<\/a>\n\t\t\t\t\t\t\t<a class=\"e-gallery-item elementor-gallery-item elementor-animated-content\" href=\"https:\/\/pc.sc.gov.br\/\/wp-content\/uploads\/2025\/03\/WhatsApp-Image-2025-03-26-at-13.47.41.jpeg\" data-elementor-open-lightbox=\"yes\" data-elementor-lightbox-slideshow=\"bae2309\" data-elementor-lightbox-title=\"WhatsApp Image 2025-03-26 at 13.47.41\" data-e-action-hash=\"#elementor-action%3Aaction%3Dlightbox%26settings%3DeyJpZCI6Mjc3MTYsInVybCI6Imh0dHBzOlwvXC9wYy5zYy5nb3YuYnJcL1wvd3AtY29udGVudFwvdXBsb2Fkc1wvMjAyNVwvMDNcL1doYXRzQXBwLUltYWdlLTIwMjUtMDMtMjYtYXQtMTMuNDcuNDEuanBlZyIsInNsaWRlc2hvdyI6ImJhZTIzMDkifQ%3D%3D\">\n\t\t\t\t\t<div class=\"e-gallery-image elementor-gallery-item__image\" data-thumbnail=\"https:\/\/pc.sc.gov.br\/\/wp-content\/uploads\/2025\/03\/WhatsApp-Image-2025-03-26-at-13.47.41-203x300.jpeg\" data-width=\"203\" data-height=\"300\" aria-label=\"\" role=\"img\" ><\/div>\n\t\t\t\t\t\t\t\t\t\t\t<div class=\"elementor-gallery-item__overlay\"><\/div>\n\t\t\t\t\t\t\t\t\t\t\t\t\t\t<\/a>\n\t\t\t\t\t\t\t<a class=\"e-gallery-item elementor-gallery-item elementor-animated-content\" href=\"https:\/\/pc.sc.gov.br\/\/wp-content\/uploads\/2025\/03\/WhatsApp-Image-2025-03-26-at-13.47.47.jpeg\" data-elementor-open-lightbox=\"yes\" data-elementor-lightbox-slideshow=\"bae2309\" data-elementor-lightbox-title=\"WhatsApp Image 2025-03-26 at 13.47.47\" data-e-action-hash=\"#elementor-action%3Aaction%3Dlightbox%26settings%3DeyJpZCI6Mjc3MTMsInVybCI6Imh0dHBzOlwvXC9wYy5zYy5nb3YuYnJcL1wvd3AtY29udGVudFwvdXBsb2Fkc1wvMjAyNVwvMDNcL1doYXRzQXBwLUltYWdlLTIwMjUtMDMtMjYtYXQtMTMuNDcuNDcuanBlZyIsInNsaWRlc2hvdyI6ImJhZTIzMDkifQ%3D%3D\">\n\t\t\t\t\t<div class=\"e-gallery-image elementor-gallery-item__image\" data-thumbnail=\"https:\/\/pc.sc.gov.br\/\/wp-content\/uploads\/2025\/03\/WhatsApp-Image-2025-03-26-at-13.47.47-176x300.jpeg\" data-width=\"176\" data-height=\"300\" aria-label=\"\" role=\"img\" ><\/div>\n\t\t\t\t\t\t\t\t\t\t\t<div class=\"elementor-gallery-item__overlay\"><\/div>\n\t\t\t\t\t\t\t\t\t\t\t\t\t\t<\/a>\n\t\t\t\t\t\t\t<a class=\"e-gallery-item elementor-gallery-item elementor-animated-content\" href=\"https:\/\/pc.sc.gov.br\/\/wp-content\/uploads\/2025\/03\/WhatsApp-Image-2025-03-26-at-13.47.40-4.jpeg\" data-elementor-open-lightbox=\"yes\" data-elementor-lightbox-slideshow=\"bae2309\" data-elementor-lightbox-title=\"WhatsApp Image 2025-03-26 at 13.47.40 (4)\" data-e-action-hash=\"#elementor-action%3Aaction%3Dlightbox%26settings%3DeyJpZCI6Mjc3MTcsInVybCI6Imh0dHBzOlwvXC9wYy5zYy5nb3YuYnJcL1wvd3AtY29udGVudFwvdXBsb2Fkc1wvMjAyNVwvMDNcL1doYXRzQXBwLUltYWdlLTIwMjUtMDMtMjYtYXQtMTMuNDcuNDAtNC5qcGVnIiwic2xpZGVzaG93IjoiYmFlMjMwOSJ9\">\n\t\t\t\t\t<div class=\"e-gallery-image elementor-gallery-item__image\" data-thumbnail=\"https:\/\/pc.sc.gov.br\/\/wp-content\/uploads\/2025\/03\/WhatsApp-Image-2025-03-26-at-13.47.40-4-225x300.jpeg\" data-width=\"225\" data-height=\"300\" aria-label=\"\" role=\"img\" ><\/div>\n\t\t\t\t\t\t\t\t\t\t\t<div class=\"elementor-gallery-item__overlay\"><\/div>\n\t\t\t\t\t\t\t\t\t\t\t\t\t\t<\/a>\n\t\t\t\t\t\t\t<a class=\"e-gallery-item elementor-gallery-item elementor-animated-content\" href=\"https:\/\/pc.sc.gov.br\/\/wp-content\/uploads\/2025\/03\/WhatsApp-Image-2025-03-26-at-13.47.40-3.jpeg\" data-elementor-open-lightbox=\"yes\" data-elementor-lightbox-slideshow=\"bae2309\" data-elementor-lightbox-title=\"WhatsApp Image 2025-03-26 at 13.47.40 (3)\" data-e-action-hash=\"#elementor-action%3Aaction%3Dlightbox%26settings%3DeyJpZCI6Mjc3MTQsInVybCI6Imh0dHBzOlwvXC9wYy5zYy5nb3YuYnJcL1wvd3AtY29udGVudFwvdXBsb2Fkc1wvMjAyNVwvMDNcL1doYXRzQXBwLUltYWdlLTIwMjUtMDMtMjYtYXQtMTMuNDcuNDAtMy5qcGVnIiwic2xpZGVzaG93IjoiYmFlMjMwOSJ9\">\n\t\t\t\t\t<div class=\"e-gallery-image elementor-gallery-item__image\" data-thumbnail=\"https:\/\/pc.sc.gov.br\/\/wp-content\/uploads\/2025\/03\/WhatsApp-Image-2025-03-26-at-13.47.40-3-195x300.jpeg\" data-width=\"195\" data-height=\"300\" aria-label=\"\" role=\"img\" ><\/div>\n\t\t\t\t\t\t\t\t\t\t\t<div class=\"elementor-gallery-item__overlay\"><\/div>\n\t\t\t\t\t\t\t\t\t\t\t\t\t\t<\/a>\n\t\t\t\t\t\t\t<a class=\"e-gallery-item elementor-gallery-item elementor-animated-content\" href=\"https:\/\/pc.sc.gov.br\/\/wp-content\/uploads\/2025\/03\/WhatsApp-Image-2025-03-26-at-13.47.41-1.jpeg\" data-elementor-open-lightbox=\"yes\" data-elementor-lightbox-slideshow=\"bae2309\" data-elementor-lightbox-title=\"WhatsApp Image 2025-03-26 at 13.47.41 (1)\" data-e-action-hash=\"#elementor-action%3Aaction%3Dlightbox%26settings%3DeyJpZCI6Mjc3MTUsInVybCI6Imh0dHBzOlwvXC9wYy5zYy5nb3YuYnJcL1wvd3AtY29udGVudFwvdXBsb2Fkc1wvMjAyNVwvMDNcL1doYXRzQXBwLUltYWdlLTIwMjUtMDMtMjYtYXQtMTMuNDcuNDEtMS5qcGVnIiwic2xpZGVzaG93IjoiYmFlMjMwOSJ9\">\n\t\t\t\t\t<div class=\"e-gallery-image elementor-gallery-item__image\" data-thumbnail=\"https:\/\/pc.sc.gov.br\/\/wp-content\/uploads\/2025\/03\/WhatsApp-Image-2025-03-26-at-13.47.41-1-188x300.jpeg\" data-width=\"188\" data-height=\"300\" aria-label=\"\" role=\"img\" ><\/div>\n\t\t\t\t\t\t\t\t\t\t\t<div class=\"elementor-gallery-item__overlay\"><\/div>\n\t\t\t\t\t\t\t\t\t\t\t\t\t\t<\/a>\n\t\t\t\t\t<\/div>\n\t\t\t\t\t<\/div>\n\t\t\t\t<\/div>\n\t\t\t\t\t<\/div>\n\t\t<\/div>\n\t\t\t\t\t<\/div>\n\t\t<\/section>\n\t\t\t\t<\/div>\n\t\t","protected":false},"excerpt":{"rendered":"<p>Conselheiros eleitos para o Conselho Superior da PCSC foram empossados nesta quarta-feira (26\/03) Nesta quarta-feira (26\/03), foram empossados os tr\u00eas conselheiros eleitos, para o bi\u00eanio 2025\/2026, do Conselho Superior da Pol\u00edcia Civil de Santa Catarina. O ato aconteceu na Delegacia-Geral da PCSC e contou com a presen\u00e7a do Delegado-Geral Ulisses Gabriel. Para a vaga de [&hellip;]<\/p>\n","protected":false},"author":5,"featured_media":27714,"comment_status":"closed","ping_status":"open","sticky":false,"template":"","format":"standard","meta":{"_monsterinsights_skip_tracking":false,"_monsterinsights_sitenote_active":false,"_monsterinsights_sitenote_note":"","_monsterinsights_sitenote_category":0,"footnotes":""},"categories":[1],"tags":[],"class_list":["post-27709","post","type-post","status-publish","format-standard","has-post-thumbnail","hentry","category-sem-categoria"],"_links":{"self":[{"href":"https:\/\/pc.sc.gov.br\/index.php?rest_route=\/wp\/v2\/posts\/27709","targetHints":{"allow":["GET"]}}],"collection":[{"href":"https:\/\/pc.sc.gov.br\/index.php?rest_route=\/wp\/v2\/posts"}],"about":[{"href":"https:\/\/pc.sc.gov.br\/index.php?rest_route=\/wp\/v2\/types\/post"}],"author":[{"embeddable":true,"href":"https:\/\/pc.sc.gov.br\/index.php?rest_route=\/wp\/v2\/users\/5"}],"replies":[{"embeddable":true,"href":"https:\/\/pc.sc.gov.br\/index.php?rest_route=%2Fwp%2Fv2%2Fcomments&post=27709"}],"version-history":[{"count":4,"href":"https:\/\/pc.sc.gov.br\/index.php?rest_route=\/wp\/v2\/posts\/27709\/revisions"}],"predecessor-version":[{"id":27720,"href":"https:\/\/pc.sc.gov.br\/index.php?rest_route=\/wp\/v2\/posts\/27709\/revisions\/27720"}],"wp:featuredmedia":[{"embeddable":true,"href":"https:\/\/pc.sc.gov.br\/index.php?rest_route=\/wp\/v2\/media\/27714"}],"wp:attachment":[{"href":"https:\/\/pc.sc.gov.br\/index.php?rest_route=%2Fwp%2Fv2%2Fmedia&parent=27709"}],"wp:term":[{"taxonomy":"category","embeddable":true,"href":"https:\/\/pc.sc.gov.br\/index.php?rest_route=%2Fwp%2Fv2%2Fcategories&post=27709"},{"taxonomy":"post_tag","embeddable":true,"href":"https:\/\/pc.sc.gov.br\/index.php?rest_route=%2Fwp%2Fv2%2Ftags&post=27709"}],"curies":[{"name":"wp","href":"https:\/\/api.w.org\/{rel}","templated":true}]}}