{"id":27728,"date":"2025-03-27T15:39:23","date_gmt":"2025-03-27T18:39:23","guid":{"rendered":"https:\/\/pc.sc.gov.br\/?p=27728"},"modified":"2025-03-27T15:42:46","modified_gmt":"2025-03-27T18:42:46","slug":"em-sao-jose-policia-civil-prende-professor-de-fanfarra-em-escola-de-blumenau","status":"publish","type":"post","link":"https:\/\/pc.sc.gov.br\/?p=27728","title":{"rendered":"Em S\u00e3o Jos\u00e9, Pol\u00edcia Civil prende professor suspeito por abusar de alunas em escola de Blumenau"},"content":{"rendered":"\t\t<div data-elementor-type=\"wp-post\" data-elementor-id=\"27728\" class=\"elementor elementor-27728\" data-elementor-post-type=\"post\">\n\t\t\t\t\t\t<section class=\"elementor-section elementor-top-section elementor-element elementor-element-37dc2f3 elementor-section-boxed elementor-section-height-default elementor-section-height-default\" data-id=\"37dc2f3\" data-element_type=\"section\">\n\t\t\t\t\t\t<div class=\"elementor-container elementor-column-gap-default\">\n\t\t\t\t\t<div class=\"elementor-column elementor-col-100 elementor-top-column elementor-element elementor-element-7e09cc9\" data-id=\"7e09cc9\" data-element_type=\"column\">\n\t\t\t<div class=\"elementor-widget-wrap elementor-element-populated\">\n\t\t\t\t\t\t<div class=\"elementor-element elementor-element-5424ed5 elementor-widget elementor-widget-heading\" data-id=\"5424ed5\" data-element_type=\"widget\" data-widget_type=\"heading.default\">\n\t\t\t\t<div class=\"elementor-widget-container\">\n\t\t\t\t\t<h2 class=\"elementor-heading-title elementor-size-default\">Em S\u00e3o Jos\u00e9, Pol\u00edcia Civil prende professor suspeito por abusar de alunas em escola de Blumenau<\/h2>\t\t\t\t<\/div>\n\t\t\t\t<\/div>\n\t\t\t\t\t<\/div>\n\t\t<\/div>\n\t\t\t\t\t<\/div>\n\t\t<\/section>\n\t\t\t\t<section class=\"elementor-section elementor-top-section elementor-element elementor-element-bb3de6f elementor-section-boxed elementor-section-height-default elementor-section-height-default\" data-id=\"bb3de6f\" data-element_type=\"section\">\n\t\t\t\t\t\t<div class=\"elementor-container elementor-column-gap-default\">\n\t\t\t\t\t<div class=\"elementor-column elementor-col-100 elementor-top-column elementor-element elementor-element-ff7757a\" data-id=\"ff7757a\" data-element_type=\"column\">\n\t\t\t<div class=\"elementor-widget-wrap elementor-element-populated\">\n\t\t\t\t\t\t<div class=\"elementor-element elementor-element-7e57c24 elementor-widget elementor-widget-image\" data-id=\"7e57c24\" data-element_type=\"widget\" data-widget_type=\"image.default\">\n\t\t\t\t<div class=\"elementor-widget-container\">\n\t\t\t\t\t\t\t\t\t\t\t\t\t\t\t<img fetchpriority=\"high\" decoding=\"async\" width=\"696\" height=\"464\" src=\"https:\/\/pc.sc.gov.br\/\/wp-content\/uploads\/2023\/10\/PCSC-VTR-1024x683.jpg\" class=\"attachment-large size-large wp-image-14700\" alt=\"\" srcset=\"https:\/\/pc.sc.gov.br\/\/wp-content\/uploads\/2023\/10\/PCSC-VTR-1024x683.jpg 1024w, https:\/\/pc.sc.gov.br\/\/wp-content\/uploads\/2023\/10\/PCSC-VTR-300x200.jpg 300w, https:\/\/pc.sc.gov.br\/\/wp-content\/uploads\/2023\/10\/PCSC-VTR-768x512.jpg 768w, https:\/\/pc.sc.gov.br\/\/wp-content\/uploads\/2023\/10\/PCSC-VTR-1536x1024.jpg 1536w, https:\/\/pc.sc.gov.br\/\/wp-content\/uploads\/2023\/10\/PCSC-VTR-2048x1365.jpg 2048w\" sizes=\"(max-width: 696px) 100vw, 696px\" \/>\t\t\t\t\t\t\t\t\t\t\t\t\t\t\t<\/div>\n\t\t\t\t<\/div>\n\t\t\t\t\t<\/div>\n\t\t<\/div>\n\t\t\t\t\t<\/div>\n\t\t<\/section>\n\t\t\t\t<section class=\"elementor-section elementor-top-section elementor-element elementor-element-caab7e7 elementor-section-boxed elementor-section-height-default elementor-section-height-default\" data-id=\"caab7e7\" data-element_type=\"section\">\n\t\t\t\t\t\t<div class=\"elementor-container elementor-column-gap-default\">\n\t\t\t\t\t<div class=\"elementor-column elementor-col-100 elementor-top-column elementor-element elementor-element-f11a066\" data-id=\"f11a066\" data-element_type=\"column\">\n\t\t\t<div class=\"elementor-widget-wrap elementor-element-populated\">\n\t\t\t\t\t\t<div class=\"elementor-element elementor-element-7b1dfb1 elementor-widget elementor-widget-text-editor\" data-id=\"7b1dfb1\" data-element_type=\"widget\" data-widget_type=\"text-editor.default\">\n\t\t\t\t<div class=\"elementor-widget-container\">\n\t\t\t\t\t\t\t\t\t<p>Nesta quinta-feira (27\/03), a Pol\u00edcia Civil de Santa Catarina, por meio da Delegacia de Prote\u00e7\u00e3o \u00e0 Crian\u00e7a, ao Adolescente, \u00e0 Mulher e ao Idoso de Blumenau, da Delegacia de Homic\u00eddios \/DIC e da Delegacia de Capturas da DEIC, prendeu, de forma preventiva, um professor suspeito de abusar de alunas da Escola B\u00e1sica Municipal Vidal Ramos, onde trabalhava, em Blumenau. O homem foi preso na cidade de S\u00e3o Jos\u00e9.<\/p><p>Ele era considerado foragido desde a madrugada do dia 22 de mar\u00e7o. No dia 25 de mar\u00e7o, foi expedido o mandado de pris\u00e3o pelo Poder Judici\u00e1rio, ap\u00f3s representa\u00e7\u00e3o da autoridade policial. O homem foi encaminhado ao Pres\u00eddio Regional de Blumenau. At\u00e9 o momento, foram identificadas cinco v\u00edtimas. A investiga\u00e7\u00e3o da DPCAMI de Blumenau segue em segredo de Justi\u00e7a, em raz\u00e3o da idade das v\u00edtimas.<\/p>\t\t\t\t\t\t\t\t<\/div>\n\t\t\t\t<\/div>\n\t\t\t\t\t<\/div>\n\t\t<\/div>\n\t\t\t\t\t<\/div>\n\t\t<\/section>\n\t\t\t\t<\/div>\n\t\t","protected":false},"excerpt":{"rendered":"<p>Em S\u00e3o Jos\u00e9, Pol\u00edcia Civil prende professor suspeito por abusar de alunas em escola de Blumenau Nesta quinta-feira (27\/03), a Pol\u00edcia Civil de Santa Catarina, por meio da Delegacia de Prote\u00e7\u00e3o \u00e0 Crian\u00e7a, ao Adolescente, \u00e0 Mulher e ao Idoso de Blumenau, da Delegacia de Homic\u00eddios \/DIC e da Delegacia de Capturas da DEIC, prendeu, [&hellip;]<\/p>\n","protected":false},"author":5,"featured_media":14700,"comment_status":"closed","ping_status":"open","sticky":false,"template":"","format":"standard","meta":{"_monsterinsights_skip_tracking":false,"_monsterinsights_sitenote_active":false,"_monsterinsights_sitenote_note":"","_monsterinsights_sitenote_category":0,"footnotes":""},"categories":[1],"tags":[],"class_list":["post-27728","post","type-post","status-publish","format-standard","has-post-thumbnail","hentry","category-sem-categoria"],"_links":{"self":[{"href":"https:\/\/pc.sc.gov.br\/index.php?rest_route=\/wp\/v2\/posts\/27728","targetHints":{"allow":["GET"]}}],"collection":[{"href":"https:\/\/pc.sc.gov.br\/index.php?rest_route=\/wp\/v2\/posts"}],"about":[{"href":"https:\/\/pc.sc.gov.br\/index.php?rest_route=\/wp\/v2\/types\/post"}],"author":[{"embeddable":true,"href":"https:\/\/pc.sc.gov.br\/index.php?rest_route=\/wp\/v2\/users\/5"}],"replies":[{"embeddable":true,"href":"https:\/\/pc.sc.gov.br\/index.php?rest_route=%2Fwp%2Fv2%2Fcomments&post=27728"}],"version-history":[{"count":5,"href":"https:\/\/pc.sc.gov.br\/index.php?rest_route=\/wp\/v2\/posts\/27728\/revisions"}],"predecessor-version":[{"id":27733,"href":"https:\/\/pc.sc.gov.br\/index.php?rest_route=\/wp\/v2\/posts\/27728\/revisions\/27733"}],"wp:featuredmedia":[{"embeddable":true,"href":"https:\/\/pc.sc.gov.br\/index.php?rest_route=\/wp\/v2\/media\/14700"}],"wp:attachment":[{"href":"https:\/\/pc.sc.gov.br\/index.php?rest_route=%2Fwp%2Fv2%2Fmedia&parent=27728"}],"wp:term":[{"taxonomy":"category","embeddable":true,"href":"https:\/\/pc.sc.gov.br\/index.php?rest_route=%2Fwp%2Fv2%2Fcategories&post=27728"},{"taxonomy":"post_tag","embeddable":true,"href":"https:\/\/pc.sc.gov.br\/index.php?rest_route=%2Fwp%2Fv2%2Ftags&post=27728"}],"curies":[{"name":"wp","href":"https:\/\/api.w.org\/{rel}","templated":true}]}}