{"id":27734,"date":"2025-03-27T17:35:29","date_gmt":"2025-03-27T20:35:29","guid":{"rendered":"https:\/\/pc.sc.gov.br\/?p=27734"},"modified":"2025-03-27T17:36:21","modified_gmt":"2025-03-27T20:36:21","slug":"em-operacao-policial-com-cao-de-faro-policia-civil-localiza-corpo-de-mulher-em-area-de-dunas-de-balneario-rincao","status":"publish","type":"post","link":"https:\/\/pc.sc.gov.br\/?p=27734","title":{"rendered":"Em opera\u00e7\u00e3o policial com c\u00e3o de faro, Pol\u00edcia Civil localiza corpo de mulher em \u00e1rea de dunas de Balne\u00e1rio Rinc\u00e3o"},"content":{"rendered":"\t\t<div data-elementor-type=\"wp-post\" data-elementor-id=\"27734\" class=\"elementor elementor-27734\" data-elementor-post-type=\"post\">\n\t\t\t\t\t\t<section class=\"elementor-section elementor-top-section elementor-element elementor-element-192ecec elementor-section-boxed elementor-section-height-default elementor-section-height-default\" data-id=\"192ecec\" data-element_type=\"section\">\n\t\t\t\t\t\t<div class=\"elementor-container elementor-column-gap-default\">\n\t\t\t\t\t<div class=\"elementor-column elementor-col-100 elementor-top-column elementor-element elementor-element-4501a94\" data-id=\"4501a94\" data-element_type=\"column\">\n\t\t\t<div class=\"elementor-widget-wrap elementor-element-populated\">\n\t\t\t\t\t\t<div class=\"elementor-element elementor-element-20fe27f elementor-widget elementor-widget-image\" data-id=\"20fe27f\" data-element_type=\"widget\" data-widget_type=\"image.default\">\n\t\t\t\t<div class=\"elementor-widget-container\">\n\t\t\t\t\t\t\t\t\t\t\t\t\t\t\t<img fetchpriority=\"high\" decoding=\"async\" width=\"696\" height=\"444\" src=\"https:\/\/pc.sc.gov.br\/\/wp-content\/uploads\/2025\/03\/WhatsApp-Image-2025-03-27-at-16.40.39-1024x653.jpeg\" class=\"attachment-large size-large wp-image-27735\" alt=\"\" srcset=\"https:\/\/pc.sc.gov.br\/\/wp-content\/uploads\/2025\/03\/WhatsApp-Image-2025-03-27-at-16.40.39-1024x653.jpeg 1024w, https:\/\/pc.sc.gov.br\/\/wp-content\/uploads\/2025\/03\/WhatsApp-Image-2025-03-27-at-16.40.39-300x191.jpeg 300w, https:\/\/pc.sc.gov.br\/\/wp-content\/uploads\/2025\/03\/WhatsApp-Image-2025-03-27-at-16.40.39-768x490.jpeg 768w, https:\/\/pc.sc.gov.br\/\/wp-content\/uploads\/2025\/03\/WhatsApp-Image-2025-03-27-at-16.40.39.jpeg 1500w\" sizes=\"(max-width: 696px) 100vw, 696px\" \/>\t\t\t\t\t\t\t\t\t\t\t\t\t\t\t<\/div>\n\t\t\t\t<\/div>\n\t\t\t\t\t<\/div>\n\t\t<\/div>\n\t\t\t\t\t<\/div>\n\t\t<\/section>\n\t\t\t\t<section class=\"elementor-section elementor-top-section elementor-element elementor-element-006226c elementor-section-boxed elementor-section-height-default elementor-section-height-default\" data-id=\"006226c\" data-element_type=\"section\">\n\t\t\t\t\t\t<div class=\"elementor-container elementor-column-gap-default\">\n\t\t\t\t\t<div class=\"elementor-column elementor-col-100 elementor-top-column elementor-element elementor-element-debbdd9\" data-id=\"debbdd9\" data-element_type=\"column\">\n\t\t\t<div class=\"elementor-widget-wrap elementor-element-populated\">\n\t\t\t\t\t\t<div class=\"elementor-element elementor-element-b45651f elementor-widget elementor-widget-text-editor\" data-id=\"b45651f\" data-element_type=\"widget\" data-widget_type=\"text-editor.default\">\n\t\t\t\t<div class=\"elementor-widget-container\">\n\t\t\t\t\t\t\t\t\t<p>Nesta manh\u00e3 (27\/03), a Pol\u00edcia Civil de Santa Catarina, por meio da Delegacia de Homic\u00eddios de Crici\u00fama, realizou opera\u00e7\u00e3o policial para poss\u00edvel localiza\u00e7\u00e3o de vest\u00edgios e corpos junto \u00e0s dunas na Zona Sul de Balne\u00e1rio Rinc\u00e3o.\u00a0<\/p><p>Ap\u00f3s trabalho de investiga\u00e7\u00e3o e an\u00e1lise de dados de intelig\u00eancia, os policiais levantaram a possibilidade de que aquela regi\u00e3o poderia ser o local de oculta\u00e7\u00e3o de cad\u00e1ver de um homem, desaparecido em junho do ano passado, que teve a investiga\u00e7\u00e3o conclu\u00edda pela Delegacia de Homic\u00eddios de Crici\u00fama, restando quatro pessoas indiciadas por homic\u00eddio.<\/p><p>A a\u00e7\u00e3o policial teve participa\u00e7\u00e3o fundamental do N\u00facleo de Opera\u00e7\u00f5es com C\u00e3es da Pol\u00edcia Civil, N\u00facleo de S\u00e3o Louren\u00e7o do Oeste, que possui c\u00e3o de faro com habilidades espec\u00edficas para localiza\u00e7\u00e3o de corpos.<\/p><p>Durante as dilig\u00eancias, que se estenderam at\u00e9 o in\u00edcio da tarde, foi localizada uma cova e desenterrado um cad\u00e1ver com caracter\u00edsticas femininas, estando em avan\u00e7ado estado de decomposi\u00e7\u00e3o. Existe a hip\u00f3tese de que o corpo seja de uma mulher com registro de desaparecimento em Tubar\u00e3o, em julho do ano passado. A Pol\u00edcia Cient\u00edfica foi acionada para realiza\u00e7\u00e3o de per\u00edcia, remo\u00e7\u00e3o do corpo e posterior tentativa de confirma\u00e7\u00e3o da identidade.<\/p><p>O efetivo de investigadores da Delegacia de Balne\u00e1rio Rinc\u00e3o atuou em conjunto com a Delegacia de Homic\u00eddios. A Prefeitura Municipal de Balne\u00e1rio Rinc\u00e3o prestou aux\u00edlio com emprego de maquin\u00e1rio.<\/p>\t\t\t\t\t\t\t\t<\/div>\n\t\t\t\t<\/div>\n\t\t\t\t\t<\/div>\n\t\t<\/div>\n\t\t\t\t\t<\/div>\n\t\t<\/section>\n\t\t\t\t<section class=\"elementor-section elementor-top-section elementor-element elementor-element-c57f9c5 elementor-section-boxed elementor-section-height-default elementor-section-height-default\" data-id=\"c57f9c5\" data-element_type=\"section\">\n\t\t\t\t\t\t<div class=\"elementor-container elementor-column-gap-default\">\n\t\t\t\t\t<div class=\"elementor-column elementor-col-100 elementor-top-column elementor-element elementor-element-89b29c2\" data-id=\"89b29c2\" data-element_type=\"column\">\n\t\t\t<div class=\"elementor-widget-wrap elementor-element-populated\">\n\t\t\t\t\t\t<div class=\"elementor-element elementor-element-38b828e elementor-widget elementor-widget-image\" data-id=\"38b828e\" data-element_type=\"widget\" data-widget_type=\"image.default\">\n\t\t\t\t<div class=\"elementor-widget-container\">\n\t\t\t\t\t\t\t\t\t\t\t\t\t\t\t<img decoding=\"async\" width=\"696\" height=\"827\" src=\"https:\/\/pc.sc.gov.br\/\/wp-content\/uploads\/2025\/03\/WhatsApp-Image-2025-03-27-at-16.40.40-862x1024.jpeg\" class=\"attachment-large size-large wp-image-27736\" alt=\"\" srcset=\"https:\/\/pc.sc.gov.br\/\/wp-content\/uploads\/2025\/03\/WhatsApp-Image-2025-03-27-at-16.40.40-862x1024.jpeg 862w, https:\/\/pc.sc.gov.br\/\/wp-content\/uploads\/2025\/03\/WhatsApp-Image-2025-03-27-at-16.40.40-252x300.jpeg 252w, https:\/\/pc.sc.gov.br\/\/wp-content\/uploads\/2025\/03\/WhatsApp-Image-2025-03-27-at-16.40.40-768x913.jpeg 768w, https:\/\/pc.sc.gov.br\/\/wp-content\/uploads\/2025\/03\/WhatsApp-Image-2025-03-27-at-16.40.40.jpeg 1200w\" sizes=\"(max-width: 696px) 100vw, 696px\" \/>\t\t\t\t\t\t\t\t\t\t\t\t\t\t\t<\/div>\n\t\t\t\t<\/div>\n\t\t\t\t\t<\/div>\n\t\t<\/div>\n\t\t\t\t\t<\/div>\n\t\t<\/section>\n\t\t\t\t<\/div>\n\t\t","protected":false},"excerpt":{"rendered":"<p>Nesta manh\u00e3 (27\/03), a Pol\u00edcia Civil de Santa Catarina, por meio da Delegacia de Homic\u00eddios de Crici\u00fama, realizou opera\u00e7\u00e3o policial para poss\u00edvel localiza\u00e7\u00e3o de vest\u00edgios e corpos junto \u00e0s dunas na Zona Sul de Balne\u00e1rio Rinc\u00e3o.\u00a0 Ap\u00f3s trabalho de investiga\u00e7\u00e3o e an\u00e1lise de dados de intelig\u00eancia, os policiais levantaram a possibilidade de que aquela regi\u00e3o [&hellip;]<\/p>\n","protected":false},"author":5,"featured_media":27735,"comment_status":"closed","ping_status":"open","sticky":false,"template":"","format":"standard","meta":{"_monsterinsights_skip_tracking":false,"_monsterinsights_sitenote_active":false,"_monsterinsights_sitenote_note":"","_monsterinsights_sitenote_category":0,"footnotes":""},"categories":[1],"tags":[],"class_list":["post-27734","post","type-post","status-publish","format-standard","has-post-thumbnail","hentry","category-sem-categoria"],"_links":{"self":[{"href":"https:\/\/pc.sc.gov.br\/index.php?rest_route=\/wp\/v2\/posts\/27734","targetHints":{"allow":["GET"]}}],"collection":[{"href":"https:\/\/pc.sc.gov.br\/index.php?rest_route=\/wp\/v2\/posts"}],"about":[{"href":"https:\/\/pc.sc.gov.br\/index.php?rest_route=\/wp\/v2\/types\/post"}],"author":[{"embeddable":true,"href":"https:\/\/pc.sc.gov.br\/index.php?rest_route=\/wp\/v2\/users\/5"}],"replies":[{"embeddable":true,"href":"https:\/\/pc.sc.gov.br\/index.php?rest_route=%2Fwp%2Fv2%2Fcomments&post=27734"}],"version-history":[{"count":4,"href":"https:\/\/pc.sc.gov.br\/index.php?rest_route=\/wp\/v2\/posts\/27734\/revisions"}],"predecessor-version":[{"id":27740,"href":"https:\/\/pc.sc.gov.br\/index.php?rest_route=\/wp\/v2\/posts\/27734\/revisions\/27740"}],"wp:featuredmedia":[{"embeddable":true,"href":"https:\/\/pc.sc.gov.br\/index.php?rest_route=\/wp\/v2\/media\/27735"}],"wp:attachment":[{"href":"https:\/\/pc.sc.gov.br\/index.php?rest_route=%2Fwp%2Fv2%2Fmedia&parent=27734"}],"wp:term":[{"taxonomy":"category","embeddable":true,"href":"https:\/\/pc.sc.gov.br\/index.php?rest_route=%2Fwp%2Fv2%2Fcategories&post=27734"},{"taxonomy":"post_tag","embeddable":true,"href":"https:\/\/pc.sc.gov.br\/index.php?rest_route=%2Fwp%2Fv2%2Ftags&post=27734"}],"curies":[{"name":"wp","href":"https:\/\/api.w.org\/{rel}","templated":true}]}}