{"id":27741,"date":"2025-03-27T17:51:57","date_gmt":"2025-03-27T20:51:57","guid":{"rendered":"https:\/\/pc.sc.gov.br\/?p=27741"},"modified":"2025-03-27T17:52:38","modified_gmt":"2025-03-27T20:52:38","slug":"forcas-de-seguranca-deflagram-27a-edicao-da-operacao-311-em-palhoca","status":"publish","type":"post","link":"https:\/\/pc.sc.gov.br\/?p=27741","title":{"rendered":"For\u00e7as de Seguran\u00e7a deflagram 27\u00aa Edi\u00e7\u00e3o da opera\u00e7\u00e3o \u201c311\u201d em Palho\u00e7a"},"content":{"rendered":"\t\t<div data-elementor-type=\"wp-post\" data-elementor-id=\"27741\" class=\"elementor elementor-27741\" data-elementor-post-type=\"post\">\n\t\t\t\t\t\t<section class=\"elementor-section elementor-top-section elementor-element elementor-element-0a7d22f elementor-section-boxed elementor-section-height-default elementor-section-height-default\" data-id=\"0a7d22f\" data-element_type=\"section\">\n\t\t\t\t\t\t<div class=\"elementor-container elementor-column-gap-default\">\n\t\t\t\t\t<div class=\"elementor-column elementor-col-100 elementor-top-column elementor-element elementor-element-74e0a66\" data-id=\"74e0a66\" data-element_type=\"column\">\n\t\t\t<div class=\"elementor-widget-wrap elementor-element-populated\">\n\t\t\t\t\t\t<div class=\"elementor-element elementor-element-e952026 elementor-widget elementor-widget-heading\" data-id=\"e952026\" data-element_type=\"widget\" data-widget_type=\"heading.default\">\n\t\t\t\t<div class=\"elementor-widget-container\">\n\t\t\t\t\t<h2 class=\"elementor-heading-title elementor-size-default\">For\u00e7as de Seguran\u00e7a deflagram 27\u00aa Edi\u00e7\u00e3o da opera\u00e7\u00e3o \u201c311\u201d em Palho\u00e7a\n<\/h2>\t\t\t\t<\/div>\n\t\t\t\t<\/div>\n\t\t\t\t\t<\/div>\n\t\t<\/div>\n\t\t\t\t\t<\/div>\n\t\t<\/section>\n\t\t\t\t<section class=\"elementor-section elementor-top-section elementor-element elementor-element-633bb95 elementor-section-boxed elementor-section-height-default elementor-section-height-default\" data-id=\"633bb95\" data-element_type=\"section\">\n\t\t\t\t\t\t<div class=\"elementor-container elementor-column-gap-default\">\n\t\t\t\t\t<div class=\"elementor-column elementor-col-100 elementor-top-column elementor-element elementor-element-4fb0cc1\" data-id=\"4fb0cc1\" data-element_type=\"column\">\n\t\t\t<div class=\"elementor-widget-wrap elementor-element-populated\">\n\t\t\t\t\t\t<div class=\"elementor-element elementor-element-2cbf3fb elementor-widget elementor-widget-image\" data-id=\"2cbf3fb\" data-element_type=\"widget\" data-widget_type=\"image.default\">\n\t\t\t\t<div class=\"elementor-widget-container\">\n\t\t\t\t\t\t\t\t\t\t\t\t\t\t\t<img fetchpriority=\"high\" decoding=\"async\" width=\"696\" height=\"928\" src=\"https:\/\/pc.sc.gov.br\/\/wp-content\/uploads\/2025\/03\/WhatsApp-Image-2025-03-27-at-17.29.35-768x1024.jpeg\" class=\"attachment-large size-large wp-image-27742\" alt=\"\" srcset=\"https:\/\/pc.sc.gov.br\/\/wp-content\/uploads\/2025\/03\/WhatsApp-Image-2025-03-27-at-17.29.35-768x1024.jpeg 768w, https:\/\/pc.sc.gov.br\/\/wp-content\/uploads\/2025\/03\/WhatsApp-Image-2025-03-27-at-17.29.35-225x300.jpeg 225w, https:\/\/pc.sc.gov.br\/\/wp-content\/uploads\/2025\/03\/WhatsApp-Image-2025-03-27-at-17.29.35-1152x1536.jpeg 1152w, https:\/\/pc.sc.gov.br\/\/wp-content\/uploads\/2025\/03\/WhatsApp-Image-2025-03-27-at-17.29.35.jpeg 1200w\" sizes=\"(max-width: 696px) 100vw, 696px\" \/>\t\t\t\t\t\t\t\t\t\t\t\t\t\t\t<\/div>\n\t\t\t\t<\/div>\n\t\t\t\t\t<\/div>\n\t\t<\/div>\n\t\t\t\t\t<\/div>\n\t\t<\/section>\n\t\t\t\t<section class=\"elementor-section elementor-top-section elementor-element elementor-element-ac18080 elementor-section-boxed elementor-section-height-default elementor-section-height-default\" data-id=\"ac18080\" data-element_type=\"section\">\n\t\t\t\t\t\t<div class=\"elementor-container elementor-column-gap-default\">\n\t\t\t\t\t<div class=\"elementor-column elementor-col-100 elementor-top-column elementor-element elementor-element-ae4423b\" data-id=\"ae4423b\" data-element_type=\"column\">\n\t\t\t<div class=\"elementor-widget-wrap elementor-element-populated\">\n\t\t\t\t\t\t<div class=\"elementor-element elementor-element-4d76018 elementor-widget elementor-widget-text-editor\" data-id=\"4d76018\" data-element_type=\"widget\" data-widget_type=\"text-editor.default\">\n\t\t\t\t<div class=\"elementor-widget-container\">\n\t\t\t\t\t\t\t\t\t<p>As for\u00e7as de seguran\u00e7a de Santa Catarina deflagraram, na tarde de hoje (27\/03), a 27\u00aa edi\u00e7\u00e3o da Opera\u00e7\u00e3o 311, desta vez na cidade de Palho\u00e7a. A fiscaliza\u00e7\u00e3o foi realizada pela Pol\u00edcia Civil de Santa Catarina, por meio da Delegacia de Furtos e Roubos de Ve\u00edculos da DEIC (DFRV\/DEIC), agentes de fiscaliza\u00e7\u00e3o da Prefeitura de Palho\u00e7a, Corregedoria do Detran e Pol\u00edcia Cient\u00edfica.<\/p><p>A a\u00e7\u00e3o teve como objetivo refor\u00e7ar a fiscaliza\u00e7\u00e3o em estabelecimentos do setor automotivo e coibir irregularidades. Durante a opera\u00e7\u00e3o, duas autope\u00e7as foram fiscalizadas. N\u00e3o foram encontradas pe\u00e7as de proced\u00eancia il\u00edcita. No entanto, em um dos estabelecimentos, foi aplicada uma multa devido \u00e0 infra\u00e7\u00e3o administrativa.<\/p><p>A opera\u00e7\u00e3o \u201c311\u201d busca garantir que empresas do ramo automotivo atuem dentro da legalidade, prevenindo crimes como recepta\u00e7\u00e3o e adultera\u00e7\u00e3o de ve\u00edculos e pe\u00e7as.<\/p>\t\t\t\t\t\t\t\t<\/div>\n\t\t\t\t<\/div>\n\t\t\t\t\t<\/div>\n\t\t<\/div>\n\t\t\t\t\t<\/div>\n\t\t<\/section>\n\t\t\t\t<\/div>\n\t\t","protected":false},"excerpt":{"rendered":"<p>For\u00e7as de Seguran\u00e7a deflagram 27\u00aa Edi\u00e7\u00e3o da opera\u00e7\u00e3o \u201c311\u201d em Palho\u00e7a As for\u00e7as de seguran\u00e7a de Santa Catarina deflagraram, na tarde de hoje (27\/03), a 27\u00aa edi\u00e7\u00e3o da Opera\u00e7\u00e3o 311, desta vez na cidade de Palho\u00e7a. A fiscaliza\u00e7\u00e3o foi realizada pela Pol\u00edcia Civil de Santa Catarina, por meio da Delegacia de Furtos e Roubos de [&hellip;]<\/p>\n","protected":false},"author":5,"featured_media":27742,"comment_status":"closed","ping_status":"open","sticky":false,"template":"","format":"standard","meta":{"_monsterinsights_skip_tracking":false,"_monsterinsights_sitenote_active":false,"_monsterinsights_sitenote_note":"","_monsterinsights_sitenote_category":0,"footnotes":""},"categories":[1],"tags":[],"class_list":["post-27741","post","type-post","status-publish","format-standard","has-post-thumbnail","hentry","category-sem-categoria"],"_links":{"self":[{"href":"https:\/\/pc.sc.gov.br\/index.php?rest_route=\/wp\/v2\/posts\/27741","targetHints":{"allow":["GET"]}}],"collection":[{"href":"https:\/\/pc.sc.gov.br\/index.php?rest_route=\/wp\/v2\/posts"}],"about":[{"href":"https:\/\/pc.sc.gov.br\/index.php?rest_route=\/wp\/v2\/types\/post"}],"author":[{"embeddable":true,"href":"https:\/\/pc.sc.gov.br\/index.php?rest_route=\/wp\/v2\/users\/5"}],"replies":[{"embeddable":true,"href":"https:\/\/pc.sc.gov.br\/index.php?rest_route=%2Fwp%2Fv2%2Fcomments&post=27741"}],"version-history":[{"count":4,"href":"https:\/\/pc.sc.gov.br\/index.php?rest_route=\/wp\/v2\/posts\/27741\/revisions"}],"predecessor-version":[{"id":27746,"href":"https:\/\/pc.sc.gov.br\/index.php?rest_route=\/wp\/v2\/posts\/27741\/revisions\/27746"}],"wp:featuredmedia":[{"embeddable":true,"href":"https:\/\/pc.sc.gov.br\/index.php?rest_route=\/wp\/v2\/media\/27742"}],"wp:attachment":[{"href":"https:\/\/pc.sc.gov.br\/index.php?rest_route=%2Fwp%2Fv2%2Fmedia&parent=27741"}],"wp:term":[{"taxonomy":"category","embeddable":true,"href":"https:\/\/pc.sc.gov.br\/index.php?rest_route=%2Fwp%2Fv2%2Fcategories&post=27741"},{"taxonomy":"post_tag","embeddable":true,"href":"https:\/\/pc.sc.gov.br\/index.php?rest_route=%2Fwp%2Fv2%2Ftags&post=27741"}],"curies":[{"name":"wp","href":"https:\/\/api.w.org\/{rel}","templated":true}]}}