{"id":27747,"date":"2025-03-27T19:14:13","date_gmt":"2025-03-27T22:14:13","guid":{"rendered":"https:\/\/pc.sc.gov.br\/?p=27747"},"modified":"2025-03-27T19:17:21","modified_gmt":"2025-03-27T22:17:21","slug":"caoagro-pcsc-participa-de-operacao-conjunta-com-o-ministerio-publico-para-fiscalizar-estabelecimentos-comerciais-nos-municipios-de-seara-e-xavantina","status":"publish","type":"post","link":"https:\/\/pc.sc.gov.br\/?p=27747","title":{"rendered":"CAOAGRO\/PCSC participa de opera\u00e7\u00e3o conjunta com o Minist\u00e9rio P\u00fablico para fiscalizar estabelecimentos comerciais nos munic\u00edpios de Seara e Xavantina"},"content":{"rendered":"\t\t<div data-elementor-type=\"wp-post\" data-elementor-id=\"27747\" class=\"elementor elementor-27747\" data-elementor-post-type=\"post\">\n\t\t\t\t\t\t<section class=\"elementor-section elementor-top-section elementor-element elementor-element-f6c3eba elementor-section-boxed elementor-section-height-default elementor-section-height-default\" data-id=\"f6c3eba\" data-element_type=\"section\">\n\t\t\t\t\t\t<div class=\"elementor-container elementor-column-gap-default\">\n\t\t\t\t\t<div class=\"elementor-column elementor-col-100 elementor-top-column elementor-element elementor-element-bfc3f17\" data-id=\"bfc3f17\" data-element_type=\"column\">\n\t\t\t<div class=\"elementor-widget-wrap elementor-element-populated\">\n\t\t\t\t\t\t<div class=\"elementor-element elementor-element-01a0599 elementor-widget elementor-widget-heading\" data-id=\"01a0599\" data-element_type=\"widget\" data-widget_type=\"heading.default\">\n\t\t\t\t<div class=\"elementor-widget-container\">\n\t\t\t\t\t<h2 class=\"elementor-heading-title elementor-size-default\">CAOAGRO\/PCSC participa de opera\u00e7\u00e3o conjunta com o Minist\u00e9rio P\u00fablico para fiscalizar estabelecimentos comerciais nos munic\u00edpios de Seara e Xavantina<\/h2>\t\t\t\t<\/div>\n\t\t\t\t<\/div>\n\t\t\t\t\t<\/div>\n\t\t<\/div>\n\t\t\t\t\t<\/div>\n\t\t<\/section>\n\t\t\t\t<section class=\"elementor-section elementor-top-section elementor-element elementor-element-d891bd3 elementor-section-boxed elementor-section-height-default elementor-section-height-default\" data-id=\"d891bd3\" data-element_type=\"section\">\n\t\t\t\t\t\t<div class=\"elementor-container elementor-column-gap-default\">\n\t\t\t\t\t<div class=\"elementor-column elementor-col-100 elementor-top-column elementor-element elementor-element-11c9f91\" data-id=\"11c9f91\" data-element_type=\"column\">\n\t\t\t<div class=\"elementor-widget-wrap elementor-element-populated\">\n\t\t\t\t\t\t<div class=\"elementor-element elementor-element-3abefc7 elementor-widget elementor-widget-image\" data-id=\"3abefc7\" data-element_type=\"widget\" data-widget_type=\"image.default\">\n\t\t\t\t<div class=\"elementor-widget-container\">\n\t\t\t\t\t\t\t\t\t\t\t\t\t\t\t<img fetchpriority=\"high\" decoding=\"async\" width=\"576\" height=\"1024\" src=\"https:\/\/pc.sc.gov.br\/\/wp-content\/uploads\/2025\/03\/WhatsApp-Image-2025-03-27-at-17.31.18-576x1024.jpeg\" class=\"attachment-large size-large wp-image-27748\" alt=\"\" srcset=\"https:\/\/pc.sc.gov.br\/\/wp-content\/uploads\/2025\/03\/WhatsApp-Image-2025-03-27-at-17.31.18-576x1024.jpeg 576w, https:\/\/pc.sc.gov.br\/\/wp-content\/uploads\/2025\/03\/WhatsApp-Image-2025-03-27-at-17.31.18-169x300.jpeg 169w, https:\/\/pc.sc.gov.br\/\/wp-content\/uploads\/2025\/03\/WhatsApp-Image-2025-03-27-at-17.31.18.jpeg 720w\" sizes=\"(max-width: 576px) 100vw, 576px\" \/>\t\t\t\t\t\t\t\t\t\t\t\t\t\t\t<\/div>\n\t\t\t\t<\/div>\n\t\t\t\t\t<\/div>\n\t\t<\/div>\n\t\t\t\t\t<\/div>\n\t\t<\/section>\n\t\t\t\t<section class=\"elementor-section elementor-top-section elementor-element elementor-element-399cf69 elementor-section-boxed elementor-section-height-default elementor-section-height-default\" data-id=\"399cf69\" data-element_type=\"section\">\n\t\t\t\t\t\t<div class=\"elementor-container elementor-column-gap-default\">\n\t\t\t\t\t<div class=\"elementor-column elementor-col-100 elementor-top-column elementor-element elementor-element-cce9cc0\" data-id=\"cce9cc0\" data-element_type=\"column\">\n\t\t\t<div class=\"elementor-widget-wrap elementor-element-populated\">\n\t\t\t\t\t\t<div class=\"elementor-element elementor-element-1d0049f elementor-widget elementor-widget-text-editor\" data-id=\"1d0049f\" data-element_type=\"widget\" data-widget_type=\"text-editor.default\">\n\t\t\t\t<div class=\"elementor-widget-container\">\n\t\t\t\t\t\t\t\t\t<p>A Pol\u00edcia Civil de Santa Catarina, por meio do Centro de Apoio Operacional de Combate aos Crimes Contra o Agroneg\u00f3cio e da Delegacia de Pol\u00edcia da Comarca da Fronteira de Seara, participou, entre os dias 24 e 26 de mar\u00e7o, de uma opera\u00e7\u00e3o conjunta com o Minist\u00e9rio P\u00fablico de Santa Catarina para fiscalizar estabelecimentos comerciais em Seara e Xavantina.<\/p><p>A a\u00e7\u00e3o foi coordenada pela Promotoria de Justi\u00e7a da Comarca de Seara e realizada por meio do Programa de Prote\u00e7\u00e3o Jur\u00eddico-Sanit\u00e1ria dos Consumidores de Produtos de Origem Animal (POA), do Centro de Apoio Operacional do Consumidor do MPSC. Tamb\u00e9m participaram da opera\u00e7\u00e3o a Vigil\u00e2ncia Sanit\u00e1ria Municipal e Estadual, CIDASC, Minist\u00e9rio da Agricultura e Pecu\u00e1ria (MAPA) e Pol\u00edcia Militar.<\/p><p>Foram fiscalizados supermercados, a\u00e7ougues e restaurantes, onde foram constatadas graves irregularidades sanit\u00e1rias. Produtos impr\u00f3prios para consumo foram apreendidos e retirados de circula\u00e7\u00e3o. Entre as infra\u00e7\u00f5es identificadas estavam carnes vencidas e congeladas irregularmente; ovos armazenados incorretamente e latic\u00ednios vencidos; ambientes insalubres e produtos sem identifica\u00e7\u00e3o.<\/p><p>A Vigil\u00e2ncia Sanit\u00e1ria lavrou autua\u00e7\u00f5es e determinou prazos para adequa\u00e7\u00e3o. Estabelecimentos que n\u00e3o cumprirem as exig\u00eancias poder\u00e3o ser interditados, e os respons\u00e1veis, processados criminalmente. Os materiais apreendidos foram destinados ao aterro sanit\u00e1rio para descarte.<\/p><p>A opera\u00e7\u00e3o reafirma o compromisso da Pol\u00edcia Civil e do Minist\u00e9rio P\u00fablico de Santa Catarina , bem como dos demais \u00f3rg\u00e3os envolvidos na prote\u00e7\u00e3o da sa\u00fade e da seguran\u00e7a alimentar da popula\u00e7\u00e3o catarinense.<\/p>\t\t\t\t\t\t\t\t<\/div>\n\t\t\t\t<\/div>\n\t\t\t\t\t<\/div>\n\t\t<\/div>\n\t\t\t\t\t<\/div>\n\t\t<\/section>\n\t\t\t\t<section class=\"elementor-section elementor-top-section elementor-element elementor-element-81184d8 elementor-section-boxed elementor-section-height-default elementor-section-height-default\" data-id=\"81184d8\" data-element_type=\"section\">\n\t\t\t\t\t\t<div class=\"elementor-container elementor-column-gap-default\">\n\t\t\t\t\t<div class=\"elementor-column elementor-col-100 elementor-top-column elementor-element elementor-element-eb1e759\" data-id=\"eb1e759\" data-element_type=\"column\">\n\t\t\t<div class=\"elementor-widget-wrap elementor-element-populated\">\n\t\t\t\t\t\t<div class=\"elementor-element elementor-element-22c3479 elementor-widget elementor-widget-gallery\" data-id=\"22c3479\" data-element_type=\"widget\" data-settings=\"{&quot;lazyload&quot;:&quot;yes&quot;,&quot;gallery_layout&quot;:&quot;grid&quot;,&quot;columns&quot;:4,&quot;columns_tablet&quot;:2,&quot;columns_mobile&quot;:1,&quot;gap&quot;:{&quot;unit&quot;:&quot;px&quot;,&quot;size&quot;:10,&quot;sizes&quot;:[]},&quot;gap_tablet&quot;:{&quot;unit&quot;:&quot;px&quot;,&quot;size&quot;:10,&quot;sizes&quot;:[]},&quot;gap_mobile&quot;:{&quot;unit&quot;:&quot;px&quot;,&quot;size&quot;:10,&quot;sizes&quot;:[]},&quot;link_to&quot;:&quot;file&quot;,&quot;aspect_ratio&quot;:&quot;3:2&quot;,&quot;overlay_background&quot;:&quot;yes&quot;,&quot;content_hover_animation&quot;:&quot;fade-in&quot;}\" data-widget_type=\"gallery.default\">\n\t\t\t\t<div class=\"elementor-widget-container\">\n\t\t\t\t\t\t\t<div class=\"elementor-gallery__container\">\n\t\t\t\t\t\t\t<a class=\"e-gallery-item elementor-gallery-item elementor-animated-content\" href=\"https:\/\/pc.sc.gov.br\/\/wp-content\/uploads\/2025\/03\/WhatsApp-Image-2025-03-27-at-17.31.18-1.jpeg\" data-elementor-open-lightbox=\"yes\" data-elementor-lightbox-slideshow=\"22c3479\" data-elementor-lightbox-title=\"WhatsApp Image 2025-03-27 at 17.31.18 (1)\" data-e-action-hash=\"#elementor-action%3Aaction%3Dlightbox%26settings%3DeyJpZCI6Mjc3NTAsInVybCI6Imh0dHBzOlwvXC9wYy5zYy5nb3YuYnJcL1wvd3AtY29udGVudFwvdXBsb2Fkc1wvMjAyNVwvMDNcL1doYXRzQXBwLUltYWdlLTIwMjUtMDMtMjctYXQtMTcuMzEuMTgtMS5qcGVnIiwic2xpZGVzaG93IjoiMjJjMzQ3OSJ9\">\n\t\t\t\t\t<div class=\"e-gallery-image elementor-gallery-item__image\" data-thumbnail=\"https:\/\/pc.sc.gov.br\/\/wp-content\/uploads\/2025\/03\/WhatsApp-Image-2025-03-27-at-17.31.18-1-135x300.jpeg\" data-width=\"135\" data-height=\"300\" aria-label=\"\" role=\"img\" ><\/div>\n\t\t\t\t\t\t\t\t\t\t\t<div class=\"elementor-gallery-item__overlay\"><\/div>\n\t\t\t\t\t\t\t\t\t\t\t\t\t\t<\/a>\n\t\t\t\t\t\t\t<a class=\"e-gallery-item elementor-gallery-item elementor-animated-content\" href=\"https:\/\/pc.sc.gov.br\/\/wp-content\/uploads\/2025\/03\/WhatsApp-Image-2025-03-27-at-17.31.19.jpeg\" data-elementor-open-lightbox=\"yes\" data-elementor-lightbox-slideshow=\"22c3479\" data-elementor-lightbox-title=\"WhatsApp Image 2025-03-27 at 17.31.19\" data-e-action-hash=\"#elementor-action%3Aaction%3Dlightbox%26settings%3DeyJpZCI6Mjc3NTEsInVybCI6Imh0dHBzOlwvXC9wYy5zYy5nb3YuYnJcL1wvd3AtY29udGVudFwvdXBsb2Fkc1wvMjAyNVwvMDNcL1doYXRzQXBwLUltYWdlLTIwMjUtMDMtMjctYXQtMTcuMzEuMTkuanBlZyIsInNsaWRlc2hvdyI6IjIyYzM0NzkifQ%3D%3D\">\n\t\t\t\t\t<div class=\"e-gallery-image elementor-gallery-item__image\" data-thumbnail=\"https:\/\/pc.sc.gov.br\/\/wp-content\/uploads\/2025\/03\/WhatsApp-Image-2025-03-27-at-17.31.19-135x300.jpeg\" data-width=\"135\" data-height=\"300\" aria-label=\"\" role=\"img\" ><\/div>\n\t\t\t\t\t\t\t\t\t\t\t<div class=\"elementor-gallery-item__overlay\"><\/div>\n\t\t\t\t\t\t\t\t\t\t\t\t\t\t<\/a>\n\t\t\t\t\t\t\t<a class=\"e-gallery-item elementor-gallery-item elementor-animated-content\" href=\"https:\/\/pc.sc.gov.br\/\/wp-content\/uploads\/2025\/03\/WhatsApp-Image-2025-03-27-at-17.30.24.jpeg\" data-elementor-open-lightbox=\"yes\" data-elementor-lightbox-slideshow=\"22c3479\" data-elementor-lightbox-title=\"WhatsApp Image 2025-03-27 at 17.30.24\" data-e-action-hash=\"#elementor-action%3Aaction%3Dlightbox%26settings%3DeyJpZCI6Mjc3NTIsInVybCI6Imh0dHBzOlwvXC9wYy5zYy5nb3YuYnJcL1wvd3AtY29udGVudFwvdXBsb2Fkc1wvMjAyNVwvMDNcL1doYXRzQXBwLUltYWdlLTIwMjUtMDMtMjctYXQtMTcuMzAuMjQuanBlZyIsInNsaWRlc2hvdyI6IjIyYzM0NzkifQ%3D%3D\">\n\t\t\t\t\t<div class=\"e-gallery-image elementor-gallery-item__image\" data-thumbnail=\"https:\/\/pc.sc.gov.br\/\/wp-content\/uploads\/2025\/03\/WhatsApp-Image-2025-03-27-at-17.30.24-300x225.jpeg\" data-width=\"300\" data-height=\"225\" aria-label=\"\" role=\"img\" ><\/div>\n\t\t\t\t\t\t\t\t\t\t\t<div class=\"elementor-gallery-item__overlay\"><\/div>\n\t\t\t\t\t\t\t\t\t\t\t\t\t\t<\/a>\n\t\t\t\t\t\t\t<a class=\"e-gallery-item elementor-gallery-item elementor-animated-content\" href=\"https:\/\/pc.sc.gov.br\/\/wp-content\/uploads\/2025\/03\/WhatsApp-Image-2025-03-27-at-17.30.23.jpeg\" data-elementor-open-lightbox=\"yes\" data-elementor-lightbox-slideshow=\"22c3479\" data-elementor-lightbox-title=\"WhatsApp Image 2025-03-27 at 17.30.23\" data-e-action-hash=\"#elementor-action%3Aaction%3Dlightbox%26settings%3DeyJpZCI6Mjc3NTMsInVybCI6Imh0dHBzOlwvXC9wYy5zYy5nb3YuYnJcL1wvd3AtY29udGVudFwvdXBsb2Fkc1wvMjAyNVwvMDNcL1doYXRzQXBwLUltYWdlLTIwMjUtMDMtMjctYXQtMTcuMzAuMjMuanBlZyIsInNsaWRlc2hvdyI6IjIyYzM0NzkifQ%3D%3D\">\n\t\t\t\t\t<div class=\"e-gallery-image elementor-gallery-item__image\" data-thumbnail=\"https:\/\/pc.sc.gov.br\/\/wp-content\/uploads\/2025\/03\/WhatsApp-Image-2025-03-27-at-17.30.23-300x225.jpeg\" data-width=\"300\" data-height=\"225\" aria-label=\"\" role=\"img\" ><\/div>\n\t\t\t\t\t\t\t\t\t\t\t<div class=\"elementor-gallery-item__overlay\"><\/div>\n\t\t\t\t\t\t\t\t\t\t\t\t\t\t<\/a>\n\t\t\t\t\t<\/div>\n\t\t\t\t\t<\/div>\n\t\t\t\t<\/div>\n\t\t\t\t\t<\/div>\n\t\t<\/div>\n\t\t\t\t\t<\/div>\n\t\t<\/section>\n\t\t\t\t<\/div>\n\t\t","protected":false},"excerpt":{"rendered":"<p>CAOAGRO\/PCSC participa de opera\u00e7\u00e3o conjunta com o Minist\u00e9rio P\u00fablico para fiscalizar estabelecimentos comerciais nos munic\u00edpios de Seara e Xavantina A Pol\u00edcia Civil de Santa Catarina, por meio do Centro de Apoio Operacional de Combate aos Crimes Contra o Agroneg\u00f3cio e da Delegacia de Pol\u00edcia da Comarca da Fronteira de Seara, participou, entre os dias 24 [&hellip;]<\/p>\n","protected":false},"author":5,"featured_media":27748,"comment_status":"closed","ping_status":"open","sticky":false,"template":"","format":"standard","meta":{"_monsterinsights_skip_tracking":false,"_monsterinsights_sitenote_active":false,"_monsterinsights_sitenote_note":"","_monsterinsights_sitenote_category":0,"footnotes":""},"categories":[1],"tags":[],"class_list":["post-27747","post","type-post","status-publish","format-standard","has-post-thumbnail","hentry","category-sem-categoria"],"_links":{"self":[{"href":"https:\/\/pc.sc.gov.br\/index.php?rest_route=\/wp\/v2\/posts\/27747","targetHints":{"allow":["GET"]}}],"collection":[{"href":"https:\/\/pc.sc.gov.br\/index.php?rest_route=\/wp\/v2\/posts"}],"about":[{"href":"https:\/\/pc.sc.gov.br\/index.php?rest_route=\/wp\/v2\/types\/post"}],"author":[{"embeddable":true,"href":"https:\/\/pc.sc.gov.br\/index.php?rest_route=\/wp\/v2\/users\/5"}],"replies":[{"embeddable":true,"href":"https:\/\/pc.sc.gov.br\/index.php?rest_route=%2Fwp%2Fv2%2Fcomments&post=27747"}],"version-history":[{"count":4,"href":"https:\/\/pc.sc.gov.br\/index.php?rest_route=\/wp\/v2\/posts\/27747\/revisions"}],"predecessor-version":[{"id":27756,"href":"https:\/\/pc.sc.gov.br\/index.php?rest_route=\/wp\/v2\/posts\/27747\/revisions\/27756"}],"wp:featuredmedia":[{"embeddable":true,"href":"https:\/\/pc.sc.gov.br\/index.php?rest_route=\/wp\/v2\/media\/27748"}],"wp:attachment":[{"href":"https:\/\/pc.sc.gov.br\/index.php?rest_route=%2Fwp%2Fv2%2Fmedia&parent=27747"}],"wp:term":[{"taxonomy":"category","embeddable":true,"href":"https:\/\/pc.sc.gov.br\/index.php?rest_route=%2Fwp%2Fv2%2Fcategories&post=27747"},{"taxonomy":"post_tag","embeddable":true,"href":"https:\/\/pc.sc.gov.br\/index.php?rest_route=%2Fwp%2Fv2%2Ftags&post=27747"}],"curies":[{"name":"wp","href":"https:\/\/api.w.org\/{rel}","templated":true}]}}