{"id":27803,"date":"2025-03-28T17:32:53","date_gmt":"2025-03-28T20:32:53","guid":{"rendered":"https:\/\/pc.sc.gov.br\/?p=27803"},"modified":"2025-03-28T17:33:43","modified_gmt":"2025-03-28T20:33:43","slug":"dic-de-tubarao-finaliza-inquerito-de-estelionato-identifica-06-pessoas-envolvidas-alem-de-07-pesssoas-juridicas-e-sequestra-o-valor-do-prejuizo-sofrido-pela-vitima","status":"publish","type":"post","link":"https:\/\/pc.sc.gov.br\/?p=27803","title":{"rendered":"DIC de Tubar\u00e3o finaliza inqu\u00e9rito de estelionato, identifica 06 pessoas envolvidas, al\u00e9m de 07 pesssoas jur\u00eddicas e sequestra o valor do preju\u00edzo sofrido pela v\u00edtima"},"content":{"rendered":"\t\t<div data-elementor-type=\"wp-post\" data-elementor-id=\"27803\" class=\"elementor elementor-27803\" data-elementor-post-type=\"post\">\n\t\t\t\t\t\t<section class=\"elementor-section elementor-top-section elementor-element elementor-element-32f569e elementor-section-boxed elementor-section-height-default elementor-section-height-default\" data-id=\"32f569e\" data-element_type=\"section\">\n\t\t\t\t\t\t<div class=\"elementor-container elementor-column-gap-default\">\n\t\t\t\t\t<div class=\"elementor-column elementor-col-100 elementor-top-column elementor-element elementor-element-a21a506\" data-id=\"a21a506\" data-element_type=\"column\">\n\t\t\t<div class=\"elementor-widget-wrap elementor-element-populated\">\n\t\t\t\t\t\t<div class=\"elementor-element elementor-element-8be3540 elementor-widget elementor-widget-heading\" data-id=\"8be3540\" data-element_type=\"widget\" data-widget_type=\"heading.default\">\n\t\t\t\t<div class=\"elementor-widget-container\">\n\t\t\t\t\t<h2 class=\"elementor-heading-title elementor-size-default\">DIC de Tubar\u00e3o finaliza inqu\u00e9rito de estelionato, identifica 06 pessoas envolvidas, al\u00e9m de 07 pesssoas jur\u00eddicas e sequestra o valor do preju\u00edzo sofrido pela v\u00edtima<\/h2>\t\t\t\t<\/div>\n\t\t\t\t<\/div>\n\t\t\t\t\t<\/div>\n\t\t<\/div>\n\t\t\t\t\t<\/div>\n\t\t<\/section>\n\t\t\t\t<section class=\"elementor-section elementor-top-section elementor-element elementor-element-92d0620 elementor-section-boxed elementor-section-height-default elementor-section-height-default\" data-id=\"92d0620\" data-element_type=\"section\">\n\t\t\t\t\t\t<div class=\"elementor-container elementor-column-gap-default\">\n\t\t\t\t\t<div class=\"elementor-column elementor-col-100 elementor-top-column elementor-element elementor-element-18c9952\" data-id=\"18c9952\" data-element_type=\"column\">\n\t\t\t<div class=\"elementor-widget-wrap elementor-element-populated\">\n\t\t\t\t\t\t<div class=\"elementor-element elementor-element-dd51baa elementor-widget elementor-widget-image\" data-id=\"dd51baa\" data-element_type=\"widget\" data-widget_type=\"image.default\">\n\t\t\t\t<div class=\"elementor-widget-container\">\n\t\t\t\t\t\t\t\t\t\t\t\t\t\t\t<img fetchpriority=\"high\" decoding=\"async\" width=\"696\" height=\"853\" src=\"https:\/\/pc.sc.gov.br\/\/wp-content\/uploads\/2025\/03\/WhatsApp-Image-2025-03-21-at-17.51.31.jpeg\" class=\"attachment-large size-large wp-image-27804\" alt=\"\" srcset=\"https:\/\/pc.sc.gov.br\/\/wp-content\/uploads\/2025\/03\/WhatsApp-Image-2025-03-21-at-17.51.31.jpeg 828w, https:\/\/pc.sc.gov.br\/\/wp-content\/uploads\/2025\/03\/WhatsApp-Image-2025-03-21-at-17.51.31-245x300.jpeg 245w, https:\/\/pc.sc.gov.br\/\/wp-content\/uploads\/2025\/03\/WhatsApp-Image-2025-03-21-at-17.51.31-768x941.jpeg 768w\" sizes=\"(max-width: 696px) 100vw, 696px\" \/>\t\t\t\t\t\t\t\t\t\t\t\t\t\t\t<\/div>\n\t\t\t\t<\/div>\n\t\t\t\t\t<\/div>\n\t\t<\/div>\n\t\t\t\t\t<\/div>\n\t\t<\/section>\n\t\t\t\t<section class=\"elementor-section elementor-top-section elementor-element elementor-element-fd730cf elementor-section-boxed elementor-section-height-default elementor-section-height-default\" data-id=\"fd730cf\" data-element_type=\"section\">\n\t\t\t\t\t\t<div class=\"elementor-container elementor-column-gap-default\">\n\t\t\t\t\t<div class=\"elementor-column elementor-col-100 elementor-top-column elementor-element elementor-element-8128cf4\" data-id=\"8128cf4\" data-element_type=\"column\">\n\t\t\t<div class=\"elementor-widget-wrap elementor-element-populated\">\n\t\t\t\t\t\t<div class=\"elementor-element elementor-element-9f5d42a elementor-widget elementor-widget-text-editor\" data-id=\"9f5d42a\" data-element_type=\"widget\" data-widget_type=\"text-editor.default\">\n\t\t\t\t<div class=\"elementor-widget-container\">\n\t\t\t\t\t\t\t\t\t<p>A Pol\u00edcia Civil de Santa Catarina, por interm\u00e9dio da Delegacia de Investiga\u00e7\u00f5es Criminais de Tubar\u00e3o, finalizou um inqu\u00e9rito policial por meio do qual se apurava, al\u00e9m de outros fatos, um estelionato na modalidade boleto falso em que a v\u00edtima sofreu um preju\u00edzo de R$ 43.000,00. 06 pessoas e 07 CNPJs usados pelo bando foram identificados e houve o sequestro da integralidade do valor do preju\u00edzo sofrido pela v\u00edtima.<\/p><p>Em outubro de 2020, uma cidad\u00e3 de Tubar\u00e3o foi v\u00edtima de um assalto, fato devidamente elucidado, tendo o ve\u00edculo roubado sido recuperado no Estado de S\u00e3o Paulo. Poucos dias depois, a v\u00edtima decidiu quitar o financiamento de seu carro e procurou um contato do banco. De posse desse n\u00famero, a v\u00edtima solicitou o encaminhamento do boleto para a quita\u00e7\u00e3o do financiamento no valor de R$ 43.000,00, por\u00e9m, sem que ela percebesse, os golpistas estavam se passando pelo Banco Safra e encaminharam a ela um boleto falso.<\/p><p>De posse do boleto e sem perceber que se tratava de um documento falso, a v\u00edtima pagou a guia e apenas posteriormente verificou que o benefici\u00e1rio era uma barbearia situada no Estado de S\u00e3o Paulo.<\/p><p>Nesse sentido, foi instaurado um inqu\u00e9rito policial e, ap\u00f3s in\u00fameras dilig\u00eancias e medidas cautelares judiciais, a Pol\u00edcia Civil chegou a pelo menos 06 pessoas f\u00edsicas envolvidas, que se utilizavam de pelo menos 07 pessoas jur\u00eddicas para aplicar esse tipo de golpe (golpe do boleto falso). Al\u00e9m disso, o valor do preju\u00edzo foi integralmente sequestrado junto \u00e0s contas dos investigados.<\/p><p>Os valores se encontram depositados em Ju\u00edzo e em momento oportuno poder\u00e3o ser restitu\u00eddos \u00e0 v\u00edtima. Durante as investiga\u00e7\u00f5es, identificaram-se tamb\u00e9m fortes ind\u00edcios de que se trata de uma associa\u00e7\u00e3o criminosa que tem por finalidade a pr\u00e1tica desse tipo de crime e que tem base no Estado de S\u00e3o Paulo.<\/p><p>Com a conclus\u00e3o das dilig\u00eancias, as pessoas f\u00edsicas identificadas foram indiciadas pelo Delegado de Pol\u00edcia respons\u00e1vel pelo caso e o procedimento policial foi encaminhado ao Minist\u00e9rio P\u00fablico, que poder\u00e1 requerer novas dilig\u00eancias ou oferecer den\u00fancia em rela\u00e7\u00e3o aos suspeitos identificados.<\/p>\t\t\t\t\t\t\t\t<\/div>\n\t\t\t\t<\/div>\n\t\t\t\t\t<\/div>\n\t\t<\/div>\n\t\t\t\t\t<\/div>\n\t\t<\/section>\n\t\t\t\t<\/div>\n\t\t","protected":false},"excerpt":{"rendered":"<p>DIC de Tubar\u00e3o finaliza inqu\u00e9rito de estelionato, identifica 06 pessoas envolvidas, al\u00e9m de 07 pesssoas jur\u00eddicas e sequestra o valor do preju\u00edzo sofrido pela v\u00edtima A Pol\u00edcia Civil de Santa Catarina, por interm\u00e9dio da Delegacia de Investiga\u00e7\u00f5es Criminais de Tubar\u00e3o, finalizou um inqu\u00e9rito policial por meio do qual se apurava, al\u00e9m de outros fatos, um [&hellip;]<\/p>\n","protected":false},"author":5,"featured_media":27804,"comment_status":"closed","ping_status":"open","sticky":false,"template":"","format":"standard","meta":{"_monsterinsights_skip_tracking":false,"_monsterinsights_sitenote_active":false,"_monsterinsights_sitenote_note":"","_monsterinsights_sitenote_category":0,"footnotes":""},"categories":[1],"tags":[],"class_list":["post-27803","post","type-post","status-publish","format-standard","has-post-thumbnail","hentry","category-sem-categoria"],"_links":{"self":[{"href":"https:\/\/pc.sc.gov.br\/index.php?rest_route=\/wp\/v2\/posts\/27803","targetHints":{"allow":["GET"]}}],"collection":[{"href":"https:\/\/pc.sc.gov.br\/index.php?rest_route=\/wp\/v2\/posts"}],"about":[{"href":"https:\/\/pc.sc.gov.br\/index.php?rest_route=\/wp\/v2\/types\/post"}],"author":[{"embeddable":true,"href":"https:\/\/pc.sc.gov.br\/index.php?rest_route=\/wp\/v2\/users\/5"}],"replies":[{"embeddable":true,"href":"https:\/\/pc.sc.gov.br\/index.php?rest_route=%2Fwp%2Fv2%2Fcomments&post=27803"}],"version-history":[{"count":4,"href":"https:\/\/pc.sc.gov.br\/index.php?rest_route=\/wp\/v2\/posts\/27803\/revisions"}],"predecessor-version":[{"id":27808,"href":"https:\/\/pc.sc.gov.br\/index.php?rest_route=\/wp\/v2\/posts\/27803\/revisions\/27808"}],"wp:featuredmedia":[{"embeddable":true,"href":"https:\/\/pc.sc.gov.br\/index.php?rest_route=\/wp\/v2\/media\/27804"}],"wp:attachment":[{"href":"https:\/\/pc.sc.gov.br\/index.php?rest_route=%2Fwp%2Fv2%2Fmedia&parent=27803"}],"wp:term":[{"taxonomy":"category","embeddable":true,"href":"https:\/\/pc.sc.gov.br\/index.php?rest_route=%2Fwp%2Fv2%2Fcategories&post=27803"},{"taxonomy":"post_tag","embeddable":true,"href":"https:\/\/pc.sc.gov.br\/index.php?rest_route=%2Fwp%2Fv2%2Ftags&post=27803"}],"curies":[{"name":"wp","href":"https:\/\/api.w.org\/{rel}","templated":true}]}}