{"id":27814,"date":"2025-04-01T15:21:21","date_gmt":"2025-04-01T18:21:21","guid":{"rendered":"https:\/\/pc.sc.gov.br\/?p=27814"},"modified":"2025-04-01T15:22:31","modified_gmt":"2025-04-01T18:22:31","slug":"draco-deic-deflagra-2a-fase-de-operacao-sobre-vazamento-de-dados-sigilosos","status":"publish","type":"post","link":"https:\/\/pc.sc.gov.br\/?p=27814","title":{"rendered":"DRACO\/DEIC deflagra 2\u00aa fase de opera\u00e7\u00e3o sobre vazamento de dados sigilosos"},"content":{"rendered":"\t\t<div data-elementor-type=\"wp-post\" data-elementor-id=\"27814\" class=\"elementor elementor-27814\" data-elementor-post-type=\"post\">\n\t\t\t\t\t\t<section class=\"elementor-section elementor-top-section elementor-element elementor-element-b3e879d elementor-section-boxed elementor-section-height-default elementor-section-height-default\" data-id=\"b3e879d\" data-element_type=\"section\">\n\t\t\t\t\t\t<div class=\"elementor-container elementor-column-gap-default\">\n\t\t\t\t\t<div class=\"elementor-column elementor-col-100 elementor-top-column elementor-element elementor-element-fbfa026\" data-id=\"fbfa026\" data-element_type=\"column\">\n\t\t\t<div class=\"elementor-widget-wrap elementor-element-populated\">\n\t\t\t\t\t\t<div class=\"elementor-element elementor-element-e87a835 elementor-widget elementor-widget-heading\" data-id=\"e87a835\" data-element_type=\"widget\" data-widget_type=\"heading.default\">\n\t\t\t\t<div class=\"elementor-widget-container\">\n\t\t\t\t\t<h2 class=\"elementor-heading-title elementor-size-default\">DRACO\/DEIC deflagra 2\u00aa fase de opera\u00e7\u00e3o sobre vazamento de dados sigilosos<\/h2>\t\t\t\t<\/div>\n\t\t\t\t<\/div>\n\t\t\t\t\t<\/div>\n\t\t<\/div>\n\t\t\t\t\t<\/div>\n\t\t<\/section>\n\t\t\t\t<section class=\"elementor-section elementor-top-section elementor-element elementor-element-5a377fc elementor-section-boxed elementor-section-height-default elementor-section-height-default\" data-id=\"5a377fc\" data-element_type=\"section\">\n\t\t\t\t\t\t<div class=\"elementor-container elementor-column-gap-default\">\n\t\t\t\t\t<div class=\"elementor-column elementor-col-100 elementor-top-column elementor-element elementor-element-892ed90\" data-id=\"892ed90\" data-element_type=\"column\">\n\t\t\t<div class=\"elementor-widget-wrap elementor-element-populated\">\n\t\t\t\t\t\t<div class=\"elementor-element elementor-element-afaa89d elementor-widget elementor-widget-image\" data-id=\"afaa89d\" data-element_type=\"widget\" data-widget_type=\"image.default\">\n\t\t\t\t<div class=\"elementor-widget-container\">\n\t\t\t\t\t\t\t\t\t\t\t\t\t\t\t<img fetchpriority=\"high\" decoding=\"async\" width=\"696\" height=\"392\" src=\"https:\/\/pc.sc.gov.br\/\/wp-content\/uploads\/2025\/04\/WhatsApp-Image-2025-04-01-at-08.21.18-1024x576.jpeg\" class=\"attachment-large size-large wp-image-27815\" alt=\"\" srcset=\"https:\/\/pc.sc.gov.br\/\/wp-content\/uploads\/2025\/04\/WhatsApp-Image-2025-04-01-at-08.21.18-1024x576.jpeg 1024w, https:\/\/pc.sc.gov.br\/\/wp-content\/uploads\/2025\/04\/WhatsApp-Image-2025-04-01-at-08.21.18-300x169.jpeg 300w, https:\/\/pc.sc.gov.br\/\/wp-content\/uploads\/2025\/04\/WhatsApp-Image-2025-04-01-at-08.21.18-768x432.jpeg 768w, https:\/\/pc.sc.gov.br\/\/wp-content\/uploads\/2025\/04\/WhatsApp-Image-2025-04-01-at-08.21.18-1536x864.jpeg 1536w, https:\/\/pc.sc.gov.br\/\/wp-content\/uploads\/2025\/04\/WhatsApp-Image-2025-04-01-at-08.21.18.jpeg 1599w\" sizes=\"(max-width: 696px) 100vw, 696px\" \/>\t\t\t\t\t\t\t\t\t\t\t\t\t\t\t<\/div>\n\t\t\t\t<\/div>\n\t\t\t\t\t<\/div>\n\t\t<\/div>\n\t\t\t\t\t<\/div>\n\t\t<\/section>\n\t\t\t\t<section class=\"elementor-section elementor-top-section elementor-element elementor-element-3314bce elementor-section-boxed elementor-section-height-default elementor-section-height-default\" data-id=\"3314bce\" data-element_type=\"section\">\n\t\t\t\t\t\t<div class=\"elementor-container elementor-column-gap-default\">\n\t\t\t\t\t<div class=\"elementor-column elementor-col-100 elementor-top-column elementor-element elementor-element-526869e\" data-id=\"526869e\" data-element_type=\"column\">\n\t\t\t<div class=\"elementor-widget-wrap elementor-element-populated\">\n\t\t\t\t\t\t<div class=\"elementor-element elementor-element-18e225e elementor-widget elementor-widget-text-editor\" data-id=\"18e225e\" data-element_type=\"widget\" data-widget_type=\"text-editor.default\">\n\t\t\t\t<div class=\"elementor-widget-container\">\n\t\t\t\t\t\t\t\t\t<p>\u00a0A Pol\u00edcia Civil de Santa Catarina, por meio da Delegacia de Repress\u00e3o ao Crime Organizado da Diretoria Estadual de Investiga\u00e7\u00f5es Criminais (DRACO\/DEIC), deflagrou, na manh\u00e3 desta ter\u00e7a-feira (01\/04), opera\u00e7\u00e3o policial em Florian\u00f3polis, Bigua\u00e7u e Navegantes. O objetivo foi o cumprimento de cinco mandados de busca e apreens\u00e3o em desfavor de integrantes de organiza\u00e7\u00e3o criminosa voltada ao tr\u00e1fico de drogas, respons\u00e1vel por promover vazamento de dados sigilosos com o aux\u00edlio de uma estagiaria do curso de Direito.<\/p><p>\u00a0Ap\u00f3s a pris\u00e3o da estagi\u00e1ria no dia 25\/02, hoje foi deflagrada a 2\u00aa fase da opera\u00e7\u00e3o, com o cumprimento de cinco mandados de busca e apreens\u00e3o em desfavor de mais tr\u00eas investigados. Al\u00e9m disso, hoje, uma comparsa da estagi\u00e1ria e seu companheiro foram presos em flagrante por tr\u00e1fico de drogas e associa\u00e7\u00e3o ao tr\u00e1fico, sendo apreendido na resid\u00eancia com o casal cerca de 01 kg de maconha, balan\u00e7a de precis\u00e3o, telefones e demais objetos. Ainda foi apreendido R$ 17.000,00 em esp\u00e9cie, um ve\u00edculo, uma motocicleta e um carregador de pistola.<\/p><p>\u00a0A investiga\u00e7\u00e3o, coordenada pelo Delegado de Pol\u00edcia Antonio Claudio de Seixas J\u00f3ca, titular da DRACO\/DEIC, apontou que estudante de Direito e estagi\u00e1ria da Justi\u00e7a Federal, quando ainda fazia est\u00e1gio na Justi\u00e7a Estadual, acessou indevidamente diversas investiga\u00e7\u00f5es sigilosas de investiga\u00e7\u00f5es referentes ao tr\u00e1fico de drogas e organiza\u00e7\u00f5es criminosas, sendo que tais informa\u00e7\u00f5es eram repassadas a outros integrantes do grupo investigado.<\/p><p>\u00a0As investiga\u00e7\u00f5es continuam para identificar outras pessoas envolvidas nesse complexo esquema criminoso voltado \u00e0 pratica dos crimes de participa\u00e7\u00e3o em organiza\u00e7\u00e3o criminosa, tr\u00e1fico de drogas e viola\u00e7\u00e3o de sigilo funcional.<\/p>\t\t\t\t\t\t\t\t<\/div>\n\t\t\t\t<\/div>\n\t\t\t\t\t<\/div>\n\t\t<\/div>\n\t\t\t\t\t<\/div>\n\t\t<\/section>\n\t\t\t\t<section class=\"elementor-section elementor-top-section elementor-element elementor-element-ae26e9a elementor-section-boxed elementor-section-height-default elementor-section-height-default\" data-id=\"ae26e9a\" data-element_type=\"section\">\n\t\t\t\t\t\t<div class=\"elementor-container elementor-column-gap-default\">\n\t\t\t\t\t<div class=\"elementor-column elementor-col-100 elementor-top-column elementor-element elementor-element-439ee31\" data-id=\"439ee31\" data-element_type=\"column\">\n\t\t\t<div class=\"elementor-widget-wrap elementor-element-populated\">\n\t\t\t\t\t\t<div class=\"elementor-element elementor-element-590ab8d elementor-widget elementor-widget-image\" data-id=\"590ab8d\" data-element_type=\"widget\" data-widget_type=\"image.default\">\n\t\t\t\t<div class=\"elementor-widget-container\">\n\t\t\t\t\t\t\t\t\t\t\t\t\t\t\t<img decoding=\"async\" width=\"696\" height=\"636\" src=\"https:\/\/pc.sc.gov.br\/\/wp-content\/uploads\/2025\/04\/WhatsApp-Image-2025-04-01-at-08.21.17-1024x935.jpeg\" class=\"attachment-large size-large wp-image-27816\" alt=\"\" srcset=\"https:\/\/pc.sc.gov.br\/\/wp-content\/uploads\/2025\/04\/WhatsApp-Image-2025-04-01-at-08.21.17-1024x935.jpeg 1024w, https:\/\/pc.sc.gov.br\/\/wp-content\/uploads\/2025\/04\/WhatsApp-Image-2025-04-01-at-08.21.17-300x274.jpeg 300w, https:\/\/pc.sc.gov.br\/\/wp-content\/uploads\/2025\/04\/WhatsApp-Image-2025-04-01-at-08.21.17-768x701.jpeg 768w, https:\/\/pc.sc.gov.br\/\/wp-content\/uploads\/2025\/04\/WhatsApp-Image-2025-04-01-at-08.21.17-1536x1403.jpeg 1536w, https:\/\/pc.sc.gov.br\/\/wp-content\/uploads\/2025\/04\/WhatsApp-Image-2025-04-01-at-08.21.17.jpeg 1600w\" sizes=\"(max-width: 696px) 100vw, 696px\" \/>\t\t\t\t\t\t\t\t\t\t\t\t\t\t\t<\/div>\n\t\t\t\t<\/div>\n\t\t\t\t\t<\/div>\n\t\t<\/div>\n\t\t\t\t\t<\/div>\n\t\t<\/section>\n\t\t\t\t<section class=\"elementor-section elementor-top-section elementor-element elementor-element-6ef9789 elementor-section-boxed elementor-section-height-default elementor-section-height-default\" data-id=\"6ef9789\" data-element_type=\"section\">\n\t\t\t\t\t\t<div class=\"elementor-container elementor-column-gap-default\">\n\t\t\t\t\t<div class=\"elementor-column elementor-col-100 elementor-top-column elementor-element elementor-element-22906d2\" data-id=\"22906d2\" data-element_type=\"column\">\n\t\t\t<div class=\"elementor-widget-wrap elementor-element-populated\">\n\t\t\t\t\t\t<div class=\"elementor-element elementor-element-27fc998 elementor-widget elementor-widget-image\" data-id=\"27fc998\" data-element_type=\"widget\" data-widget_type=\"image.default\">\n\t\t\t\t<div class=\"elementor-widget-container\">\n\t\t\t\t\t\t\t\t\t\t\t\t\t\t\t<img decoding=\"async\" width=\"696\" height=\"392\" src=\"https:\/\/pc.sc.gov.br\/\/wp-content\/uploads\/2025\/04\/WhatsApp-Image-2025-04-01-at-08.21.15-1024x577.jpeg\" class=\"attachment-large size-large wp-image-27817\" alt=\"\" srcset=\"https:\/\/pc.sc.gov.br\/\/wp-content\/uploads\/2025\/04\/WhatsApp-Image-2025-04-01-at-08.21.15-1024x577.jpeg 1024w, https:\/\/pc.sc.gov.br\/\/wp-content\/uploads\/2025\/04\/WhatsApp-Image-2025-04-01-at-08.21.15-300x169.jpeg 300w, https:\/\/pc.sc.gov.br\/\/wp-content\/uploads\/2025\/04\/WhatsApp-Image-2025-04-01-at-08.21.15-768x432.jpeg 768w, https:\/\/pc.sc.gov.br\/\/wp-content\/uploads\/2025\/04\/WhatsApp-Image-2025-04-01-at-08.21.15-1536x865.jpeg 1536w, https:\/\/pc.sc.gov.br\/\/wp-content\/uploads\/2025\/04\/WhatsApp-Image-2025-04-01-at-08.21.15-2048x1153.jpeg 2048w\" sizes=\"(max-width: 696px) 100vw, 696px\" \/>\t\t\t\t\t\t\t\t\t\t\t\t\t\t\t<\/div>\n\t\t\t\t<\/div>\n\t\t\t\t\t<\/div>\n\t\t<\/div>\n\t\t\t\t\t<\/div>\n\t\t<\/section>\n\t\t\t\t<\/div>\n\t\t","protected":false},"excerpt":{"rendered":"<p>DRACO\/DEIC deflagra 2\u00aa fase de opera\u00e7\u00e3o sobre vazamento de dados sigilosos \u00a0A Pol\u00edcia Civil de Santa Catarina, por meio da Delegacia de Repress\u00e3o ao Crime Organizado da Diretoria Estadual de Investiga\u00e7\u00f5es Criminais (DRACO\/DEIC), deflagrou, na manh\u00e3 desta ter\u00e7a-feira (01\/04), opera\u00e7\u00e3o policial em Florian\u00f3polis, Bigua\u00e7u e Navegantes. O objetivo foi o cumprimento de cinco mandados de [&hellip;]<\/p>\n","protected":false},"author":5,"featured_media":27815,"comment_status":"closed","ping_status":"open","sticky":false,"template":"","format":"standard","meta":{"_monsterinsights_skip_tracking":false,"_monsterinsights_sitenote_active":false,"_monsterinsights_sitenote_note":"","_monsterinsights_sitenote_category":0,"footnotes":""},"categories":[1],"tags":[],"class_list":["post-27814","post","type-post","status-publish","format-standard","has-post-thumbnail","hentry","category-sem-categoria"],"_links":{"self":[{"href":"https:\/\/pc.sc.gov.br\/index.php?rest_route=\/wp\/v2\/posts\/27814","targetHints":{"allow":["GET"]}}],"collection":[{"href":"https:\/\/pc.sc.gov.br\/index.php?rest_route=\/wp\/v2\/posts"}],"about":[{"href":"https:\/\/pc.sc.gov.br\/index.php?rest_route=\/wp\/v2\/types\/post"}],"author":[{"embeddable":true,"href":"https:\/\/pc.sc.gov.br\/index.php?rest_route=\/wp\/v2\/users\/5"}],"replies":[{"embeddable":true,"href":"https:\/\/pc.sc.gov.br\/index.php?rest_route=%2Fwp%2Fv2%2Fcomments&post=27814"}],"version-history":[{"count":4,"href":"https:\/\/pc.sc.gov.br\/index.php?rest_route=\/wp\/v2\/posts\/27814\/revisions"}],"predecessor-version":[{"id":27821,"href":"https:\/\/pc.sc.gov.br\/index.php?rest_route=\/wp\/v2\/posts\/27814\/revisions\/27821"}],"wp:featuredmedia":[{"embeddable":true,"href":"https:\/\/pc.sc.gov.br\/index.php?rest_route=\/wp\/v2\/media\/27815"}],"wp:attachment":[{"href":"https:\/\/pc.sc.gov.br\/index.php?rest_route=%2Fwp%2Fv2%2Fmedia&parent=27814"}],"wp:term":[{"taxonomy":"category","embeddable":true,"href":"https:\/\/pc.sc.gov.br\/index.php?rest_route=%2Fwp%2Fv2%2Fcategories&post=27814"},{"taxonomy":"post_tag","embeddable":true,"href":"https:\/\/pc.sc.gov.br\/index.php?rest_route=%2Fwp%2Fv2%2Ftags&post=27814"}],"curies":[{"name":"wp","href":"https:\/\/api.w.org\/{rel}","templated":true}]}}