{"id":27834,"date":"2025-04-02T15:20:25","date_gmt":"2025-04-02T18:20:25","guid":{"rendered":"https:\/\/pc.sc.gov.br\/?p=27834"},"modified":"2025-04-02T15:21:20","modified_gmt":"2025-04-02T18:21:20","slug":"policia-civil-conclui-inquerito-da-operacao-pressagio-e-indicia-investigados","status":"publish","type":"post","link":"https:\/\/pc.sc.gov.br\/?p=27834","title":{"rendered":"Pol\u00edcia Civil conclui inqu\u00e9rito da opera\u00e7\u00e3o \u201cPress\u00e1gio\u201d e indicia investigados"},"content":{"rendered":"\t\t<div data-elementor-type=\"wp-post\" data-elementor-id=\"27834\" class=\"elementor elementor-27834\" data-elementor-post-type=\"post\">\n\t\t\t\t\t\t<section class=\"elementor-section elementor-top-section elementor-element elementor-element-493078f elementor-section-boxed elementor-section-height-default elementor-section-height-default\" data-id=\"493078f\" data-element_type=\"section\">\n\t\t\t\t\t\t<div class=\"elementor-container elementor-column-gap-default\">\n\t\t\t\t\t<div class=\"elementor-column elementor-col-100 elementor-top-column elementor-element elementor-element-42b5437\" data-id=\"42b5437\" data-element_type=\"column\">\n\t\t\t<div class=\"elementor-widget-wrap elementor-element-populated\">\n\t\t\t\t\t\t<div class=\"elementor-element elementor-element-b5ac6b4 elementor-widget elementor-widget-heading\" data-id=\"b5ac6b4\" data-element_type=\"widget\" data-widget_type=\"heading.default\">\n\t\t\t\t<div class=\"elementor-widget-container\">\n\t\t\t\t\t<h2 class=\"elementor-heading-title elementor-size-default\">Pol\u00edcia Civil conclui inqu\u00e9rito da opera\u00e7\u00e3o \u201cPress\u00e1gio\u201d e indicia investigados<\/h2>\t\t\t\t<\/div>\n\t\t\t\t<\/div>\n\t\t\t\t\t<\/div>\n\t\t<\/div>\n\t\t\t\t\t<\/div>\n\t\t<\/section>\n\t\t\t\t<section class=\"elementor-section elementor-top-section elementor-element elementor-element-898df93 elementor-section-boxed elementor-section-height-default elementor-section-height-default\" data-id=\"898df93\" data-element_type=\"section\">\n\t\t\t\t\t\t<div class=\"elementor-container elementor-column-gap-default\">\n\t\t\t\t\t<div class=\"elementor-column elementor-col-100 elementor-top-column elementor-element elementor-element-29565e0\" data-id=\"29565e0\" data-element_type=\"column\">\n\t\t\t<div class=\"elementor-widget-wrap elementor-element-populated\">\n\t\t\t\t\t\t<div class=\"elementor-element elementor-element-721fe5a elementor-widget elementor-widget-image\" data-id=\"721fe5a\" data-element_type=\"widget\" data-widget_type=\"image.default\">\n\t\t\t\t<div class=\"elementor-widget-container\">\n\t\t\t\t\t\t\t\t\t\t\t\t\t\t\t<img fetchpriority=\"high\" decoding=\"async\" width=\"696\" height=\"530\" src=\"https:\/\/pc.sc.gov.br\/\/wp-content\/uploads\/2025\/04\/WhatsApp-Image-2025-04-02-at-15.18.59.jpeg\" class=\"attachment-large size-large wp-image-27835\" alt=\"\" srcset=\"https:\/\/pc.sc.gov.br\/\/wp-content\/uploads\/2025\/04\/WhatsApp-Image-2025-04-02-at-15.18.59.jpeg 751w, https:\/\/pc.sc.gov.br\/\/wp-content\/uploads\/2025\/04\/WhatsApp-Image-2025-04-02-at-15.18.59-300x228.jpeg 300w\" sizes=\"(max-width: 696px) 100vw, 696px\" \/>\t\t\t\t\t\t\t\t\t\t\t\t\t\t\t<\/div>\n\t\t\t\t<\/div>\n\t\t\t\t\t<\/div>\n\t\t<\/div>\n\t\t\t\t\t<\/div>\n\t\t<\/section>\n\t\t\t\t<section class=\"elementor-section elementor-top-section elementor-element elementor-element-3e0a9d5 elementor-section-boxed elementor-section-height-default elementor-section-height-default\" data-id=\"3e0a9d5\" data-element_type=\"section\">\n\t\t\t\t\t\t<div class=\"elementor-container elementor-column-gap-default\">\n\t\t\t\t\t<div class=\"elementor-column elementor-col-100 elementor-top-column elementor-element elementor-element-a751b0c\" data-id=\"a751b0c\" data-element_type=\"column\">\n\t\t\t<div class=\"elementor-widget-wrap elementor-element-populated\">\n\t\t\t\t\t\t<div class=\"elementor-element elementor-element-9a5515e elementor-widget elementor-widget-text-editor\" data-id=\"9a5515e\" data-element_type=\"widget\" data-widget_type=\"text-editor.default\">\n\t\t\t\t<div class=\"elementor-widget-container\">\n\t\t\t\t\t\t\t\t\t<p>A Pol\u00edcia Civil de Santa Catarina, por meio da Delegacia de Crimes Ambientais e Crimes contra as Rela\u00e7\u00f5es de Consumo da Diretoria Estadual de Investiga\u00e7\u00e3o Criminal (DCAC\/DEIC), concluiu, no dia 31 de mar\u00e7o de 2025, o inqu\u00e9rito policial referente \u00e0 Opera\u00e7\u00e3o Press\u00e1gio. A investiga\u00e7\u00e3o apurou um esquema de desvio de recursos p\u00fablicos por meio de organiza\u00e7\u00f5es sociais e contratos fraudulentos.<\/p><p><strong>Desdobramentos da investiga\u00e7\u00e3o<\/strong><\/p><p>A primeira fase ostensiva da Opera\u00e7\u00e3o Press\u00e1gio foi deflagrada em 18 de janeiro de 2024 e teve como foco a apura\u00e7\u00e3o da contrata\u00e7\u00e3o emergencial de uma empresa durante a greve de uma autarquia municipal. Nessa fase, foram cumpridos 24 mandados de busca e apreens\u00e3o, al\u00e9m do afastamento de quatro servidores de cargos p\u00fablicos. Com base nas evid\u00eancias coletadas, houve a amplia\u00e7\u00e3o do afastamento dos investigados, pois foram identificados ind\u00edcios de uma organiza\u00e7\u00e3o criminosa atuando dentro da estrutura municipal.<\/p><p>Na segunda fase da opera\u00e7\u00e3o, realizada em 29 de maio de 2024, foram efetuadas quatro pris\u00f5es preventivas, incluindo de ex-servidores municipais e agentes particulares. Nessa etapa, al\u00e9m dos crimes de peculato, tamb\u00e9m foram reveladas fraudes em licita\u00e7\u00f5es e pagamentos de propina.<\/p><p>J\u00e1 na terceira fase, deflagrada em 28 de junho de 2024, foram cumpridos 26 mandados de busca e apreens\u00e3o e houve o afastamento de seis servidores de suas fun\u00e7\u00f5es. A investiga\u00e7\u00e3o revelou que os desvios de recursos eram realizados por meio de entidades sociais que deveriam atuar em projetos voltados para crian\u00e7as e adolescentes em situa\u00e7\u00e3o de vulnerabilidade.<\/p><p><strong>Conclus\u00e3o do inqu\u00e9rito<\/strong><\/p><p>Considerando toda a materialidade e autoria angariada no caderno indici\u00e1rio, a conclus\u00e3o do procedimento policial culminou no indiciamento pela pr\u00e1tica do crime de peculato e de falsidade ideol\u00f3gica, por 57 vezes, contra os tr\u00eas principais investigados. J\u00e1 com rela\u00e7\u00e3o aos sete outros investigados, houve indiciamento pelos crimes de peculato e falsidade ideol\u00f3gica, proporcional \u00e0 quantidade de notas fiscais ideologicamente falsificadas emitidas.<\/p><p>Para a investiga\u00e7\u00e3o, n\u00e3o restam d\u00favidas acerca do esquema criminoso de desvio de recurso p\u00fablico, liderado por um dos investigados, inicialmente operado por meio de um instituto, desde o ano de 2019 e, posteriormente ampliado para, praticamente, todos os projetos sociais, apresentados por Organiza\u00e7\u00f5es da Sociedade Civil no contexto do \u00f3rg\u00e3o municipal onde ocupava cargo comissionado.<\/p><p>No tocante ao crime de Organiza\u00e7\u00e3o Criminosa, o conjunto de elementos informativos trazidos em todos os relat\u00f3rios de investiga\u00e7\u00e3o, os quais subsidiaram o relat\u00f3rio final, bem como as demais cautelares que compunham a investiga\u00e7\u00e3o, demonstrou o desenho da estrutura organizacional do grupo. Os investigados estavam estrategicamente organizados em camadas, estando delineada a lideran\u00e7a, a hierarquia, a divis\u00e3o de tarefas atribu\u00eddas a cada integrante, de forma est\u00e1vel, em comunh\u00e3o de des\u00edgnios, com objetivo de obter vantagem indevida, por meio da pr\u00e1tica reiterada de crimes contra a administra\u00e7\u00e3o p\u00fablica. A organiza\u00e7\u00e3o criminosa era uma engrenagem que funcionava de forma ordenada, nos moldes de uma empresa.<\/p><p>A delegada Patricia Cristina Fronza Vieira, que presidiu a investiga\u00e7\u00e3o, destacou que, com o passar dos anos, foi percept\u00edvel a crescente evolu\u00e7\u00e3o na estrutura\u00e7\u00e3o da organiza\u00e7\u00e3o criminosa, sendo que o ano de 2023 foi considerado o \u00e1pice da movimenta\u00e7\u00e3o financeira dos principais investigados e articuladores do esquema criminoso. \u201cPode-se afirmar, assim, que caso a investiga\u00e7\u00e3o Press\u00e1gio n\u00e3o tivesse desmantelado e freado as atividades criminosas do grupo no in\u00edcio do ano de 2024, os preju\u00edzos aos cofres p\u00fablicos seriam expressivamente maiores\u201d, explica a delegada Patr\u00edcia.<\/p><p>Em raz\u00e3o da complexidade das investiga\u00e7\u00f5es e de dilig\u00eancias em andamento, resta pendente o encaminhamento do relat\u00f3rio final no tocante \u00e0 contrata\u00e7\u00e3o de uma empresa, o qual ser\u00e1 protocolizado nos autos no prazo m\u00e1ximo de 30 dias.<\/p><p>A corrup\u00e7\u00e3o \u00e9 um mal que precisa ser combatido de forma sist\u00eamica e com apoio da sociedade, vez que muitas vidas s\u00e3o afetadas e prejudicadas por condutas de pessoas inescrupulosas que alcan\u00e7am o poder para se beneficiarem. A Pol\u00edcia Civil do Estado de Santa Catarina tem o compromisso com a sociedade catarinense nessa \u00e1rdua batalha.<\/p>\t\t\t\t\t\t\t\t<\/div>\n\t\t\t\t<\/div>\n\t\t\t\t\t<\/div>\n\t\t<\/div>\n\t\t\t\t\t<\/div>\n\t\t<\/section>\n\t\t\t\t<\/div>\n\t\t","protected":false},"excerpt":{"rendered":"<p>Pol\u00edcia Civil conclui inqu\u00e9rito da opera\u00e7\u00e3o \u201cPress\u00e1gio\u201d e indicia investigados A Pol\u00edcia Civil de Santa Catarina, por meio da Delegacia de Crimes Ambientais e Crimes contra as Rela\u00e7\u00f5es de Consumo da Diretoria Estadual de Investiga\u00e7\u00e3o Criminal (DCAC\/DEIC), concluiu, no dia 31 de mar\u00e7o de 2025, o inqu\u00e9rito policial referente \u00e0 Opera\u00e7\u00e3o Press\u00e1gio. A investiga\u00e7\u00e3o apurou [&hellip;]<\/p>\n","protected":false},"author":5,"featured_media":27835,"comment_status":"closed","ping_status":"open","sticky":false,"template":"","format":"standard","meta":{"_monsterinsights_skip_tracking":false,"_monsterinsights_sitenote_active":false,"_monsterinsights_sitenote_note":"","_monsterinsights_sitenote_category":0,"footnotes":""},"categories":[1],"tags":[],"class_list":["post-27834","post","type-post","status-publish","format-standard","has-post-thumbnail","hentry","category-sem-categoria"],"_links":{"self":[{"href":"https:\/\/pc.sc.gov.br\/index.php?rest_route=\/wp\/v2\/posts\/27834","targetHints":{"allow":["GET"]}}],"collection":[{"href":"https:\/\/pc.sc.gov.br\/index.php?rest_route=\/wp\/v2\/posts"}],"about":[{"href":"https:\/\/pc.sc.gov.br\/index.php?rest_route=\/wp\/v2\/types\/post"}],"author":[{"embeddable":true,"href":"https:\/\/pc.sc.gov.br\/index.php?rest_route=\/wp\/v2\/users\/5"}],"replies":[{"embeddable":true,"href":"https:\/\/pc.sc.gov.br\/index.php?rest_route=%2Fwp%2Fv2%2Fcomments&post=27834"}],"version-history":[{"count":4,"href":"https:\/\/pc.sc.gov.br\/index.php?rest_route=\/wp\/v2\/posts\/27834\/revisions"}],"predecessor-version":[{"id":27839,"href":"https:\/\/pc.sc.gov.br\/index.php?rest_route=\/wp\/v2\/posts\/27834\/revisions\/27839"}],"wp:featuredmedia":[{"embeddable":true,"href":"https:\/\/pc.sc.gov.br\/index.php?rest_route=\/wp\/v2\/media\/27835"}],"wp:attachment":[{"href":"https:\/\/pc.sc.gov.br\/index.php?rest_route=%2Fwp%2Fv2%2Fmedia&parent=27834"}],"wp:term":[{"taxonomy":"category","embeddable":true,"href":"https:\/\/pc.sc.gov.br\/index.php?rest_route=%2Fwp%2Fv2%2Fcategories&post=27834"},{"taxonomy":"post_tag","embeddable":true,"href":"https:\/\/pc.sc.gov.br\/index.php?rest_route=%2Fwp%2Fv2%2Ftags&post=27834"}],"curies":[{"name":"wp","href":"https:\/\/api.w.org\/{rel}","templated":true}]}}