{"id":27865,"date":"2025-04-02T17:24:57","date_gmt":"2025-04-02T20:24:57","guid":{"rendered":"https:\/\/pc.sc.gov.br\/?p=27865"},"modified":"2025-04-02T17:25:55","modified_gmt":"2025-04-02T20:25:55","slug":"forca-tarefa-da-policia-civil-prende-suspeitos-por-homicidio-em-itapoa","status":"publish","type":"post","link":"https:\/\/pc.sc.gov.br\/?p=27865","title":{"rendered":"For\u00e7a-tarefa da Pol\u00edcia Civil prende suspeitos por homic\u00eddio em Itapo\u00e1"},"content":{"rendered":"\t\t<div data-elementor-type=\"wp-post\" data-elementor-id=\"27865\" class=\"elementor elementor-27865\" data-elementor-post-type=\"post\">\n\t\t\t\t\t\t<section class=\"elementor-section elementor-top-section elementor-element elementor-element-f72469c elementor-section-boxed elementor-section-height-default elementor-section-height-default\" data-id=\"f72469c\" data-element_type=\"section\">\n\t\t\t\t\t\t<div class=\"elementor-container elementor-column-gap-default\">\n\t\t\t\t\t<div class=\"elementor-column elementor-col-100 elementor-top-column elementor-element elementor-element-df35a69\" data-id=\"df35a69\" data-element_type=\"column\">\n\t\t\t<div class=\"elementor-widget-wrap elementor-element-populated\">\n\t\t\t\t\t\t<div class=\"elementor-element elementor-element-16fe21d elementor-widget elementor-widget-heading\" data-id=\"16fe21d\" data-element_type=\"widget\" data-widget_type=\"heading.default\">\n\t\t\t\t<div class=\"elementor-widget-container\">\n\t\t\t\t\t<h2 class=\"elementor-heading-title elementor-size-default\">For\u00e7a-tarefa da Pol\u00edcia Civil prende suspeitos por homic\u00eddio em Itapo\u00e1<\/h2>\t\t\t\t<\/div>\n\t\t\t\t<\/div>\n\t\t\t\t\t<\/div>\n\t\t<\/div>\n\t\t\t\t\t<\/div>\n\t\t<\/section>\n\t\t\t\t<section class=\"elementor-section elementor-top-section elementor-element elementor-element-eeee3e0 elementor-section-boxed elementor-section-height-default elementor-section-height-default\" data-id=\"eeee3e0\" data-element_type=\"section\">\n\t\t\t\t\t\t<div class=\"elementor-container elementor-column-gap-default\">\n\t\t\t\t\t<div class=\"elementor-column elementor-col-100 elementor-top-column elementor-element elementor-element-485360b\" data-id=\"485360b\" data-element_type=\"column\">\n\t\t\t<div class=\"elementor-widget-wrap elementor-element-populated\">\n\t\t\t\t\t\t<div class=\"elementor-element elementor-element-1458ff0 elementor-widget elementor-widget-image\" data-id=\"1458ff0\" data-element_type=\"widget\" data-widget_type=\"image.default\">\n\t\t\t\t<div class=\"elementor-widget-container\">\n\t\t\t\t\t\t\t\t\t\t\t\t\t\t\t<img fetchpriority=\"high\" decoding=\"async\" width=\"576\" height=\"1024\" src=\"https:\/\/pc.sc.gov.br\/\/wp-content\/uploads\/2025\/04\/WhatsApp-Image-2025-04-02-at-15.44.38-576x1024.jpeg\" class=\"attachment-large size-large wp-image-27866\" alt=\"\" srcset=\"https:\/\/pc.sc.gov.br\/\/wp-content\/uploads\/2025\/04\/WhatsApp-Image-2025-04-02-at-15.44.38-576x1024.jpeg 576w, https:\/\/pc.sc.gov.br\/\/wp-content\/uploads\/2025\/04\/WhatsApp-Image-2025-04-02-at-15.44.38-169x300.jpeg 169w, https:\/\/pc.sc.gov.br\/\/wp-content\/uploads\/2025\/04\/WhatsApp-Image-2025-04-02-at-15.44.38-768x1365.jpeg 768w, https:\/\/pc.sc.gov.br\/\/wp-content\/uploads\/2025\/04\/WhatsApp-Image-2025-04-02-at-15.44.38-864x1536.jpeg 864w, https:\/\/pc.sc.gov.br\/\/wp-content\/uploads\/2025\/04\/WhatsApp-Image-2025-04-02-at-15.44.38-1152x2048.jpeg 1152w, https:\/\/pc.sc.gov.br\/\/wp-content\/uploads\/2025\/04\/WhatsApp-Image-2025-04-02-at-15.44.38-scaled.jpeg 1440w\" sizes=\"(max-width: 576px) 100vw, 576px\" \/>\t\t\t\t\t\t\t\t\t\t\t\t\t\t\t<\/div>\n\t\t\t\t<\/div>\n\t\t\t\t\t<\/div>\n\t\t<\/div>\n\t\t\t\t\t<\/div>\n\t\t<\/section>\n\t\t\t\t<section class=\"elementor-section elementor-top-section elementor-element elementor-element-edefee8 elementor-section-boxed elementor-section-height-default elementor-section-height-default\" data-id=\"edefee8\" data-element_type=\"section\">\n\t\t\t\t\t\t<div class=\"elementor-container elementor-column-gap-default\">\n\t\t\t\t\t<div class=\"elementor-column elementor-col-100 elementor-top-column elementor-element elementor-element-0703699\" data-id=\"0703699\" data-element_type=\"column\">\n\t\t\t<div class=\"elementor-widget-wrap elementor-element-populated\">\n\t\t\t\t\t\t<div class=\"elementor-element elementor-element-daa8ec7 elementor-widget elementor-widget-text-editor\" data-id=\"daa8ec7\" data-element_type=\"widget\" data-widget_type=\"text-editor.default\">\n\t\t\t\t<div class=\"elementor-widget-container\">\n\t\t\t\t\t\t\t\t\t<p>A Pol\u00edcia Civil de Santa Catarina, por meio de uma equipe de policiais de for\u00e7a-tarefa destinada a investigar mortes violentas na Comarca de Itapo\u00e1, cumpriu dois mandados de pris\u00e3o preventiva em desfavor de dois suspeitos pela pr\u00e1tica de homic\u00eddio duplamente qualificado contra um homem, ocorrido no dia 13\/12\/24, em Itapo\u00e1.\u00a0<\/p><p>As investiga\u00e7\u00f5es apontaram que a v\u00edtima foi violentamente agredida fisicamente por aproximadamente quatro homens no interior de sua resid\u00eancia, sendo, em seguida, transportado at\u00e9 a casa de um traficante local, onde foi novamente agredida e seu corpo deixado nas imedia\u00e7\u00f5es. A v\u00edtima teria furtado uma bicicleta da av\u00f3 de um traficante e trocado o bem por droga, o que motivou sua execu\u00e7\u00e3o.<\/p><p>A Pol\u00edcia Civil conseguiu identificar o motorista do ve\u00edculo utilizado para transporte da v\u00edtima e abandono do corpo, bem como o traficante que trocou a droga pela bicicleta furtada. Ambos tiveram pris\u00f5es preventivas decretadas e foram presos na tarde desta ter\u00e7a-feira (01\/04) em suas resid\u00eancias na cidade de Itapo\u00e1.<\/p><p>Por fim, durante o cumprimento do mandado de busca e apreens\u00e3o na resid\u00eancia dos suspeitos, pequena quantidade de entorpecente (maconha e coca\u00edna) foi apreendida, al\u00e9m de muni\u00e7\u00f5es.\u00a0 A for\u00e7a-tarefa \u00e9 formada por quatro policiais das cidades de Balne\u00e1rio Cambori\u00fa, Joinville, DIC de Itaja\u00ed e Delegacia de Homic\u00eddios da Capital. A opera\u00e7\u00e3o teve o apoio da SIC de Itapo\u00e1 e da Pol\u00edcia Militar.<\/p>\t\t\t\t\t\t\t\t<\/div>\n\t\t\t\t<\/div>\n\t\t\t\t\t<\/div>\n\t\t<\/div>\n\t\t\t\t\t<\/div>\n\t\t<\/section>\n\t\t\t\t<\/div>\n\t\t","protected":false},"excerpt":{"rendered":"<p>For\u00e7a-tarefa da Pol\u00edcia Civil prende suspeitos por homic\u00eddio em Itapo\u00e1 A Pol\u00edcia Civil de Santa Catarina, por meio de uma equipe de policiais de for\u00e7a-tarefa destinada a investigar mortes violentas na Comarca de Itapo\u00e1, cumpriu dois mandados de pris\u00e3o preventiva em desfavor de dois suspeitos pela pr\u00e1tica de homic\u00eddio duplamente qualificado contra um homem, ocorrido [&hellip;]<\/p>\n","protected":false},"author":5,"featured_media":27866,"comment_status":"closed","ping_status":"open","sticky":false,"template":"","format":"standard","meta":{"_monsterinsights_skip_tracking":false,"_monsterinsights_sitenote_active":false,"_monsterinsights_sitenote_note":"","_monsterinsights_sitenote_category":0,"footnotes":""},"categories":[1],"tags":[],"class_list":["post-27865","post","type-post","status-publish","format-standard","has-post-thumbnail","hentry","category-sem-categoria"],"_links":{"self":[{"href":"https:\/\/pc.sc.gov.br\/index.php?rest_route=\/wp\/v2\/posts\/27865","targetHints":{"allow":["GET"]}}],"collection":[{"href":"https:\/\/pc.sc.gov.br\/index.php?rest_route=\/wp\/v2\/posts"}],"about":[{"href":"https:\/\/pc.sc.gov.br\/index.php?rest_route=\/wp\/v2\/types\/post"}],"author":[{"embeddable":true,"href":"https:\/\/pc.sc.gov.br\/index.php?rest_route=\/wp\/v2\/users\/5"}],"replies":[{"embeddable":true,"href":"https:\/\/pc.sc.gov.br\/index.php?rest_route=%2Fwp%2Fv2%2Fcomments&post=27865"}],"version-history":[{"count":4,"href":"https:\/\/pc.sc.gov.br\/index.php?rest_route=\/wp\/v2\/posts\/27865\/revisions"}],"predecessor-version":[{"id":27870,"href":"https:\/\/pc.sc.gov.br\/index.php?rest_route=\/wp\/v2\/posts\/27865\/revisions\/27870"}],"wp:featuredmedia":[{"embeddable":true,"href":"https:\/\/pc.sc.gov.br\/index.php?rest_route=\/wp\/v2\/media\/27866"}],"wp:attachment":[{"href":"https:\/\/pc.sc.gov.br\/index.php?rest_route=%2Fwp%2Fv2%2Fmedia&parent=27865"}],"wp:term":[{"taxonomy":"category","embeddable":true,"href":"https:\/\/pc.sc.gov.br\/index.php?rest_route=%2Fwp%2Fv2%2Fcategories&post=27865"},{"taxonomy":"post_tag","embeddable":true,"href":"https:\/\/pc.sc.gov.br\/index.php?rest_route=%2Fwp%2Fv2%2Ftags&post=27865"}],"curies":[{"name":"wp","href":"https:\/\/api.w.org\/{rel}","templated":true}]}}