{"id":2788,"date":"2022-12-19T13:32:20","date_gmt":"2022-12-19T16:32:20","guid":{"rendered":"https:\/\/pc.sc.gov.br\/?p=2788"},"modified":"2022-12-19T13:33:26","modified_gmt":"2022-12-19T16:33:26","slug":"policia-civil-cumpre-mandados-por-homicidio-e-posse-ilegal-de-arma-de-fogo-em-garuva","status":"publish","type":"post","link":"https:\/\/pc.sc.gov.br\/?p=2788","title":{"rendered":"Pol\u00edcia Civil cumpre mandados por homic\u00eddio e posse ilegal de arma de fogo em Garuva"},"content":{"rendered":"\t\t<div data-elementor-type=\"wp-post\" data-elementor-id=\"2788\" class=\"elementor elementor-2788\" data-elementor-post-type=\"post\">\n\t\t\t\t\t\t<section class=\"elementor-section elementor-top-section elementor-element elementor-element-f551f43 elementor-section-boxed elementor-section-height-default elementor-section-height-default\" data-id=\"f551f43\" data-element_type=\"section\">\n\t\t\t\t\t\t<div class=\"elementor-container elementor-column-gap-default\">\n\t\t\t\t\t<div class=\"elementor-column elementor-col-100 elementor-top-column elementor-element elementor-element-37ccdd6\" data-id=\"37ccdd6\" data-element_type=\"column\">\n\t\t\t<div class=\"elementor-widget-wrap elementor-element-populated\">\n\t\t\t\t\t\t<div class=\"elementor-element elementor-element-5d654d7 elementor-widget elementor-widget-heading\" data-id=\"5d654d7\" data-element_type=\"widget\" data-widget_type=\"heading.default\">\n\t\t\t\t<div class=\"elementor-widget-container\">\n\t\t\t\t\t<h2 class=\"elementor-heading-title elementor-size-default\">Pol\u00edcia Civil cumpre mandados por homic\u00eddio e posse ilegal de arma de fogo em Garuva<\/h2>\t\t\t\t<\/div>\n\t\t\t\t<\/div>\n\t\t\t\t\t<\/div>\n\t\t<\/div>\n\t\t\t\t\t<\/div>\n\t\t<\/section>\n\t\t\t\t<section class=\"elementor-section elementor-top-section elementor-element elementor-element-203275c elementor-section-boxed elementor-section-height-default elementor-section-height-default\" data-id=\"203275c\" data-element_type=\"section\">\n\t\t\t\t\t\t<div class=\"elementor-container elementor-column-gap-default\">\n\t\t\t\t\t<div class=\"elementor-column elementor-col-100 elementor-top-column elementor-element elementor-element-8bfa146\" data-id=\"8bfa146\" data-element_type=\"column\">\n\t\t\t<div class=\"elementor-widget-wrap elementor-element-populated\">\n\t\t\t\t\t\t<div class=\"elementor-element elementor-element-f142ba2 elementor-widget elementor-widget-image\" data-id=\"f142ba2\" data-element_type=\"widget\" data-widget_type=\"image.default\">\n\t\t\t\t<div class=\"elementor-widget-container\">\n\t\t\t\t\t\t\t\t\t\t\t\t\t\t\t<img fetchpriority=\"high\" decoding=\"async\" width=\"696\" height=\"386\" src=\"https:\/\/pc.sc.gov.br\/\/wp-content\/uploads\/2022\/12\/pc_dlfmodisgnfiodgnfdmgosdmfoh-2-1024x568.jpg\" class=\"attachment-large size-large wp-image-2780\" alt=\"\" srcset=\"https:\/\/pc.sc.gov.br\/\/wp-content\/uploads\/2022\/12\/pc_dlfmodisgnfiodgnfdmgosdmfoh-2-1024x568.jpg 1024w, https:\/\/pc.sc.gov.br\/\/wp-content\/uploads\/2022\/12\/pc_dlfmodisgnfiodgnfdmgosdmfoh-2-300x166.jpg 300w, https:\/\/pc.sc.gov.br\/\/wp-content\/uploads\/2022\/12\/pc_dlfmodisgnfiodgnfdmgosdmfoh-2-768x426.jpg 768w, https:\/\/pc.sc.gov.br\/\/wp-content\/uploads\/2022\/12\/pc_dlfmodisgnfiodgnfdmgosdmfoh-2.jpg 1244w\" sizes=\"(max-width: 696px) 100vw, 696px\" \/>\t\t\t\t\t\t\t\t\t\t\t\t\t\t\t<\/div>\n\t\t\t\t<\/div>\n\t\t\t\t<div class=\"elementor-element elementor-element-25e63c3 elementor-widget elementor-widget-text-editor\" data-id=\"25e63c3\" data-element_type=\"widget\" data-widget_type=\"text-editor.default\">\n\t\t\t\t<div class=\"elementor-widget-container\">\n\t\t\t\t\t\t\t\t\t<p>A Pol\u00edcia Civil, por meio da Delegacia de Pol\u00edcia da Comarca de Garuva, cumpriu mandados de busca e apreens\u00e3o e pris\u00e3o na cidade de Garuva, na sexta-feira (16). De acordo com as investiga\u00e7\u00f5es, no final de novembro, um homem de 36 anos foi morto no bairro Vila Trevo, em Garuva. A v\u00edtima teria sido alvejada por diversos disparos de arma de fogo.<\/p><p>A Pol\u00edcia Civil realizou investiga\u00e7\u00f5es e dilig\u00eancias para identificar a autoria e a motiva\u00e7\u00e3o do crime. Atrav\u00e9s do cruzamento de informa\u00e7\u00f5es, a investiga\u00e7\u00e3o chegou ao nome do suspeito, que j\u00e1 teria passagem anterior pelo crime de homic\u00eddio no Estado do Paran\u00e1. Houve dilig\u00eancias tamb\u00e9m para identificar o local em que o suspeito estaria escondido.<\/p><p>De posse das informa\u00e7\u00f5es e descoberto o esconderijo do suspeito, houve representa\u00e7\u00e3o ao Poder Judici\u00e1rio pela medida de busca e apreens\u00e3o pela Pol\u00edcia Civil. Ap\u00f3s novas a\u00e7\u00f5es para monitorar o suspeito, os policiais civis se deslocaram at\u00e9 o endere\u00e7o em que o investigado poderia estar escondido, situado numa fazenda afastada da regi\u00e3o urbana, em Garuva.<\/p><p>No local, estavam familiares do suspeito e, ap\u00f3s realizarem o cerco da resid\u00eancia, os policiais civis ingressaram numa das casas em que o suspeito estaria. Com o indiv\u00edduo preso, os policiais deram in\u00edcio \u00e0s dilig\u00eancias de busca, situa\u00e7\u00e3o na qual encontraram tr\u00eas armas de fogo, sendo uma pistola FM, Argentina, calibre 9x19mm Parabellum, uma pistola Taurus, calibre .380 ACP e uma espingarda Rossi, calibre .22 Long Rifle, modificada, dois supressores de ru\u00eddo para armas, muni\u00e7\u00f5es, al\u00e9m de aparelhos celulares e notebook. O homem tamb\u00e9m foi preso em flagrante por posse ilegal de arma de fogo de uso permitido e restrito.<\/p>\t\t\t\t\t\t\t\t<\/div>\n\t\t\t\t<\/div>\n\t\t\t\t\t<\/div>\n\t\t<\/div>\n\t\t\t\t\t<\/div>\n\t\t<\/section>\n\t\t\t\t<\/div>\n\t\t","protected":false},"excerpt":{"rendered":"<p>Pol\u00edcia Civil cumpre mandados por homic\u00eddio e posse ilegal de arma de fogo em Garuva A Pol\u00edcia Civil, por meio da Delegacia de Pol\u00edcia da Comarca de Garuva, cumpriu mandados de busca e apreens\u00e3o e pris\u00e3o na cidade de Garuva, na sexta-feira (16). De acordo com as investiga\u00e7\u00f5es, no final de novembro, um homem de [&hellip;]<\/p>\n","protected":false},"author":5,"featured_media":2780,"comment_status":"closed","ping_status":"open","sticky":false,"template":"","format":"standard","meta":{"_monsterinsights_skip_tracking":false,"_monsterinsights_sitenote_active":false,"_monsterinsights_sitenote_note":"","_monsterinsights_sitenote_category":0,"footnotes":""},"categories":[1],"tags":[],"class_list":["post-2788","post","type-post","status-publish","format-standard","has-post-thumbnail","hentry","category-sem-categoria"],"_links":{"self":[{"href":"https:\/\/pc.sc.gov.br\/index.php?rest_route=\/wp\/v2\/posts\/2788","targetHints":{"allow":["GET"]}}],"collection":[{"href":"https:\/\/pc.sc.gov.br\/index.php?rest_route=\/wp\/v2\/posts"}],"about":[{"href":"https:\/\/pc.sc.gov.br\/index.php?rest_route=\/wp\/v2\/types\/post"}],"author":[{"embeddable":true,"href":"https:\/\/pc.sc.gov.br\/index.php?rest_route=\/wp\/v2\/users\/5"}],"replies":[{"embeddable":true,"href":"https:\/\/pc.sc.gov.br\/index.php?rest_route=%2Fwp%2Fv2%2Fcomments&post=2788"}],"version-history":[{"count":4,"href":"https:\/\/pc.sc.gov.br\/index.php?rest_route=\/wp\/v2\/posts\/2788\/revisions"}],"predecessor-version":[{"id":2792,"href":"https:\/\/pc.sc.gov.br\/index.php?rest_route=\/wp\/v2\/posts\/2788\/revisions\/2792"}],"wp:featuredmedia":[{"embeddable":true,"href":"https:\/\/pc.sc.gov.br\/index.php?rest_route=\/wp\/v2\/media\/2780"}],"wp:attachment":[{"href":"https:\/\/pc.sc.gov.br\/index.php?rest_route=%2Fwp%2Fv2%2Fmedia&parent=2788"}],"wp:term":[{"taxonomy":"category","embeddable":true,"href":"https:\/\/pc.sc.gov.br\/index.php?rest_route=%2Fwp%2Fv2%2Fcategories&post=2788"},{"taxonomy":"post_tag","embeddable":true,"href":"https:\/\/pc.sc.gov.br\/index.php?rest_route=%2Fwp%2Fv2%2Ftags&post=2788"}],"curies":[{"name":"wp","href":"https:\/\/api.w.org\/{rel}","templated":true}]}}