{"id":27885,"date":"2025-04-03T18:59:43","date_gmt":"2025-04-03T21:59:43","guid":{"rendered":"https:\/\/pc.sc.gov.br\/?p=27885"},"modified":"2025-04-03T19:00:34","modified_gmt":"2025-04-03T22:00:34","slug":"policia-civil-desarticula-organizacao-criminosa-que-praticava-roubos-na-grande-florianopolis-e-armas-e-municoes-sao-apreendidas","status":"publish","type":"post","link":"https:\/\/pc.sc.gov.br\/?p=27885","title":{"rendered":"Pol\u00edcia Civil desarticula organiza\u00e7\u00e3o criminosa que praticava roubos na Grande Florian\u00f3polis e armas e muni\u00e7\u00f5es s\u00e3o apreendidas"},"content":{"rendered":"\t\t<div data-elementor-type=\"wp-post\" data-elementor-id=\"27885\" class=\"elementor elementor-27885\" data-elementor-post-type=\"post\">\n\t\t\t\t\t\t<section class=\"elementor-section elementor-top-section elementor-element elementor-element-5f7268b elementor-section-boxed elementor-section-height-default elementor-section-height-default\" data-id=\"5f7268b\" data-element_type=\"section\">\n\t\t\t\t\t\t<div class=\"elementor-container elementor-column-gap-default\">\n\t\t\t\t\t<div class=\"elementor-column elementor-col-100 elementor-top-column elementor-element elementor-element-1d6a117\" data-id=\"1d6a117\" data-element_type=\"column\">\n\t\t\t<div class=\"elementor-widget-wrap elementor-element-populated\">\n\t\t\t\t\t\t<div class=\"elementor-element elementor-element-fb53051 elementor-widget elementor-widget-heading\" data-id=\"fb53051\" data-element_type=\"widget\" data-widget_type=\"heading.default\">\n\t\t\t\t<div class=\"elementor-widget-container\">\n\t\t\t\t\t<h2 class=\"elementor-heading-title elementor-size-default\">Pol\u00edcia Civil desarticula organiza\u00e7\u00e3o criminosa que praticava roubos na Grande Florian\u00f3polis e armas e muni\u00e7\u00f5es s\u00e3o apreendidas<\/h2>\t\t\t\t<\/div>\n\t\t\t\t<\/div>\n\t\t\t\t\t<\/div>\n\t\t<\/div>\n\t\t\t\t\t<\/div>\n\t\t<\/section>\n\t\t\t\t<section class=\"elementor-section elementor-top-section elementor-element elementor-element-f65ffaf elementor-section-boxed elementor-section-height-default elementor-section-height-default\" data-id=\"f65ffaf\" data-element_type=\"section\">\n\t\t\t\t\t\t<div class=\"elementor-container elementor-column-gap-default\">\n\t\t\t\t\t<div class=\"elementor-column elementor-col-100 elementor-top-column elementor-element elementor-element-5470bfa\" data-id=\"5470bfa\" data-element_type=\"column\">\n\t\t\t<div class=\"elementor-widget-wrap elementor-element-populated\">\n\t\t\t\t\t\t<div class=\"elementor-element elementor-element-3f3e011 elementor-widget elementor-widget-image\" data-id=\"3f3e011\" data-element_type=\"widget\" data-widget_type=\"image.default\">\n\t\t\t\t<div class=\"elementor-widget-container\">\n\t\t\t\t\t\t\t\t\t\t\t\t\t\t\t<img fetchpriority=\"high\" decoding=\"async\" width=\"696\" height=\"928\" src=\"https:\/\/pc.sc.gov.br\/\/wp-content\/uploads\/2025\/04\/WhatsApp-Image-2025-04-03-at-13.38.53-768x1024.jpeg\" class=\"attachment-large size-large wp-image-27886\" alt=\"\" srcset=\"https:\/\/pc.sc.gov.br\/\/wp-content\/uploads\/2025\/04\/WhatsApp-Image-2025-04-03-at-13.38.53-768x1024.jpeg 768w, https:\/\/pc.sc.gov.br\/\/wp-content\/uploads\/2025\/04\/WhatsApp-Image-2025-04-03-at-13.38.53-225x300.jpeg 225w, https:\/\/pc.sc.gov.br\/\/wp-content\/uploads\/2025\/04\/WhatsApp-Image-2025-04-03-at-13.38.53.jpeg 960w\" sizes=\"(max-width: 696px) 100vw, 696px\" \/>\t\t\t\t\t\t\t\t\t\t\t\t\t\t\t<\/div>\n\t\t\t\t<\/div>\n\t\t\t\t\t<\/div>\n\t\t<\/div>\n\t\t\t\t\t<\/div>\n\t\t<\/section>\n\t\t\t\t<section class=\"elementor-section elementor-top-section elementor-element elementor-element-74ec186 elementor-section-boxed elementor-section-height-default elementor-section-height-default\" data-id=\"74ec186\" data-element_type=\"section\">\n\t\t\t\t\t\t<div class=\"elementor-container elementor-column-gap-default\">\n\t\t\t\t\t<div class=\"elementor-column elementor-col-100 elementor-top-column elementor-element elementor-element-6a41367\" data-id=\"6a41367\" data-element_type=\"column\">\n\t\t\t<div class=\"elementor-widget-wrap elementor-element-populated\">\n\t\t\t\t\t\t<div class=\"elementor-element elementor-element-56247e8 elementor-widget elementor-widget-text-editor\" data-id=\"56247e8\" data-element_type=\"widget\" data-widget_type=\"text-editor.default\">\n\t\t\t\t<div class=\"elementor-widget-container\">\n\t\t\t\t\t\t\t\t\t<p>Nesta quinta-feira (04\/04), a Pol\u00edcia Civil de Santa Catarina, por meio da Delegacia da Comarca de Bigua\u00e7u, deu cumprimento a quatro mandados de busca e apreens\u00e3o na cidade de S\u00e3o Jos\u00e9 e Florian\u00f3polis e apreendeu 3 armas de fogo e 277 muni\u00e7\u00f5es na resid\u00eancia de um dos suspeitos.<\/p><p>Trata-se de investiga\u00e7\u00e3o de uma organiza\u00e7\u00e3o criminosa voltada a pr\u00e1tica de roubo na Grande Florian\u00f3polis, na qual foram identificados todos integrantes, com o apoio da Pol\u00edcia Militar da Comarca de Bigua\u00e7u.\u00a0 Alguns dos integrantes j\u00e1 se encontram presos e um adolescente apreendido.<\/p><p>Em um dos roubos praticados pela organiza\u00e7\u00e3o criminosa, ocorrido na cidade de Bigua\u00e7u, foi subtra\u00eddo um ve\u00edculo e pertences da v\u00edtima, aquele posteriormente encontrado e recuperado em um condom\u00ednio no Bairro Monte Cristo em Florian\u00f3polis pela Pol\u00edcia Militar.<\/p><p>A opera\u00e7\u00e3o contou com o apoio de policiais civis da 1\u00ba Delegacia Regional de S\u00e3o Jos\u00e9.<\/p>\t\t\t\t\t\t\t\t<\/div>\n\t\t\t\t<\/div>\n\t\t\t\t\t<\/div>\n\t\t<\/div>\n\t\t\t\t\t<\/div>\n\t\t<\/section>\n\t\t\t\t<\/div>\n\t\t","protected":false},"excerpt":{"rendered":"<p>Pol\u00edcia Civil desarticula organiza\u00e7\u00e3o criminosa que praticava roubos na Grande Florian\u00f3polis e armas e muni\u00e7\u00f5es s\u00e3o apreendidas Nesta quinta-feira (04\/04), a Pol\u00edcia Civil de Santa Catarina, por meio da Delegacia da Comarca de Bigua\u00e7u, deu cumprimento a quatro mandados de busca e apreens\u00e3o na cidade de S\u00e3o Jos\u00e9 e Florian\u00f3polis e apreendeu 3 armas de [&hellip;]<\/p>\n","protected":false},"author":5,"featured_media":27886,"comment_status":"closed","ping_status":"open","sticky":false,"template":"","format":"standard","meta":{"_monsterinsights_skip_tracking":false,"_monsterinsights_sitenote_active":false,"_monsterinsights_sitenote_note":"","_monsterinsights_sitenote_category":0,"footnotes":""},"categories":[1],"tags":[],"class_list":["post-27885","post","type-post","status-publish","format-standard","has-post-thumbnail","hentry","category-sem-categoria"],"_links":{"self":[{"href":"https:\/\/pc.sc.gov.br\/index.php?rest_route=\/wp\/v2\/posts\/27885","targetHints":{"allow":["GET"]}}],"collection":[{"href":"https:\/\/pc.sc.gov.br\/index.php?rest_route=\/wp\/v2\/posts"}],"about":[{"href":"https:\/\/pc.sc.gov.br\/index.php?rest_route=\/wp\/v2\/types\/post"}],"author":[{"embeddable":true,"href":"https:\/\/pc.sc.gov.br\/index.php?rest_route=\/wp\/v2\/users\/5"}],"replies":[{"embeddable":true,"href":"https:\/\/pc.sc.gov.br\/index.php?rest_route=%2Fwp%2Fv2%2Fcomments&post=27885"}],"version-history":[{"count":4,"href":"https:\/\/pc.sc.gov.br\/index.php?rest_route=\/wp\/v2\/posts\/27885\/revisions"}],"predecessor-version":[{"id":27890,"href":"https:\/\/pc.sc.gov.br\/index.php?rest_route=\/wp\/v2\/posts\/27885\/revisions\/27890"}],"wp:featuredmedia":[{"embeddable":true,"href":"https:\/\/pc.sc.gov.br\/index.php?rest_route=\/wp\/v2\/media\/27886"}],"wp:attachment":[{"href":"https:\/\/pc.sc.gov.br\/index.php?rest_route=%2Fwp%2Fv2%2Fmedia&parent=27885"}],"wp:term":[{"taxonomy":"category","embeddable":true,"href":"https:\/\/pc.sc.gov.br\/index.php?rest_route=%2Fwp%2Fv2%2Fcategories&post=27885"},{"taxonomy":"post_tag","embeddable":true,"href":"https:\/\/pc.sc.gov.br\/index.php?rest_route=%2Fwp%2Fv2%2Ftags&post=27885"}],"curies":[{"name":"wp","href":"https:\/\/api.w.org\/{rel}","templated":true}]}}