{"id":27891,"date":"2025-04-03T19:10:52","date_gmt":"2025-04-03T22:10:52","guid":{"rendered":"https:\/\/pc.sc.gov.br\/?p=27891"},"modified":"2025-04-03T19:11:35","modified_gmt":"2025-04-03T22:11:35","slug":"policia-civil-prende-investigado-por-trafico-de-drogas-em-bom-retiro","status":"publish","type":"post","link":"https:\/\/pc.sc.gov.br\/?p=27891","title":{"rendered":"Pol\u00edcia Civil prende investigado por tr\u00e1fico de drogas em Bom Retiro"},"content":{"rendered":"\t\t<div data-elementor-type=\"wp-post\" data-elementor-id=\"27891\" class=\"elementor elementor-27891\" data-elementor-post-type=\"post\">\n\t\t\t\t\t\t<section class=\"elementor-section elementor-top-section elementor-element elementor-element-aa3254e elementor-section-boxed elementor-section-height-default elementor-section-height-default\" data-id=\"aa3254e\" data-element_type=\"section\">\n\t\t\t\t\t\t<div class=\"elementor-container elementor-column-gap-default\">\n\t\t\t\t\t<div class=\"elementor-column elementor-col-100 elementor-top-column elementor-element elementor-element-aab4c2d\" data-id=\"aab4c2d\" data-element_type=\"column\">\n\t\t\t<div class=\"elementor-widget-wrap elementor-element-populated\">\n\t\t\t\t\t\t<div class=\"elementor-element elementor-element-8625c4d elementor-widget elementor-widget-heading\" data-id=\"8625c4d\" data-element_type=\"widget\" data-widget_type=\"heading.default\">\n\t\t\t\t<div class=\"elementor-widget-container\">\n\t\t\t\t\t<h2 class=\"elementor-heading-title elementor-size-default\">Pol\u00edcia Civil prende investigado por tr\u00e1fico de drogas em Bom Retiro <\/h2>\t\t\t\t<\/div>\n\t\t\t\t<\/div>\n\t\t\t\t\t<\/div>\n\t\t<\/div>\n\t\t\t\t\t<\/div>\n\t\t<\/section>\n\t\t\t\t<section class=\"elementor-section elementor-top-section elementor-element elementor-element-ef37af4 elementor-section-boxed elementor-section-height-default elementor-section-height-default\" data-id=\"ef37af4\" data-element_type=\"section\">\n\t\t\t\t\t\t<div class=\"elementor-container elementor-column-gap-default\">\n\t\t\t\t\t<div class=\"elementor-column elementor-col-100 elementor-top-column elementor-element elementor-element-9047e96\" data-id=\"9047e96\" data-element_type=\"column\">\n\t\t\t<div class=\"elementor-widget-wrap elementor-element-populated\">\n\t\t\t\t\t\t<div class=\"elementor-element elementor-element-f9ace1b elementor-widget elementor-widget-image\" data-id=\"f9ace1b\" data-element_type=\"widget\" data-widget_type=\"image.default\">\n\t\t\t\t<div class=\"elementor-widget-container\">\n\t\t\t\t\t\t\t\t\t\t\t\t\t\t\t<img fetchpriority=\"high\" decoding=\"async\" width=\"696\" height=\"1004\" src=\"https:\/\/pc.sc.gov.br\/\/wp-content\/uploads\/2023\/06\/VIATURA_000000000028-1-e1755803154189-710x1024.jpg\" class=\"attachment-large size-large wp-image-10113\" alt=\"\" srcset=\"https:\/\/pc.sc.gov.br\/\/wp-content\/uploads\/2023\/06\/VIATURA_000000000028-1-e1755803154189-710x1024.jpg 710w, https:\/\/pc.sc.gov.br\/\/wp-content\/uploads\/2023\/06\/VIATURA_000000000028-1-e1755803154189-208x300.jpg 208w, https:\/\/pc.sc.gov.br\/\/wp-content\/uploads\/2023\/06\/VIATURA_000000000028-1-e1755803154189.jpg 720w\" sizes=\"(max-width: 696px) 100vw, 696px\" \/>\t\t\t\t\t\t\t\t\t\t\t\t\t\t\t<\/div>\n\t\t\t\t<\/div>\n\t\t\t\t\t<\/div>\n\t\t<\/div>\n\t\t\t\t\t<\/div>\n\t\t<\/section>\n\t\t\t\t<section class=\"elementor-section elementor-top-section elementor-element elementor-element-a7e0f14 elementor-section-boxed elementor-section-height-default elementor-section-height-default\" data-id=\"a7e0f14\" data-element_type=\"section\">\n\t\t\t\t\t\t<div class=\"elementor-container elementor-column-gap-default\">\n\t\t\t\t\t<div class=\"elementor-column elementor-col-100 elementor-top-column elementor-element elementor-element-bf6406a\" data-id=\"bf6406a\" data-element_type=\"column\">\n\t\t\t<div class=\"elementor-widget-wrap elementor-element-populated\">\n\t\t\t\t\t\t<div class=\"elementor-element elementor-element-1b138a9 elementor-widget elementor-widget-text-editor\" data-id=\"1b138a9\" data-element_type=\"widget\" data-widget_type=\"text-editor.default\">\n\t\t\t\t<div class=\"elementor-widget-container\">\n\t\t\t\t\t\t\t\t\t<p>Na data de hoje (03\/04), a Pol\u00edcia Civil Santa Catarina, por meio da Delegacia de Pol\u00edcia de Bocaina do Sul, com o apoio da 2\u00aa DP de Lages, DIC e DPCo de Correia Pinto, realizaram dilig\u00eancias na cidade de Bocaina do Sul, para cumprimento de mandados de busca e apreens\u00e3o e pris\u00e3o preventiva. O alvo das buscas era um jovem que passou a residir na cidade de Bocaina do Sul h\u00e1 pouco tempo. Antes, morava na cidade de Pescaria Brava, sul do estado de Santa Catarina.<\/p><p>Investiga\u00e7\u00f5es realizadas pela Pol\u00edcia Civil de Pescaria Brava apontaram que o jovem estaria envolvido com o tr\u00e1fico de drogas naquela regi\u00e3o. Tamb\u00e9m, pesava suspeita que o mesmo estivesse integrando uma fac\u00e7\u00e3o criminosa, o que culminou com a decreta\u00e7\u00e3o de sua pris\u00e3o preventiva pelo Poder Judici\u00e1rio. Assim que seu paradeiro foi descoberto na cidade de Bocaina do Sul, tamb\u00e9m foi representado pelo mandado de busca e apreens\u00e3o na sua resid\u00eancia.<\/p><p>Durante o cumprimento dos mandados, o homem n\u00e3o foi encontrado em sua resid\u00eancia. Em dilig\u00eancias e investiga\u00e7\u00f5es descobriu-se que o jovem estaria naquele momento na cidade de Bom Retiro, tendo a equipe de policiais vivis se deslocado at\u00e9 aquela cidade, onde encontraram o jovem e realizaram sua pris\u00e3o. Agora, o jovem encontra-se recolhido no Pres\u00eddio Masculino de Lages, \u00e0 disposi\u00e7\u00e3o do Poder Judici\u00e1rio.<\/p>\t\t\t\t\t\t\t\t<\/div>\n\t\t\t\t<\/div>\n\t\t\t\t\t<\/div>\n\t\t<\/div>\n\t\t\t\t\t<\/div>\n\t\t<\/section>\n\t\t\t\t<\/div>\n\t\t","protected":false},"excerpt":{"rendered":"<p>Pol\u00edcia Civil prende investigado por tr\u00e1fico de drogas em Bom Retiro Na data de hoje (03\/04), a Pol\u00edcia Civil Santa Catarina, por meio da Delegacia de Pol\u00edcia de Bocaina do Sul, com o apoio da 2\u00aa DP de Lages, DIC e DPCo de Correia Pinto, realizaram dilig\u00eancias na cidade de Bocaina do Sul, para cumprimento [&hellip;]<\/p>\n","protected":false},"author":5,"featured_media":10113,"comment_status":"closed","ping_status":"open","sticky":false,"template":"","format":"standard","meta":{"_monsterinsights_skip_tracking":false,"_monsterinsights_sitenote_active":false,"_monsterinsights_sitenote_note":"","_monsterinsights_sitenote_category":0,"footnotes":""},"categories":[1],"tags":[],"class_list":["post-27891","post","type-post","status-publish","format-standard","has-post-thumbnail","hentry","category-sem-categoria"],"_links":{"self":[{"href":"https:\/\/pc.sc.gov.br\/index.php?rest_route=\/wp\/v2\/posts\/27891","targetHints":{"allow":["GET"]}}],"collection":[{"href":"https:\/\/pc.sc.gov.br\/index.php?rest_route=\/wp\/v2\/posts"}],"about":[{"href":"https:\/\/pc.sc.gov.br\/index.php?rest_route=\/wp\/v2\/types\/post"}],"author":[{"embeddable":true,"href":"https:\/\/pc.sc.gov.br\/index.php?rest_route=\/wp\/v2\/users\/5"}],"replies":[{"embeddable":true,"href":"https:\/\/pc.sc.gov.br\/index.php?rest_route=%2Fwp%2Fv2%2Fcomments&post=27891"}],"version-history":[{"count":4,"href":"https:\/\/pc.sc.gov.br\/index.php?rest_route=\/wp\/v2\/posts\/27891\/revisions"}],"predecessor-version":[{"id":27895,"href":"https:\/\/pc.sc.gov.br\/index.php?rest_route=\/wp\/v2\/posts\/27891\/revisions\/27895"}],"wp:featuredmedia":[{"embeddable":true,"href":"https:\/\/pc.sc.gov.br\/index.php?rest_route=\/wp\/v2\/media\/10113"}],"wp:attachment":[{"href":"https:\/\/pc.sc.gov.br\/index.php?rest_route=%2Fwp%2Fv2%2Fmedia&parent=27891"}],"wp:term":[{"taxonomy":"category","embeddable":true,"href":"https:\/\/pc.sc.gov.br\/index.php?rest_route=%2Fwp%2Fv2%2Fcategories&post=27891"},{"taxonomy":"post_tag","embeddable":true,"href":"https:\/\/pc.sc.gov.br\/index.php?rest_route=%2Fwp%2Fv2%2Ftags&post=27891"}],"curies":[{"name":"wp","href":"https:\/\/api.w.org\/{rel}","templated":true}]}}