{"id":27896,"date":"2025-04-03T19:19:37","date_gmt":"2025-04-03T22:19:37","guid":{"rendered":"https:\/\/pc.sc.gov.br\/?p=27896"},"modified":"2025-04-03T19:20:33","modified_gmt":"2025-04-03T22:20:33","slug":"policia-civil-prende-autor-de-tentativa-de-feminicidio-em-balneario-picarras","status":"publish","type":"post","link":"https:\/\/pc.sc.gov.br\/?p=27896","title":{"rendered":"Pol\u00edcia Civil prende autor de tentativa de feminic\u00eddio em Balne\u00e1rio Pi\u00e7arras"},"content":{"rendered":"\t\t<div data-elementor-type=\"wp-post\" data-elementor-id=\"27896\" class=\"elementor elementor-27896\" data-elementor-post-type=\"post\">\n\t\t\t\t\t\t<section class=\"elementor-section elementor-top-section elementor-element elementor-element-d237ad0 elementor-section-boxed elementor-section-height-default elementor-section-height-default\" data-id=\"d237ad0\" data-element_type=\"section\">\n\t\t\t\t\t\t<div class=\"elementor-container elementor-column-gap-default\">\n\t\t\t\t\t<div class=\"elementor-column elementor-col-100 elementor-top-column elementor-element elementor-element-243b0b3\" data-id=\"243b0b3\" data-element_type=\"column\">\n\t\t\t<div class=\"elementor-widget-wrap elementor-element-populated\">\n\t\t\t\t\t\t<div class=\"elementor-element elementor-element-476cb75 elementor-widget elementor-widget-heading\" data-id=\"476cb75\" data-element_type=\"widget\" data-widget_type=\"heading.default\">\n\t\t\t\t<div class=\"elementor-widget-container\">\n\t\t\t\t\t<h2 class=\"elementor-heading-title elementor-size-default\">Pol\u00edcia Civil prende autor de tentativa de feminic\u00eddio em Balne\u00e1rio Pi\u00e7arras<\/h2>\t\t\t\t<\/div>\n\t\t\t\t<\/div>\n\t\t\t\t\t<\/div>\n\t\t<\/div>\n\t\t\t\t\t<\/div>\n\t\t<\/section>\n\t\t\t\t<section class=\"elementor-section elementor-top-section elementor-element elementor-element-b2b5a82 elementor-section-boxed elementor-section-height-default elementor-section-height-default\" data-id=\"b2b5a82\" data-element_type=\"section\">\n\t\t\t\t\t\t<div class=\"elementor-container elementor-column-gap-default\">\n\t\t\t\t\t<div class=\"elementor-column elementor-col-100 elementor-top-column elementor-element elementor-element-31f8a8c\" data-id=\"31f8a8c\" data-element_type=\"column\">\n\t\t\t<div class=\"elementor-widget-wrap elementor-element-populated\">\n\t\t\t\t\t\t<div class=\"elementor-element elementor-element-7737554 elementor-widget elementor-widget-image\" data-id=\"7737554\" data-element_type=\"widget\" data-widget_type=\"image.default\">\n\t\t\t\t<div class=\"elementor-widget-container\">\n\t\t\t\t\t\t\t\t\t\t\t\t\t\t\t<img fetchpriority=\"high\" decoding=\"async\" width=\"576\" height=\"1024\" src=\"https:\/\/pc.sc.gov.br\/\/wp-content\/uploads\/2025\/04\/WhatsApp-Image-2025-04-03-at-16.59.39-576x1024.jpeg\" class=\"attachment-large size-large wp-image-27897\" alt=\"\" srcset=\"https:\/\/pc.sc.gov.br\/\/wp-content\/uploads\/2025\/04\/WhatsApp-Image-2025-04-03-at-16.59.39-576x1024.jpeg 576w, https:\/\/pc.sc.gov.br\/\/wp-content\/uploads\/2025\/04\/WhatsApp-Image-2025-04-03-at-16.59.39-169x300.jpeg 169w, https:\/\/pc.sc.gov.br\/\/wp-content\/uploads\/2025\/04\/WhatsApp-Image-2025-04-03-at-16.59.39-768x1365.jpeg 768w, https:\/\/pc.sc.gov.br\/\/wp-content\/uploads\/2025\/04\/WhatsApp-Image-2025-04-03-at-16.59.39-864x1536.jpeg 864w, https:\/\/pc.sc.gov.br\/\/wp-content\/uploads\/2025\/04\/WhatsApp-Image-2025-04-03-at-16.59.39.jpeg 900w\" sizes=\"(max-width: 576px) 100vw, 576px\" \/>\t\t\t\t\t\t\t\t\t\t\t\t\t\t\t<\/div>\n\t\t\t\t<\/div>\n\t\t\t\t\t<\/div>\n\t\t<\/div>\n\t\t\t\t\t<\/div>\n\t\t<\/section>\n\t\t\t\t<section class=\"elementor-section elementor-top-section elementor-element elementor-element-e6833b7 elementor-section-boxed elementor-section-height-default elementor-section-height-default\" data-id=\"e6833b7\" data-element_type=\"section\">\n\t\t\t\t\t\t<div class=\"elementor-container elementor-column-gap-default\">\n\t\t\t\t\t<div class=\"elementor-column elementor-col-100 elementor-top-column elementor-element elementor-element-fcb79da\" data-id=\"fcb79da\" data-element_type=\"column\">\n\t\t\t<div class=\"elementor-widget-wrap elementor-element-populated\">\n\t\t\t\t\t\t<div class=\"elementor-element elementor-element-d4f0613 elementor-widget elementor-widget-text-editor\" data-id=\"d4f0613\" data-element_type=\"widget\" data-widget_type=\"text-editor.default\">\n\t\t\t\t<div class=\"elementor-widget-container\">\n\t\t\t\t\t\t\t\t\t<p>Na tarde da quarta-feira (02\/04), a Pol\u00edcia Civil de Santa Catarina, por meio da Delegacia de Homic\u00eddios do Departamento de Investiga\u00e7\u00f5es Criminais de Blumenau, com o apoio do NINT da 3\u00aa DRP e da DPCo de Balne\u00e1rio Pi\u00e7arras, localizou, na BR-101, na cidade de Balne\u00e1rio Pi\u00e7arras, um homem suspeito por tentativa de feminic\u00eddio. O homem teve a pris\u00e3o preventiva decretada minutos antes da sua localiza\u00e7\u00e3o. O crime ocorreu na \u00faltima segunda-feira (31), quando a v\u00edtima foi violentamente agredida.<\/p>\n<p>O suspeito foi conduzido \u00e0 sede do Departamento, onde foi interrogado e confessou o crime, alegando que o cometeu por ci\u00fames, pois afirma manter um relacionamento amoroso com a v\u00edtima h\u00e1 mais de cinco anos. Ele disse ainda que acreditava ter matado a mulher e que pretendia desovar seu corpo e ve\u00edculo em alguma regi\u00e3o da cidade de Blumenau. Ap\u00f3s os procedimentos cartor\u00e1rios, o preso foi encaminhado ao Pres\u00eddio Regional de Blumenau, ficando \u00e0 disposi\u00e7\u00e3o da Justi\u00e7a.<\/p>\n<p><b>Entenda o caso<\/b><\/p>\n<p>A Pol\u00edcia Civil, por meio da Delegacia de Homic\u00eddios do Departamento de Investiga\u00e7\u00f5es Criminais de Blumenau, instaurou um inqu\u00e9rito policial para apurar as circunst\u00e2ncias, motiva\u00e7\u00e3o e autoria de uma tentativa de feminic\u00eddio ocorrida no bairro Testo Salto. A v\u00edtima chegou a casa com o rosto desfigurado, pedindo por socorro, ap\u00f3s ter sido agredida por um amigo com quem havia sa\u00eddo para jantar. O suspeito fugiu do local, e ainda ligou para o pai da v\u00edtima, dizendo que j\u00e1 se encontrava fora do estado e n\u00e3o se entregaria.<\/p>\n<p>A v\u00edtima esclareceu que o suspeito agiu de forma repentina, aplicando um mata-le\u00e3o no momento em que ela se despedia para ir embora. Durante a agress\u00e3o, ele afirmou que iria mat\u00e1-la, pois acreditava que ela arrumaria outra pessoa. A v\u00edtima afirma que nunca teve relacionamento com o suspeito, apenas uma amizade. A mulher foi brutalmente espancada no rosto, teve as m\u00e3os algemadas e foi estrangulada com uma corda. Ela conseguiu escapar ap\u00f3s ser colocada desacordada em seu ve\u00edculo, ao recobrar a consci\u00eancia, fingiu-se de morta e percebeu que o suspeito havia dado a volta por fora no carro para entrar&nbsp;pelo banco do motorista. Nesse momento, trancou as portas e conseguiu dirigir at\u00e9 a casa de familiares.<\/p>\n<p>A v\u00edtima acredita que o suspeito pretendia ocultar seu corpo. Durante a fuga, ele a perseguiu e colidiu v\u00e1rias vezes contra a traseira do ve\u00edculo at\u00e9 que ela se aproximasse da casa de seus familiares. A mulher sofreu fraturas m\u00faltiplas no rosto e diversas escoria\u00e7\u00f5es pelo corpo.<\/p>\t\t\t\t\t\t\t\t<\/div>\n\t\t\t\t<\/div>\n\t\t\t\t\t<\/div>\n\t\t<\/div>\n\t\t\t\t\t<\/div>\n\t\t<\/section>\n\t\t\t\t<section class=\"elementor-section elementor-top-section elementor-element elementor-element-0f2dff3 elementor-section-boxed elementor-section-height-default elementor-section-height-default\" data-id=\"0f2dff3\" data-element_type=\"section\">\n\t\t\t\t\t\t<div class=\"elementor-container elementor-column-gap-default\">\n\t\t\t\t\t<div class=\"elementor-column elementor-col-100 elementor-top-column elementor-element elementor-element-7d2b6c6\" data-id=\"7d2b6c6\" data-element_type=\"column\">\n\t\t\t<div class=\"elementor-widget-wrap elementor-element-populated\">\n\t\t\t\t\t\t<div class=\"elementor-element elementor-element-a0f9abd elementor-widget elementor-widget-image\" data-id=\"a0f9abd\" data-element_type=\"widget\" data-widget_type=\"image.default\">\n\t\t\t\t<div class=\"elementor-widget-container\">\n\t\t\t\t\t\t\t\t\t\t\t\t\t\t\t<img decoding=\"async\" width=\"576\" height=\"1024\" src=\"https:\/\/pc.sc.gov.br\/\/wp-content\/uploads\/2025\/04\/WhatsApp-Image-2025-04-03-at-16.59.40-576x1024.jpeg\" class=\"attachment-large size-large wp-image-27898\" alt=\"\" srcset=\"https:\/\/pc.sc.gov.br\/\/wp-content\/uploads\/2025\/04\/WhatsApp-Image-2025-04-03-at-16.59.40-576x1024.jpeg 576w, https:\/\/pc.sc.gov.br\/\/wp-content\/uploads\/2025\/04\/WhatsApp-Image-2025-04-03-at-16.59.40-169x300.jpeg 169w, https:\/\/pc.sc.gov.br\/\/wp-content\/uploads\/2025\/04\/WhatsApp-Image-2025-04-03-at-16.59.40-768x1365.jpeg 768w, https:\/\/pc.sc.gov.br\/\/wp-content\/uploads\/2025\/04\/WhatsApp-Image-2025-04-03-at-16.59.40-864x1536.jpeg 864w, https:\/\/pc.sc.gov.br\/\/wp-content\/uploads\/2025\/04\/WhatsApp-Image-2025-04-03-at-16.59.40.jpeg 900w\" sizes=\"(max-width: 576px) 100vw, 576px\" \/>\t\t\t\t\t\t\t\t\t\t\t\t\t\t\t<\/div>\n\t\t\t\t<\/div>\n\t\t\t\t\t<\/div>\n\t\t<\/div>\n\t\t\t\t\t<\/div>\n\t\t<\/section>\n\t\t\t\t<\/div>\n\t\t","protected":false},"excerpt":{"rendered":"<p>Pol\u00edcia Civil prende autor de tentativa de feminic\u00eddio em Balne\u00e1rio Pi\u00e7arras Na tarde da quarta-feira (02\/04), a Pol\u00edcia Civil de Santa Catarina, por meio da Delegacia de Homic\u00eddios do Departamento de Investiga\u00e7\u00f5es Criminais de Blumenau, com o apoio do NINT da 3\u00aa DRP e da DPCo de Balne\u00e1rio Pi\u00e7arras, localizou, na BR-101, na cidade de [&hellip;]<\/p>\n","protected":false},"author":5,"featured_media":27897,"comment_status":"closed","ping_status":"open","sticky":false,"template":"","format":"standard","meta":{"_monsterinsights_skip_tracking":false,"_monsterinsights_sitenote_active":false,"_monsterinsights_sitenote_note":"","_monsterinsights_sitenote_category":0,"footnotes":""},"categories":[1],"tags":[],"class_list":["post-27896","post","type-post","status-publish","format-standard","has-post-thumbnail","hentry","category-sem-categoria"],"_links":{"self":[{"href":"https:\/\/pc.sc.gov.br\/index.php?rest_route=\/wp\/v2\/posts\/27896","targetHints":{"allow":["GET"]}}],"collection":[{"href":"https:\/\/pc.sc.gov.br\/index.php?rest_route=\/wp\/v2\/posts"}],"about":[{"href":"https:\/\/pc.sc.gov.br\/index.php?rest_route=\/wp\/v2\/types\/post"}],"author":[{"embeddable":true,"href":"https:\/\/pc.sc.gov.br\/index.php?rest_route=\/wp\/v2\/users\/5"}],"replies":[{"embeddable":true,"href":"https:\/\/pc.sc.gov.br\/index.php?rest_route=%2Fwp%2Fv2%2Fcomments&post=27896"}],"version-history":[{"count":4,"href":"https:\/\/pc.sc.gov.br\/index.php?rest_route=\/wp\/v2\/posts\/27896\/revisions"}],"predecessor-version":[{"id":27902,"href":"https:\/\/pc.sc.gov.br\/index.php?rest_route=\/wp\/v2\/posts\/27896\/revisions\/27902"}],"wp:featuredmedia":[{"embeddable":true,"href":"https:\/\/pc.sc.gov.br\/index.php?rest_route=\/wp\/v2\/media\/27897"}],"wp:attachment":[{"href":"https:\/\/pc.sc.gov.br\/index.php?rest_route=%2Fwp%2Fv2%2Fmedia&parent=27896"}],"wp:term":[{"taxonomy":"category","embeddable":true,"href":"https:\/\/pc.sc.gov.br\/index.php?rest_route=%2Fwp%2Fv2%2Fcategories&post=27896"},{"taxonomy":"post_tag","embeddable":true,"href":"https:\/\/pc.sc.gov.br\/index.php?rest_route=%2Fwp%2Fv2%2Ftags&post=27896"}],"curies":[{"name":"wp","href":"https:\/\/api.w.org\/{rel}","templated":true}]}}