{"id":27903,"date":"2025-04-03T19:27:09","date_gmt":"2025-04-03T22:27:09","guid":{"rendered":"https:\/\/pc.sc.gov.br\/?p=27903"},"modified":"2025-04-03T19:27:46","modified_gmt":"2025-04-03T22:27:46","slug":"em-criciuma-investigacao-de-homicidio-tem-encerramento-com-prisao-preventiva-do-acusado-e-indiciamento-pela-policia-civil","status":"publish","type":"post","link":"https:\/\/pc.sc.gov.br\/?p=27903","title":{"rendered":"Em Crici\u00fama, investiga\u00e7\u00e3o de homic\u00eddio tem encerramento com pris\u00e3o preventiva do acusado e indiciamento pela Pol\u00edcia Civil"},"content":{"rendered":"\t\t<div data-elementor-type=\"wp-post\" data-elementor-id=\"27903\" class=\"elementor elementor-27903\" data-elementor-post-type=\"post\">\n\t\t\t\t\t\t<section class=\"elementor-section elementor-top-section elementor-element elementor-element-bce9d47 elementor-section-boxed elementor-section-height-default elementor-section-height-default\" data-id=\"bce9d47\" data-element_type=\"section\">\n\t\t\t\t\t\t<div class=\"elementor-container elementor-column-gap-default\">\n\t\t\t\t\t<div class=\"elementor-column elementor-col-100 elementor-top-column elementor-element elementor-element-ef8e721\" data-id=\"ef8e721\" data-element_type=\"column\">\n\t\t\t<div class=\"elementor-widget-wrap elementor-element-populated\">\n\t\t\t\t\t\t<div class=\"elementor-element elementor-element-8d22693 elementor-widget elementor-widget-heading\" data-id=\"8d22693\" data-element_type=\"widget\" data-widget_type=\"heading.default\">\n\t\t\t\t<div class=\"elementor-widget-container\">\n\t\t\t\t\t<h2 class=\"elementor-heading-title elementor-size-default\">Em Crici\u00fama, investiga\u00e7\u00e3o de homic\u00eddio tem encerramento com pris\u00e3o preventiva do acusado e indiciamento pela Pol\u00edcia Civil<\/h2>\t\t\t\t<\/div>\n\t\t\t\t<\/div>\n\t\t\t\t\t<\/div>\n\t\t<\/div>\n\t\t\t\t\t<\/div>\n\t\t<\/section>\n\t\t\t\t<section class=\"elementor-section elementor-top-section elementor-element elementor-element-f165559 elementor-section-boxed elementor-section-height-default elementor-section-height-default\" data-id=\"f165559\" data-element_type=\"section\">\n\t\t\t\t\t\t<div class=\"elementor-container elementor-column-gap-default\">\n\t\t\t\t\t<div class=\"elementor-column elementor-col-100 elementor-top-column elementor-element elementor-element-cacf6b1\" data-id=\"cacf6b1\" data-element_type=\"column\">\n\t\t\t<div class=\"elementor-widget-wrap elementor-element-populated\">\n\t\t\t\t\t\t<div class=\"elementor-element elementor-element-5bc0e15 elementor-widget elementor-widget-image\" data-id=\"5bc0e15\" data-element_type=\"widget\" data-widget_type=\"image.default\">\n\t\t\t\t<div class=\"elementor-widget-container\">\n\t\t\t\t\t\t\t\t\t\t\t\t\t\t\t<img fetchpriority=\"high\" decoding=\"async\" width=\"696\" height=\"742\" src=\"https:\/\/pc.sc.gov.br\/\/wp-content\/uploads\/2025\/04\/WhatsApp-Image-2025-04-03-at-18.22.59.jpeg\" class=\"attachment-large size-large wp-image-27904\" alt=\"\" srcset=\"https:\/\/pc.sc.gov.br\/\/wp-content\/uploads\/2025\/04\/WhatsApp-Image-2025-04-03-at-18.22.59.jpeg 900w, https:\/\/pc.sc.gov.br\/\/wp-content\/uploads\/2025\/04\/WhatsApp-Image-2025-04-03-at-18.22.59-282x300.jpeg 282w, https:\/\/pc.sc.gov.br\/\/wp-content\/uploads\/2025\/04\/WhatsApp-Image-2025-04-03-at-18.22.59-768x818.jpeg 768w\" sizes=\"(max-width: 696px) 100vw, 696px\" \/>\t\t\t\t\t\t\t\t\t\t\t\t\t\t\t<\/div>\n\t\t\t\t<\/div>\n\t\t\t\t\t<\/div>\n\t\t<\/div>\n\t\t\t\t\t<\/div>\n\t\t<\/section>\n\t\t\t\t<section class=\"elementor-section elementor-top-section elementor-element elementor-element-05cf61d elementor-section-boxed elementor-section-height-default elementor-section-height-default\" data-id=\"05cf61d\" data-element_type=\"section\">\n\t\t\t\t\t\t<div class=\"elementor-container elementor-column-gap-default\">\n\t\t\t\t\t<div class=\"elementor-column elementor-col-100 elementor-top-column elementor-element elementor-element-14129a2\" data-id=\"14129a2\" data-element_type=\"column\">\n\t\t\t<div class=\"elementor-widget-wrap elementor-element-populated\">\n\t\t\t\t\t\t<div class=\"elementor-element elementor-element-5e64b21 elementor-widget elementor-widget-text-editor\" data-id=\"5e64b21\" data-element_type=\"widget\" data-widget_type=\"text-editor.default\">\n\t\t\t\t<div class=\"elementor-widget-container\">\n\t\t\t\t\t\t\t\t\t<p>A Pol\u00edcia Civil de Santa Catarina, por meio da Delegacia de Homic\u00eddios de Crici\u00fama, finalizou a apura\u00e7\u00e3o de homic\u00eddio que vitimou uma mulher, no bairro Naspolini, em 28 de fevereiro deste ano.<\/p><p>A Pol\u00edcia Civil promoveu o indiciamento do homem investigado por homic\u00eddio qualificado, viola\u00e7\u00e3o de domic\u00edlio qualificado e dano qualificado. Ele havia sido preso temporariamente em 05 de mar\u00e7o.<\/p><p>Com a finaliza\u00e7\u00e3o, houve requerimento da Pol\u00edcia Civil para convers\u00e3o em pris\u00e3o preventiva, com parecer favor\u00e1vel do Minist\u00e9rio P\u00fablico, sendo acolhida pelo Ju\u00edzo da 1\u00aa Vara Criminal de Crici\u00fama. Houve den\u00fancia pelo Minist\u00e9rio P\u00fablico. O acusado segue recolhido no Pres\u00eddio.<\/p>\t\t\t\t\t\t\t\t<\/div>\n\t\t\t\t<\/div>\n\t\t\t\t\t<\/div>\n\t\t<\/div>\n\t\t\t\t\t<\/div>\n\t\t<\/section>\n\t\t\t\t<\/div>\n\t\t","protected":false},"excerpt":{"rendered":"<p>Em Crici\u00fama, investiga\u00e7\u00e3o de homic\u00eddio tem encerramento com pris\u00e3o preventiva do acusado e indiciamento pela Pol\u00edcia Civil A Pol\u00edcia Civil de Santa Catarina, por meio da Delegacia de Homic\u00eddios de Crici\u00fama, finalizou a apura\u00e7\u00e3o de homic\u00eddio que vitimou uma mulher, no bairro Naspolini, em 28 de fevereiro deste ano. A Pol\u00edcia Civil promoveu o indiciamento [&hellip;]<\/p>\n","protected":false},"author":5,"featured_media":27904,"comment_status":"closed","ping_status":"open","sticky":false,"template":"","format":"standard","meta":{"_monsterinsights_skip_tracking":false,"_monsterinsights_sitenote_active":false,"_monsterinsights_sitenote_note":"","_monsterinsights_sitenote_category":0,"footnotes":""},"categories":[1],"tags":[],"class_list":["post-27903","post","type-post","status-publish","format-standard","has-post-thumbnail","hentry","category-sem-categoria"],"_links":{"self":[{"href":"https:\/\/pc.sc.gov.br\/index.php?rest_route=\/wp\/v2\/posts\/27903","targetHints":{"allow":["GET"]}}],"collection":[{"href":"https:\/\/pc.sc.gov.br\/index.php?rest_route=\/wp\/v2\/posts"}],"about":[{"href":"https:\/\/pc.sc.gov.br\/index.php?rest_route=\/wp\/v2\/types\/post"}],"author":[{"embeddable":true,"href":"https:\/\/pc.sc.gov.br\/index.php?rest_route=\/wp\/v2\/users\/5"}],"replies":[{"embeddable":true,"href":"https:\/\/pc.sc.gov.br\/index.php?rest_route=%2Fwp%2Fv2%2Fcomments&post=27903"}],"version-history":[{"count":4,"href":"https:\/\/pc.sc.gov.br\/index.php?rest_route=\/wp\/v2\/posts\/27903\/revisions"}],"predecessor-version":[{"id":27908,"href":"https:\/\/pc.sc.gov.br\/index.php?rest_route=\/wp\/v2\/posts\/27903\/revisions\/27908"}],"wp:featuredmedia":[{"embeddable":true,"href":"https:\/\/pc.sc.gov.br\/index.php?rest_route=\/wp\/v2\/media\/27904"}],"wp:attachment":[{"href":"https:\/\/pc.sc.gov.br\/index.php?rest_route=%2Fwp%2Fv2%2Fmedia&parent=27903"}],"wp:term":[{"taxonomy":"category","embeddable":true,"href":"https:\/\/pc.sc.gov.br\/index.php?rest_route=%2Fwp%2Fv2%2Fcategories&post=27903"},{"taxonomy":"post_tag","embeddable":true,"href":"https:\/\/pc.sc.gov.br\/index.php?rest_route=%2Fwp%2Fv2%2Ftags&post=27903"}],"curies":[{"name":"wp","href":"https:\/\/api.w.org\/{rel}","templated":true}]}}