{"id":27909,"date":"2025-04-03T19:35:44","date_gmt":"2025-04-03T22:35:44","guid":{"rendered":"https:\/\/pc.sc.gov.br\/?p=27909"},"modified":"2025-04-03T19:36:45","modified_gmt":"2025-04-03T22:36:45","slug":"policia-civil-e-orgaos-de-fiscalizacao-deflagram-a-29a-edicao-da-operacao-311","status":"publish","type":"post","link":"https:\/\/pc.sc.gov.br\/?p=27909","title":{"rendered":"Pol\u00edcia Civil e \u00f3rg\u00e3os de fiscaliza\u00e7\u00e3o deflagram a 29\u00aa Edi\u00e7\u00e3o da opera\u00e7\u00e3o \u201c311\u201d"},"content":{"rendered":"\t\t<div data-elementor-type=\"wp-post\" data-elementor-id=\"27909\" class=\"elementor elementor-27909\" data-elementor-post-type=\"post\">\n\t\t\t\t\t\t<section class=\"elementor-section elementor-top-section elementor-element elementor-element-e480815 elementor-section-boxed elementor-section-height-default elementor-section-height-default\" data-id=\"e480815\" data-element_type=\"section\">\n\t\t\t\t\t\t<div class=\"elementor-container elementor-column-gap-default\">\n\t\t\t\t\t<div class=\"elementor-column elementor-col-100 elementor-top-column elementor-element elementor-element-1d9435c\" data-id=\"1d9435c\" data-element_type=\"column\">\n\t\t\t<div class=\"elementor-widget-wrap elementor-element-populated\">\n\t\t\t\t\t\t<div class=\"elementor-element elementor-element-62d7147 elementor-widget elementor-widget-heading\" data-id=\"62d7147\" data-element_type=\"widget\" data-widget_type=\"heading.default\">\n\t\t\t\t<div class=\"elementor-widget-container\">\n\t\t\t\t\t<h2 class=\"elementor-heading-title elementor-size-default\">Pol\u00edcia Civil e \u00f3rg\u00e3os de fiscaliza\u00e7\u00e3o deflagram a 29\u00aa Edi\u00e7\u00e3o da opera\u00e7\u00e3o \u201c311\u201d<\/h2>\t\t\t\t<\/div>\n\t\t\t\t<\/div>\n\t\t\t\t\t<\/div>\n\t\t<\/div>\n\t\t\t\t\t<\/div>\n\t\t<\/section>\n\t\t\t\t<section class=\"elementor-section elementor-top-section elementor-element elementor-element-8148776 elementor-section-boxed elementor-section-height-default elementor-section-height-default\" data-id=\"8148776\" data-element_type=\"section\">\n\t\t\t\t\t\t<div class=\"elementor-container elementor-column-gap-default\">\n\t\t\t\t\t<div class=\"elementor-column elementor-col-100 elementor-top-column elementor-element elementor-element-dc963a1\" data-id=\"dc963a1\" data-element_type=\"column\">\n\t\t\t<div class=\"elementor-widget-wrap elementor-element-populated\">\n\t\t\t\t\t\t<div class=\"elementor-element elementor-element-6feb358 elementor-widget elementor-widget-text-editor\" data-id=\"6feb358\" data-element_type=\"widget\" data-widget_type=\"text-editor.default\">\n\t\t\t\t<div class=\"elementor-widget-container\">\n\t\t\t\t\t\t\t\t\t<p>Na quarta-feira (02\/04), a Pol\u00edcia Civil de Santa Catarina e os \u00f3rg\u00e3os de fiscaliza\u00e7\u00e3o de Santa Catarina deflagraram a 29\u00aa edi\u00e7\u00e3o da Opera\u00e7\u00e3o 311, voltada \u00e0 fiscaliza\u00e7\u00e3o de estabelecimentos do setor automotivo.<\/p><p>A a\u00e7\u00e3o teve como ponto de partida informa\u00e7\u00f5es recebidas pelas equipes da Delegacia de Furtos e Roubos de Ve\u00edculos da DEIC (DFRV\/DEIC) e da Delegacia de Pol\u00edcia da Comarca de Balne\u00e1rio Cambori\u00fa (DPCO\/BC), que apontaram para a continuidade da comercializa\u00e7\u00e3o de pe\u00e7as de origem il\u00edcita por uma loja de autope\u00e7as. Segundo as investiga\u00e7\u00f5es, o estabelecimento estaria operando com risco elevado de envolvimento com crimes interestaduais, uma vez que pe\u00e7as e componentes de ve\u00edculos furtados, origin\u00e1rios de outros estados \u2013 como S\u00e3o Paulo \u2013 seriam frequentemente comercializados.<\/p><p>Durante a opera\u00e7\u00e3o, constatou-se que o dono da loja de autope\u00e7as n\u00e3o se encontrava no local. Entretanto, o gerente foi conduzido \u00e0 sede da DEIC, onde foi autuado em flagrante pelos crimes de recepta\u00e7\u00e3o qualificada e adultera\u00e7\u00e3o de sinal identificador. Foram apreendidas pe\u00e7as provenientes de cinco ve\u00edculos com registro de furto no Estado de S\u00e3o Paulo, al\u00e9m de componentes de tr\u00eas ve\u00edculos, cujos n\u00fameros identificadores haviam sido suprimidos.<\/p><p>Importante divulgar que a Secretaria da Fazenda Estadual ir\u00e1 apurar ind\u00edcios de sonega\u00e7\u00e3o fiscal identificados na dilig\u00eancia. A redu\u00e7\u00e3o ou supress\u00e3o de tributos decorrente da n\u00e3o emiss\u00e3o de documentos fiscais \u00e9 crime previsto na Lei 8.137\/1990, art. 1\u00b0, inciso V.<\/p><p>O Procon SC notificou o gerente a apresentar, em 20 dias, os documentos referentes ao alvar\u00e1 de funcionamento e o registro de credenciamento junto ao Detran-SC.<\/p><p>A fiscaliza\u00e7\u00e3o foi conduzida de forma integrada por representantes da Pol\u00edcia Civil \u2013 por meio da DFRV\/DEIC e DPCO\/BC \u2013, Pol\u00edcia Cient\u00edfica, Secretaria da Fazenda Estadual, Procon de Santa Catarina e Corregedoria do Detran. Essa articula\u00e7\u00e3o entre os \u00f3rg\u00e3os permite um controle mais efetivo sobre o setor automotivo, contribuindo significativamente para o combate \u00e0 comercializa\u00e7\u00e3o ilegal de pe\u00e7as e componentes.<\/p><p>A opera\u00e7\u00e3o tamb\u00e9m ressalta a import\u00e2ncia das den\u00fancias an\u00f4nimas e da colabora\u00e7\u00e3o da popula\u00e7\u00e3o no enfrentamento do crime. A Pol\u00edcia Civil orienta que den\u00fancias podem ser realizadas de forma segura e sigilosa por meio do Disque-Den\u00fancia 181 ou pelo WhatsApp de den\u00fancias, no n\u00famero (48) 98844-0011.<\/p>\t\t\t\t\t\t\t\t<\/div>\n\t\t\t\t<\/div>\n\t\t\t\t\t<\/div>\n\t\t<\/div>\n\t\t\t\t\t<\/div>\n\t\t<\/section>\n\t\t\t\t<section class=\"elementor-section elementor-top-section elementor-element elementor-element-1d78106 elementor-section-boxed elementor-section-height-default elementor-section-height-default\" data-id=\"1d78106\" data-element_type=\"section\">\n\t\t\t\t\t\t<div class=\"elementor-container elementor-column-gap-default\">\n\t\t\t\t\t<div class=\"elementor-column elementor-col-100 elementor-top-column elementor-element elementor-element-395646c\" data-id=\"395646c\" data-element_type=\"column\">\n\t\t\t<div class=\"elementor-widget-wrap elementor-element-populated\">\n\t\t\t\t\t\t<div class=\"elementor-element elementor-element-4d707dd elementor-widget elementor-widget-gallery\" data-id=\"4d707dd\" data-element_type=\"widget\" data-settings=\"{&quot;lazyload&quot;:&quot;yes&quot;,&quot;gallery_layout&quot;:&quot;grid&quot;,&quot;columns&quot;:4,&quot;columns_tablet&quot;:2,&quot;columns_mobile&quot;:1,&quot;gap&quot;:{&quot;unit&quot;:&quot;px&quot;,&quot;size&quot;:10,&quot;sizes&quot;:[]},&quot;gap_tablet&quot;:{&quot;unit&quot;:&quot;px&quot;,&quot;size&quot;:10,&quot;sizes&quot;:[]},&quot;gap_mobile&quot;:{&quot;unit&quot;:&quot;px&quot;,&quot;size&quot;:10,&quot;sizes&quot;:[]},&quot;link_to&quot;:&quot;file&quot;,&quot;aspect_ratio&quot;:&quot;3:2&quot;,&quot;overlay_background&quot;:&quot;yes&quot;,&quot;content_hover_animation&quot;:&quot;fade-in&quot;}\" data-widget_type=\"gallery.default\">\n\t\t\t\t<div class=\"elementor-widget-container\">\n\t\t\t\t\t\t\t<div class=\"elementor-gallery__container\">\n\t\t\t\t\t\t\t<a class=\"e-gallery-item elementor-gallery-item elementor-animated-content\" href=\"https:\/\/pc.sc.gov.br\/\/wp-content\/uploads\/2025\/04\/WhatsApp-Image-2025-04-03-at-08.55.15.jpeg\" data-elementor-open-lightbox=\"yes\" data-elementor-lightbox-slideshow=\"4d707dd\" data-elementor-lightbox-title=\"WhatsApp Image 2025-04-03 at 08.55.15\" data-e-action-hash=\"#elementor-action%3Aaction%3Dlightbox%26settings%3DeyJpZCI6Mjc5MTAsInVybCI6Imh0dHBzOlwvXC9wYy5zYy5nb3YuYnJcL1wvd3AtY29udGVudFwvdXBsb2Fkc1wvMjAyNVwvMDRcL1doYXRzQXBwLUltYWdlLTIwMjUtMDQtMDMtYXQtMDguNTUuMTUuanBlZyIsInNsaWRlc2hvdyI6IjRkNzA3ZGQifQ%3D%3D\">\n\t\t\t\t\t<div class=\"e-gallery-image elementor-gallery-item__image\" data-thumbnail=\"https:\/\/pc.sc.gov.br\/\/wp-content\/uploads\/2025\/04\/WhatsApp-Image-2025-04-03-at-08.55.15-300x225.jpeg\" data-width=\"300\" data-height=\"225\" aria-label=\"\" role=\"img\" ><\/div>\n\t\t\t\t\t\t\t\t\t\t\t<div class=\"elementor-gallery-item__overlay\"><\/div>\n\t\t\t\t\t\t\t\t\t\t\t\t\t\t<\/a>\n\t\t\t\t\t\t\t<a class=\"e-gallery-item elementor-gallery-item elementor-animated-content\" href=\"https:\/\/pc.sc.gov.br\/\/wp-content\/uploads\/2025\/04\/WhatsApp-Image-2025-03-27-at-17.29.36-1.jpeg\" data-elementor-open-lightbox=\"yes\" data-elementor-lightbox-slideshow=\"4d707dd\" data-elementor-lightbox-title=\"WhatsApp Image 2025-03-27 at 17.29.36 (1)\" data-e-action-hash=\"#elementor-action%3Aaction%3Dlightbox%26settings%3DeyJpZCI6Mjc5MTEsInVybCI6Imh0dHBzOlwvXC9wYy5zYy5nb3YuYnJcL1wvd3AtY29udGVudFwvdXBsb2Fkc1wvMjAyNVwvMDRcL1doYXRzQXBwLUltYWdlLTIwMjUtMDMtMjctYXQtMTcuMjkuMzYtMS5qcGVnIiwic2xpZGVzaG93IjoiNGQ3MDdkZCJ9\">\n\t\t\t\t\t<div class=\"e-gallery-image elementor-gallery-item__image\" data-thumbnail=\"https:\/\/pc.sc.gov.br\/\/wp-content\/uploads\/2025\/04\/WhatsApp-Image-2025-03-27-at-17.29.36-1-225x300.jpeg\" data-width=\"225\" data-height=\"300\" aria-label=\"\" role=\"img\" ><\/div>\n\t\t\t\t\t\t\t\t\t\t\t<div class=\"elementor-gallery-item__overlay\"><\/div>\n\t\t\t\t\t\t\t\t\t\t\t\t\t\t<\/a>\n\t\t\t\t\t\t\t<a class=\"e-gallery-item elementor-gallery-item elementor-animated-content\" href=\"https:\/\/pc.sc.gov.br\/\/wp-content\/uploads\/2025\/04\/WhatsApp-Image-2025-03-27-at-17.29.36.jpeg\" data-elementor-open-lightbox=\"yes\" data-elementor-lightbox-slideshow=\"4d707dd\" data-elementor-lightbox-title=\"WhatsApp Image 2025-03-27 at 17.29.36\" data-e-action-hash=\"#elementor-action%3Aaction%3Dlightbox%26settings%3DeyJpZCI6Mjc5MTIsInVybCI6Imh0dHBzOlwvXC9wYy5zYy5nb3YuYnJcL1wvd3AtY29udGVudFwvdXBsb2Fkc1wvMjAyNVwvMDRcL1doYXRzQXBwLUltYWdlLTIwMjUtMDMtMjctYXQtMTcuMjkuMzYuanBlZyIsInNsaWRlc2hvdyI6IjRkNzA3ZGQifQ%3D%3D\">\n\t\t\t\t\t<div class=\"e-gallery-image elementor-gallery-item__image\" data-thumbnail=\"https:\/\/pc.sc.gov.br\/\/wp-content\/uploads\/2025\/04\/WhatsApp-Image-2025-03-27-at-17.29.36-225x300.jpeg\" data-width=\"225\" data-height=\"300\" aria-label=\"\" role=\"img\" ><\/div>\n\t\t\t\t\t\t\t\t\t\t\t<div class=\"elementor-gallery-item__overlay\"><\/div>\n\t\t\t\t\t\t\t\t\t\t\t\t\t\t<\/a>\n\t\t\t\t\t\t\t<a class=\"e-gallery-item elementor-gallery-item elementor-animated-content\" href=\"https:\/\/pc.sc.gov.br\/\/wp-content\/uploads\/2025\/04\/WhatsApp-Image-2025-03-27-at-17.29.35-1.jpeg\" data-elementor-open-lightbox=\"yes\" data-elementor-lightbox-slideshow=\"4d707dd\" data-elementor-lightbox-title=\"WhatsApp Image 2025-03-27 at 17.29.35 (1)\" data-e-action-hash=\"#elementor-action%3Aaction%3Dlightbox%26settings%3DeyJpZCI6Mjc5MTMsInVybCI6Imh0dHBzOlwvXC9wYy5zYy5nb3YuYnJcL1wvd3AtY29udGVudFwvdXBsb2Fkc1wvMjAyNVwvMDRcL1doYXRzQXBwLUltYWdlLTIwMjUtMDMtMjctYXQtMTcuMjkuMzUtMS5qcGVnIiwic2xpZGVzaG93IjoiNGQ3MDdkZCJ9\">\n\t\t\t\t\t<div class=\"e-gallery-image elementor-gallery-item__image\" data-thumbnail=\"https:\/\/pc.sc.gov.br\/\/wp-content\/uploads\/2025\/04\/WhatsApp-Image-2025-03-27-at-17.29.35-1-225x300.jpeg\" data-width=\"225\" data-height=\"300\" aria-label=\"\" role=\"img\" ><\/div>\n\t\t\t\t\t\t\t\t\t\t\t<div class=\"elementor-gallery-item__overlay\"><\/div>\n\t\t\t\t\t\t\t\t\t\t\t\t\t\t<\/a>\n\t\t\t\t\t<\/div>\n\t\t\t\t\t<\/div>\n\t\t\t\t<\/div>\n\t\t\t\t\t<\/div>\n\t\t<\/div>\n\t\t\t\t\t<\/div>\n\t\t<\/section>\n\t\t\t\t<\/div>\n\t\t","protected":false},"excerpt":{"rendered":"<p>Pol\u00edcia Civil e \u00f3rg\u00e3os de fiscaliza\u00e7\u00e3o deflagram a 29\u00aa Edi\u00e7\u00e3o da opera\u00e7\u00e3o \u201c311\u201d Na quarta-feira (02\/04), a Pol\u00edcia Civil de Santa Catarina e os \u00f3rg\u00e3os de fiscaliza\u00e7\u00e3o de Santa Catarina deflagraram a 29\u00aa edi\u00e7\u00e3o da Opera\u00e7\u00e3o 311, voltada \u00e0 fiscaliza\u00e7\u00e3o de estabelecimentos do setor automotivo. A a\u00e7\u00e3o teve como ponto de partida informa\u00e7\u00f5es recebidas pelas [&hellip;]<\/p>\n","protected":false},"author":5,"featured_media":27913,"comment_status":"closed","ping_status":"open","sticky":false,"template":"","format":"standard","meta":{"_monsterinsights_skip_tracking":false,"_monsterinsights_sitenote_active":false,"_monsterinsights_sitenote_note":"","_monsterinsights_sitenote_category":0,"footnotes":""},"categories":[1],"tags":[],"class_list":["post-27909","post","type-post","status-publish","format-standard","has-post-thumbnail","hentry","category-sem-categoria"],"_links":{"self":[{"href":"https:\/\/pc.sc.gov.br\/index.php?rest_route=\/wp\/v2\/posts\/27909","targetHints":{"allow":["GET"]}}],"collection":[{"href":"https:\/\/pc.sc.gov.br\/index.php?rest_route=\/wp\/v2\/posts"}],"about":[{"href":"https:\/\/pc.sc.gov.br\/index.php?rest_route=\/wp\/v2\/types\/post"}],"author":[{"embeddable":true,"href":"https:\/\/pc.sc.gov.br\/index.php?rest_route=\/wp\/v2\/users\/5"}],"replies":[{"embeddable":true,"href":"https:\/\/pc.sc.gov.br\/index.php?rest_route=%2Fwp%2Fv2%2Fcomments&post=27909"}],"version-history":[{"count":4,"href":"https:\/\/pc.sc.gov.br\/index.php?rest_route=\/wp\/v2\/posts\/27909\/revisions"}],"predecessor-version":[{"id":27917,"href":"https:\/\/pc.sc.gov.br\/index.php?rest_route=\/wp\/v2\/posts\/27909\/revisions\/27917"}],"wp:featuredmedia":[{"embeddable":true,"href":"https:\/\/pc.sc.gov.br\/index.php?rest_route=\/wp\/v2\/media\/27913"}],"wp:attachment":[{"href":"https:\/\/pc.sc.gov.br\/index.php?rest_route=%2Fwp%2Fv2%2Fmedia&parent=27909"}],"wp:term":[{"taxonomy":"category","embeddable":true,"href":"https:\/\/pc.sc.gov.br\/index.php?rest_route=%2Fwp%2Fv2%2Fcategories&post=27909"},{"taxonomy":"post_tag","embeddable":true,"href":"https:\/\/pc.sc.gov.br\/index.php?rest_route=%2Fwp%2Fv2%2Ftags&post=27909"}],"curies":[{"name":"wp","href":"https:\/\/api.w.org\/{rel}","templated":true}]}}