{"id":27927,"date":"2025-04-07T14:13:40","date_gmt":"2025-04-07T17:13:40","guid":{"rendered":"https:\/\/pc.sc.gov.br\/?p=27927"},"modified":"2025-04-07T14:14:24","modified_gmt":"2025-04-07T17:14:24","slug":"operacao-fakemetria-policia-civil-desarticula-esquema-de-coleta-ilegal-de-biometria-facial","status":"publish","type":"post","link":"https:\/\/pc.sc.gov.br\/?p=27927","title":{"rendered":"Opera\u00e7\u00e3o \u201cFakemetria\u201d: Pol\u00edcia Civil desarticula esquema de coleta ilegal de biometria facial"},"content":{"rendered":"\t\t<div data-elementor-type=\"wp-post\" data-elementor-id=\"27927\" class=\"elementor elementor-27927\" data-elementor-post-type=\"post\">\n\t\t\t\t\t\t<section class=\"elementor-section elementor-top-section elementor-element elementor-element-cf84969 elementor-section-boxed elementor-section-height-default elementor-section-height-default\" data-id=\"cf84969\" data-element_type=\"section\">\n\t\t\t\t\t\t<div class=\"elementor-container elementor-column-gap-default\">\n\t\t\t\t\t<div class=\"elementor-column elementor-col-100 elementor-top-column elementor-element elementor-element-8193d96\" data-id=\"8193d96\" data-element_type=\"column\">\n\t\t\t<div class=\"elementor-widget-wrap elementor-element-populated\">\n\t\t\t\t\t\t<div class=\"elementor-element elementor-element-2c361cf elementor-widget elementor-widget-heading\" data-id=\"2c361cf\" data-element_type=\"widget\" data-widget_type=\"heading.default\">\n\t\t\t\t<div class=\"elementor-widget-container\">\n\t\t\t\t\t<h2 class=\"elementor-heading-title elementor-size-default\">Opera\u00e7\u00e3o \u201cFakemetria\u201d: Pol\u00edcia Civil desarticula esquema de coleta ilegal de biometria facial<\/h2>\t\t\t\t<\/div>\n\t\t\t\t<\/div>\n\t\t\t\t\t<\/div>\n\t\t<\/div>\n\t\t\t\t\t<\/div>\n\t\t<\/section>\n\t\t\t\t<section class=\"elementor-section elementor-top-section elementor-element elementor-element-84f659a elementor-section-boxed elementor-section-height-default elementor-section-height-default\" data-id=\"84f659a\" data-element_type=\"section\">\n\t\t\t\t\t\t<div class=\"elementor-container elementor-column-gap-default\">\n\t\t\t\t\t<div class=\"elementor-column elementor-col-100 elementor-top-column elementor-element elementor-element-76f8491\" data-id=\"76f8491\" data-element_type=\"column\">\n\t\t\t<div class=\"elementor-widget-wrap elementor-element-populated\">\n\t\t\t\t\t\t<div class=\"elementor-element elementor-element-949420d elementor-widget elementor-widget-image\" data-id=\"949420d\" data-element_type=\"widget\" data-widget_type=\"image.default\">\n\t\t\t\t<div class=\"elementor-widget-container\">\n\t\t\t\t\t\t\t\t\t\t\t\t\t\t\t<img fetchpriority=\"high\" decoding=\"async\" width=\"696\" height=\"638\" src=\"https:\/\/pc.sc.gov.br\/\/wp-content\/uploads\/2025\/04\/WhatsApp-Image-2025-04-04-at-19.28.48-1024x939.jpeg\" class=\"attachment-large size-large wp-image-27928\" alt=\"\" srcset=\"https:\/\/pc.sc.gov.br\/\/wp-content\/uploads\/2025\/04\/WhatsApp-Image-2025-04-04-at-19.28.48-1024x939.jpeg 1024w, https:\/\/pc.sc.gov.br\/\/wp-content\/uploads\/2025\/04\/WhatsApp-Image-2025-04-04-at-19.28.48-300x275.jpeg 300w, https:\/\/pc.sc.gov.br\/\/wp-content\/uploads\/2025\/04\/WhatsApp-Image-2025-04-04-at-19.28.48-768x704.jpeg 768w, https:\/\/pc.sc.gov.br\/\/wp-content\/uploads\/2025\/04\/WhatsApp-Image-2025-04-04-at-19.28.48-1536x1408.jpeg 1536w, https:\/\/pc.sc.gov.br\/\/wp-content\/uploads\/2025\/04\/WhatsApp-Image-2025-04-04-at-19.28.48.jpeg 1600w\" sizes=\"(max-width: 696px) 100vw, 696px\" \/>\t\t\t\t\t\t\t\t\t\t\t\t\t\t\t<\/div>\n\t\t\t\t<\/div>\n\t\t\t\t\t<\/div>\n\t\t<\/div>\n\t\t\t\t\t<\/div>\n\t\t<\/section>\n\t\t\t\t<section class=\"elementor-section elementor-top-section elementor-element elementor-element-7a77191 elementor-section-boxed elementor-section-height-default elementor-section-height-default\" data-id=\"7a77191\" data-element_type=\"section\">\n\t\t\t\t\t\t<div class=\"elementor-container elementor-column-gap-default\">\n\t\t\t\t\t<div class=\"elementor-column elementor-col-100 elementor-top-column elementor-element elementor-element-bccf2cf\" data-id=\"bccf2cf\" data-element_type=\"column\">\n\t\t\t<div class=\"elementor-widget-wrap elementor-element-populated\">\n\t\t\t\t\t\t<div class=\"elementor-element elementor-element-a0365a5 elementor-widget elementor-widget-text-editor\" data-id=\"a0365a5\" data-element_type=\"widget\" data-widget_type=\"text-editor.default\">\n\t\t\t\t<div class=\"elementor-widget-container\">\n\t\t\t\t\t\t\t\t\t<p>A Pol\u00edcia Civil de Santa Catarina, por meio da Delegacia de Combate a Estelionatos de Joinville (DCE), unidade integrante do Departamento de Investiga\u00e7\u00f5es Criminais (DIC), deflagrou opera\u00e7\u00e3o policial com o objetivo de combater a pr\u00e1tica de estelionatos com o uso de reconhecimento facial fraudulento.<\/p><p>Foram cumpridos mandados de busca e apreens\u00e3o nas cidades de S\u00e3o Paulo\/SP, Volta Redonda\/RJ e Joinville\/SC, com o apoio das unidades da PCSP (DOPE-02\u00ba Delegacia de Capturas) e da PCRJ (93\u00aaDP).<\/p><p>O esquema era praticado por um funcion\u00e1rio, sem o conhecimento das empresas de telefonia em que trabalhava, consistindo em simular vendas regulares de linhas de celular aos clientes, quando na verdade se tratava da obten\u00e7\u00e3o il\u00edcita de valida\u00e7\u00f5es de biometria para a abertura de contas e libera\u00e7\u00e3o de microcr\u00e9dito simplificado em bancos digitais.<\/p><p>A fraude somente era percebida pelas v\u00edtimas ap\u00f3s ficarem negativas nos servi\u00e7os de prote\u00e7\u00e3o ao cr\u00e9dito pelas institui\u00e7\u00f5es financeiras com as quais nunca mantiveram qualquer tipo de relacionamento.<\/p><p>Estima-se que o golpe pode ter lesionado mais de 50 pessoas f\u00edsicas e jur\u00eddicas entre clientes, <em>fintechs<\/em> do setor banc\u00e1rias e operadoras de telefonia, com mais de 1500 reclama\u00e7\u00f5es relatando consignados n\u00e3o contratados ao \u00f3rg\u00e3o de prote\u00e7\u00e3o ao consumidor de Joinville somente nos \u00faltimos 12 meses.<\/p><p>Uma fiscaliza\u00e7\u00e3o conjunta entre Pol\u00edcia Civil (DCE), a Secretaria de Estado da Fazenda(Ger\u00eancia de Fiscaliza\u00e7\u00e3o) e o Procon(Joinville), parte integrante da opera\u00e7\u00e3o, tamb\u00e9m foi efetuada em lojas dos mesmo segmento e vinculadas a Anatel, com o vi\u00e9s orientativo para que pr\u00e1ticas similares sejam coibidas e crimes semelhantes n\u00e3o se repitam.<\/p><p>Os dados biom\u00e9tricos sens\u00edveis, que no caso investigado foram adquiridos clandestinamente, s\u00e3o protegidos pela LGPD, sendo um direito fundamental do cidad\u00e3o previsto na Constitui\u00e7\u00e3o Federal, inclusive nos meios digitais.<\/p>\t\t\t\t\t\t\t\t<\/div>\n\t\t\t\t<\/div>\n\t\t\t\t\t<\/div>\n\t\t<\/div>\n\t\t\t\t\t<\/div>\n\t\t<\/section>\n\t\t\t\t<\/div>\n\t\t","protected":false},"excerpt":{"rendered":"<p>Opera\u00e7\u00e3o \u201cFakemetria\u201d: Pol\u00edcia Civil desarticula esquema de coleta ilegal de biometria facial A Pol\u00edcia Civil de Santa Catarina, por meio da Delegacia de Combate a Estelionatos de Joinville (DCE), unidade integrante do Departamento de Investiga\u00e7\u00f5es Criminais (DIC), deflagrou opera\u00e7\u00e3o policial com o objetivo de combater a pr\u00e1tica de estelionatos com o uso de reconhecimento facial [&hellip;]<\/p>\n","protected":false},"author":5,"featured_media":27928,"comment_status":"closed","ping_status":"open","sticky":false,"template":"","format":"standard","meta":{"_monsterinsights_skip_tracking":false,"_monsterinsights_sitenote_active":false,"_monsterinsights_sitenote_note":"","_monsterinsights_sitenote_category":0,"footnotes":""},"categories":[1],"tags":[],"class_list":["post-27927","post","type-post","status-publish","format-standard","has-post-thumbnail","hentry","category-sem-categoria"],"_links":{"self":[{"href":"https:\/\/pc.sc.gov.br\/index.php?rest_route=\/wp\/v2\/posts\/27927","targetHints":{"allow":["GET"]}}],"collection":[{"href":"https:\/\/pc.sc.gov.br\/index.php?rest_route=\/wp\/v2\/posts"}],"about":[{"href":"https:\/\/pc.sc.gov.br\/index.php?rest_route=\/wp\/v2\/types\/post"}],"author":[{"embeddable":true,"href":"https:\/\/pc.sc.gov.br\/index.php?rest_route=\/wp\/v2\/users\/5"}],"replies":[{"embeddable":true,"href":"https:\/\/pc.sc.gov.br\/index.php?rest_route=%2Fwp%2Fv2%2Fcomments&post=27927"}],"version-history":[{"count":4,"href":"https:\/\/pc.sc.gov.br\/index.php?rest_route=\/wp\/v2\/posts\/27927\/revisions"}],"predecessor-version":[{"id":27932,"href":"https:\/\/pc.sc.gov.br\/index.php?rest_route=\/wp\/v2\/posts\/27927\/revisions\/27932"}],"wp:featuredmedia":[{"embeddable":true,"href":"https:\/\/pc.sc.gov.br\/index.php?rest_route=\/wp\/v2\/media\/27928"}],"wp:attachment":[{"href":"https:\/\/pc.sc.gov.br\/index.php?rest_route=%2Fwp%2Fv2%2Fmedia&parent=27927"}],"wp:term":[{"taxonomy":"category","embeddable":true,"href":"https:\/\/pc.sc.gov.br\/index.php?rest_route=%2Fwp%2Fv2%2Fcategories&post=27927"},{"taxonomy":"post_tag","embeddable":true,"href":"https:\/\/pc.sc.gov.br\/index.php?rest_route=%2Fwp%2Fv2%2Ftags&post=27927"}],"curies":[{"name":"wp","href":"https:\/\/api.w.org\/{rel}","templated":true}]}}