{"id":27933,"date":"2025-04-07T15:04:36","date_gmt":"2025-04-07T18:04:36","guid":{"rendered":"https:\/\/pc.sc.gov.br\/?p=27933"},"modified":"2025-04-07T15:05:24","modified_gmt":"2025-04-07T18:05:24","slug":"policia-civil-prende-suspeitos-de-execucao-de-traficante-em-camboriu","status":"publish","type":"post","link":"https:\/\/pc.sc.gov.br\/?p=27933","title":{"rendered":"Pol\u00edcia Civil prende suspeitos de execu\u00e7\u00e3o de traficante em Cambori\u00fa"},"content":{"rendered":"\t\t<div data-elementor-type=\"wp-post\" data-elementor-id=\"27933\" class=\"elementor elementor-27933\" data-elementor-post-type=\"post\">\n\t\t\t\t\t\t<section class=\"elementor-section elementor-top-section elementor-element elementor-element-5189ee5 elementor-section-boxed elementor-section-height-default elementor-section-height-default\" data-id=\"5189ee5\" data-element_type=\"section\">\n\t\t\t\t\t\t<div class=\"elementor-container elementor-column-gap-default\">\n\t\t\t\t\t<div class=\"elementor-column elementor-col-100 elementor-top-column elementor-element elementor-element-9c3378b\" data-id=\"9c3378b\" data-element_type=\"column\">\n\t\t\t<div class=\"elementor-widget-wrap elementor-element-populated\">\n\t\t\t\t\t\t<div class=\"elementor-element elementor-element-4260eb0 elementor-widget elementor-widget-heading\" data-id=\"4260eb0\" data-element_type=\"widget\" data-widget_type=\"heading.default\">\n\t\t\t\t<div class=\"elementor-widget-container\">\n\t\t\t\t\t<h2 class=\"elementor-heading-title elementor-size-default\">Pol\u00edcia Civil prende suspeitos de execu\u00e7\u00e3o de traficante em Cambori\u00fa <\/h2>\t\t\t\t<\/div>\n\t\t\t\t<\/div>\n\t\t\t\t\t<\/div>\n\t\t<\/div>\n\t\t\t\t\t<\/div>\n\t\t<\/section>\n\t\t\t\t<section class=\"elementor-section elementor-top-section elementor-element elementor-element-064d37c elementor-section-boxed elementor-section-height-default elementor-section-height-default\" data-id=\"064d37c\" data-element_type=\"section\">\n\t\t\t\t\t\t<div class=\"elementor-container elementor-column-gap-default\">\n\t\t\t\t\t<div class=\"elementor-column elementor-col-100 elementor-top-column elementor-element elementor-element-3bb0d13\" data-id=\"3bb0d13\" data-element_type=\"column\">\n\t\t\t<div class=\"elementor-widget-wrap elementor-element-populated\">\n\t\t\t\t\t\t<div class=\"elementor-element elementor-element-913f71e elementor-widget elementor-widget-image\" data-id=\"913f71e\" data-element_type=\"widget\" data-widget_type=\"image.default\">\n\t\t\t\t<div class=\"elementor-widget-container\">\n\t\t\t\t\t\t\t\t\t\t\t\t\t\t\t<img fetchpriority=\"high\" decoding=\"async\" width=\"576\" height=\"1024\" src=\"https:\/\/pc.sc.gov.br\/\/wp-content\/uploads\/2025\/04\/WhatsApp-Image-2025-04-04-at-18.40.46-576x1024.jpeg\" class=\"attachment-large size-large wp-image-27934\" alt=\"\" srcset=\"https:\/\/pc.sc.gov.br\/\/wp-content\/uploads\/2025\/04\/WhatsApp-Image-2025-04-04-at-18.40.46-576x1024.jpeg 576w, https:\/\/pc.sc.gov.br\/\/wp-content\/uploads\/2025\/04\/WhatsApp-Image-2025-04-04-at-18.40.46-169x300.jpeg 169w, https:\/\/pc.sc.gov.br\/\/wp-content\/uploads\/2025\/04\/WhatsApp-Image-2025-04-04-at-18.40.46-768x1365.jpeg 768w, https:\/\/pc.sc.gov.br\/\/wp-content\/uploads\/2025\/04\/WhatsApp-Image-2025-04-04-at-18.40.46-864x1536.jpeg 864w, https:\/\/pc.sc.gov.br\/\/wp-content\/uploads\/2025\/04\/WhatsApp-Image-2025-04-04-at-18.40.46.jpeg 900w\" sizes=\"(max-width: 576px) 100vw, 576px\" \/>\t\t\t\t\t\t\t\t\t\t\t\t\t\t\t<\/div>\n\t\t\t\t<\/div>\n\t\t\t\t\t<\/div>\n\t\t<\/div>\n\t\t\t\t\t<\/div>\n\t\t<\/section>\n\t\t\t\t<section class=\"elementor-section elementor-top-section elementor-element elementor-element-c325258 elementor-section-boxed elementor-section-height-default elementor-section-height-default\" data-id=\"c325258\" data-element_type=\"section\">\n\t\t\t\t\t\t<div class=\"elementor-container elementor-column-gap-default\">\n\t\t\t\t\t<div class=\"elementor-column elementor-col-100 elementor-top-column elementor-element elementor-element-045856e\" data-id=\"045856e\" data-element_type=\"column\">\n\t\t\t<div class=\"elementor-widget-wrap elementor-element-populated\">\n\t\t\t\t\t\t<div class=\"elementor-element elementor-element-26f64f9 elementor-widget elementor-widget-text-editor\" data-id=\"26f64f9\" data-element_type=\"widget\" data-widget_type=\"text-editor.default\">\n\t\t\t\t<div class=\"elementor-widget-container\">\n\t\t\t\t\t\t\t\t\t<p>A Pol\u00edcia Civil de Santa Catarina, por meio da Delegacia de Pol\u00edcia de Cambori\u00fa, concluiu uma importante etapa da investiga\u00e7\u00e3o relativa a crimes ocorridos no dia 08 de mar\u00e7o de 2025, quando um traficante foi executado no bairro Cedro com 20 disparos de arma de fogo.<\/p><p>No mesmo epis\u00f3dio, sua companheira, gr\u00e1vida de sete meses, foi atingida por um disparo de arma de fogo na regi\u00e3o abdominal, o que provocou uma les\u00e3o direta ao feto. O beb\u00ea nasceu por parto de emerg\u00eancia e sobreviveu, assim como a gestante, que embora ferida, n\u00e3o corre risco de morte.<\/p><p>Os suspeitos pelo crime s\u00e3o pai e filho. As investiga\u00e7\u00f5es indicam que os crimes foram praticados em raz\u00e3o de disputa entre traficantes da regi\u00e3o. Al\u00e9m disso, um dos autores do crime \u00e9 ex-companheiro da mulher alvejada, sendo a outra motiva\u00e7\u00e3o do fato criminoso a inten\u00e7\u00e3o deliberada de eliminar o filho que ela esperava de seu novo relacionamento com o traficante rival.<\/p><p>A Pol\u00edcia Civil apurou tamb\u00e9m que os autores agiram de forma premeditada, com m\u00e9todos t\u00edpicos de organiza\u00e7\u00f5es criminosas e posterior destrui\u00e7\u00e3o do ve\u00edculo utilizado na a\u00e7\u00e3o, incendiado logo ap\u00f3s a fuga em Balne\u00e1rio Cambori\u00fa.<\/p><p>Diante das evid\u00eancias reunidas, a Pol\u00edcia Civil representou pela pris\u00e3o tempor\u00e1ria dos envolvidos, apontando ind\u00edcios da pr\u00e1tica de homic\u00eddio qualificado consumado, homic\u00eddio qualificado tentado, aborto sem consentimento da gestante, na forma tentada, fraude processual e inc\u00eandio. A representa\u00e7\u00e3o foi deferida pelo Poder Judici\u00e1rio e os mandados foram cumpridos na data de hoje pela Pol\u00edcia Militar.<\/p><p>A Pol\u00edcia Civil reafirma seu compromisso com a pronta resposta \u00e0 criminalidade violenta e \u00e0 prote\u00e7\u00e3o da vida, especialmente em casos de viol\u00eancia contra vulner\u00e1veis, conduzindo suas investiga\u00e7\u00f5es com t\u00e9cnica, responsabilidade e respeito aos preceitos legais.<\/p><p>Os suspeitos foram presos na sexta-feira (04\/04) e encaminhados ao Sistema Prisional, onde permanecer\u00e3o \u00e0 disposi\u00e7\u00e3o da Justi\u00e7a.<\/p>\t\t\t\t\t\t\t\t<\/div>\n\t\t\t\t<\/div>\n\t\t\t\t\t<\/div>\n\t\t<\/div>\n\t\t\t\t\t<\/div>\n\t\t<\/section>\n\t\t\t\t<\/div>\n\t\t","protected":false},"excerpt":{"rendered":"<p>Pol\u00edcia Civil prende suspeitos de execu\u00e7\u00e3o de traficante em Cambori\u00fa A Pol\u00edcia Civil de Santa Catarina, por meio da Delegacia de Pol\u00edcia de Cambori\u00fa, concluiu uma importante etapa da investiga\u00e7\u00e3o relativa a crimes ocorridos no dia 08 de mar\u00e7o de 2025, quando um traficante foi executado no bairro Cedro com 20 disparos de arma de [&hellip;]<\/p>\n","protected":false},"author":5,"featured_media":27934,"comment_status":"closed","ping_status":"open","sticky":false,"template":"","format":"standard","meta":{"_monsterinsights_skip_tracking":false,"_monsterinsights_sitenote_active":false,"_monsterinsights_sitenote_note":"","_monsterinsights_sitenote_category":0,"footnotes":""},"categories":[1],"tags":[],"class_list":["post-27933","post","type-post","status-publish","format-standard","has-post-thumbnail","hentry","category-sem-categoria"],"_links":{"self":[{"href":"https:\/\/pc.sc.gov.br\/index.php?rest_route=\/wp\/v2\/posts\/27933","targetHints":{"allow":["GET"]}}],"collection":[{"href":"https:\/\/pc.sc.gov.br\/index.php?rest_route=\/wp\/v2\/posts"}],"about":[{"href":"https:\/\/pc.sc.gov.br\/index.php?rest_route=\/wp\/v2\/types\/post"}],"author":[{"embeddable":true,"href":"https:\/\/pc.sc.gov.br\/index.php?rest_route=\/wp\/v2\/users\/5"}],"replies":[{"embeddable":true,"href":"https:\/\/pc.sc.gov.br\/index.php?rest_route=%2Fwp%2Fv2%2Fcomments&post=27933"}],"version-history":[{"count":4,"href":"https:\/\/pc.sc.gov.br\/index.php?rest_route=\/wp\/v2\/posts\/27933\/revisions"}],"predecessor-version":[{"id":27938,"href":"https:\/\/pc.sc.gov.br\/index.php?rest_route=\/wp\/v2\/posts\/27933\/revisions\/27938"}],"wp:featuredmedia":[{"embeddable":true,"href":"https:\/\/pc.sc.gov.br\/index.php?rest_route=\/wp\/v2\/media\/27934"}],"wp:attachment":[{"href":"https:\/\/pc.sc.gov.br\/index.php?rest_route=%2Fwp%2Fv2%2Fmedia&parent=27933"}],"wp:term":[{"taxonomy":"category","embeddable":true,"href":"https:\/\/pc.sc.gov.br\/index.php?rest_route=%2Fwp%2Fv2%2Fcategories&post=27933"},{"taxonomy":"post_tag","embeddable":true,"href":"https:\/\/pc.sc.gov.br\/index.php?rest_route=%2Fwp%2Fv2%2Ftags&post=27933"}],"curies":[{"name":"wp","href":"https:\/\/api.w.org\/{rel}","templated":true}]}}