{"id":27943,"date":"2025-04-08T14:34:01","date_gmt":"2025-04-08T17:34:01","guid":{"rendered":"https:\/\/pc.sc.gov.br\/?p=27943"},"modified":"2025-04-08T14:35:19","modified_gmt":"2025-04-08T17:35:19","slug":"policia-civil-prende-dois-homens-em-flagrante-por-armazenar-drogas-para-comercializacao-em-indaial","status":"publish","type":"post","link":"https:\/\/pc.sc.gov.br\/?p=27943","title":{"rendered":"Pol\u00edcia Civil prende dois homens em flagrante por armazenar drogas para comercializa\u00e7\u00e3o em Indaial"},"content":{"rendered":"\t\t<div data-elementor-type=\"wp-post\" data-elementor-id=\"27943\" class=\"elementor elementor-27943\" data-elementor-post-type=\"post\">\n\t\t\t\t\t\t<section class=\"elementor-section elementor-top-section elementor-element elementor-element-9e95241 elementor-section-boxed elementor-section-height-default elementor-section-height-default\" data-id=\"9e95241\" data-element_type=\"section\">\n\t\t\t\t\t\t<div class=\"elementor-container elementor-column-gap-default\">\n\t\t\t\t\t<div class=\"elementor-column elementor-col-100 elementor-top-column elementor-element elementor-element-34d6090\" data-id=\"34d6090\" data-element_type=\"column\">\n\t\t\t<div class=\"elementor-widget-wrap elementor-element-populated\">\n\t\t\t\t\t\t<div class=\"elementor-element elementor-element-2c5c3c4 elementor-widget elementor-widget-heading\" data-id=\"2c5c3c4\" data-element_type=\"widget\" data-widget_type=\"heading.default\">\n\t\t\t\t<div class=\"elementor-widget-container\">\n\t\t\t\t\t<h2 class=\"elementor-heading-title elementor-size-default\">Pol\u00edcia Civil prende dois homens em flagrante por armazenar drogas para comercializa\u00e7\u00e3o em Indaial <\/h2>\t\t\t\t<\/div>\n\t\t\t\t<\/div>\n\t\t\t\t\t<\/div>\n\t\t<\/div>\n\t\t\t\t\t<\/div>\n\t\t<\/section>\n\t\t\t\t<section class=\"elementor-section elementor-top-section elementor-element elementor-element-a799213 elementor-section-boxed elementor-section-height-default elementor-section-height-default\" data-id=\"a799213\" data-element_type=\"section\">\n\t\t\t\t\t\t<div class=\"elementor-container elementor-column-gap-default\">\n\t\t\t\t\t<div class=\"elementor-column elementor-col-100 elementor-top-column elementor-element elementor-element-43472fe\" data-id=\"43472fe\" data-element_type=\"column\">\n\t\t\t<div class=\"elementor-widget-wrap elementor-element-populated\">\n\t\t\t\t\t\t<div class=\"elementor-element elementor-element-2abcb25 elementor-widget elementor-widget-image\" data-id=\"2abcb25\" data-element_type=\"widget\" data-widget_type=\"image.default\">\n\t\t\t\t<div class=\"elementor-widget-container\">\n\t\t\t\t\t\t\t\t\t\t\t\t\t\t\t<img fetchpriority=\"high\" decoding=\"async\" width=\"696\" height=\"479\" src=\"https:\/\/pc.sc.gov.br\/\/wp-content\/uploads\/2023\/04\/VIATURA_000000000022-1024x705.jpg\" class=\"attachment-large size-large wp-image-7991\" alt=\"\" srcset=\"https:\/\/pc.sc.gov.br\/\/wp-content\/uploads\/2023\/04\/VIATURA_000000000022-1024x705.jpg 1024w, https:\/\/pc.sc.gov.br\/\/wp-content\/uploads\/2023\/04\/VIATURA_000000000022-300x207.jpg 300w, https:\/\/pc.sc.gov.br\/\/wp-content\/uploads\/2023\/04\/VIATURA_000000000022-768x529.jpg 768w, https:\/\/pc.sc.gov.br\/\/wp-content\/uploads\/2023\/04\/VIATURA_000000000022-1536x1058.jpg 1536w, https:\/\/pc.sc.gov.br\/\/wp-content\/uploads\/2023\/04\/VIATURA_000000000022-2048x1411.jpg 2048w\" sizes=\"(max-width: 696px) 100vw, 696px\" \/>\t\t\t\t\t\t\t\t\t\t\t\t\t\t\t<\/div>\n\t\t\t\t<\/div>\n\t\t\t\t\t<\/div>\n\t\t<\/div>\n\t\t\t\t\t<\/div>\n\t\t<\/section>\n\t\t\t\t<section class=\"elementor-section elementor-top-section elementor-element elementor-element-8d9d9df elementor-section-boxed elementor-section-height-default elementor-section-height-default\" data-id=\"8d9d9df\" data-element_type=\"section\">\n\t\t\t\t\t\t<div class=\"elementor-container elementor-column-gap-default\">\n\t\t\t\t\t<div class=\"elementor-column elementor-col-100 elementor-top-column elementor-element elementor-element-8b73804\" data-id=\"8b73804\" data-element_type=\"column\">\n\t\t\t<div class=\"elementor-widget-wrap elementor-element-populated\">\n\t\t\t\t\t\t<div class=\"elementor-element elementor-element-eaa8373 elementor-widget elementor-widget-text-editor\" data-id=\"eaa8373\" data-element_type=\"widget\" data-widget_type=\"text-editor.default\">\n\t\t\t\t<div class=\"elementor-widget-container\">\n\t\t\t\t\t\t\t\t\t<p>A Pol\u00edcia Civil de Santa Catarina, por meio da Delegacia de Pol\u00edcia de Indaial, prendeu em flagrante, na tarde desta segunda-feira (07\/04), dois homens suspeitos de envolvimento com o tr\u00e1fico de drogas no bairro Encano, em Indaial.<\/p><p>A a\u00e7\u00e3o foi deflagrada ap\u00f3s o Setor de Investiga\u00e7\u00e3o da unidade receber uma den\u00fancia an\u00f4nima dando conta de que foragidos da Justi\u00e7a estariam utilizando uma resid\u00eancia na localidade para armazenar entorpecentes com finalidade de comercializa\u00e7\u00e3o.<\/p><p>De posse das informa\u00e7\u00f5es, a equipe da Delegacia de Indaial diligenciou ao local e encontrou mais de 50 pedras de crack, al\u00e9m localizar de maconha e petrechos para preparo do entorpecente para venda.<\/p><p>Durante a abordagem, foi constatado que um dos suspeitos possu\u00eda mandado em aberto, sendo considerado foragido do Poder Judici\u00e1rio. J\u00e1 na delegacia, durante revista pessoal, os agentes encontraram tamb\u00e9m pequenas por\u00e7\u00f5es de coca\u00edna com ambos os conduzidos \u2014 um deles chegou a tentar engolir a subst\u00e2ncia na tentativa de se livrar do flagrante, mas foi contido pelos policiais.<\/p><p>O delegado respons\u00e1vel pela opera\u00e7\u00e3o, Filipe Martins, destacou que representou pela decreta\u00e7\u00e3o da pris\u00e3o preventiva de ambos e informou que as investiga\u00e7\u00f5es continuam.<\/p><p>Ap\u00f3s os procedimentos de praxe, os suspeitos foram encaminhados ao Pres\u00eddio Regional de Blumenau, onde permanecer\u00e3o \u00e0 disposi\u00e7\u00e3o da Justi\u00e7a, aguardando audi\u00eancia de cust\u00f3dia.<\/p>\t\t\t\t\t\t\t\t<\/div>\n\t\t\t\t<\/div>\n\t\t\t\t\t<\/div>\n\t\t<\/div>\n\t\t\t\t\t<\/div>\n\t\t<\/section>\n\t\t\t\t<\/div>\n\t\t","protected":false},"excerpt":{"rendered":"<p>Pol\u00edcia Civil prende dois homens em flagrante por armazenar drogas para comercializa\u00e7\u00e3o em Indaial A Pol\u00edcia Civil de Santa Catarina, por meio da Delegacia de Pol\u00edcia de Indaial, prendeu em flagrante, na tarde desta segunda-feira (07\/04), dois homens suspeitos de envolvimento com o tr\u00e1fico de drogas no bairro Encano, em Indaial. A a\u00e7\u00e3o foi deflagrada [&hellip;]<\/p>\n","protected":false},"author":5,"featured_media":27408,"comment_status":"closed","ping_status":"open","sticky":false,"template":"","format":"standard","meta":{"_monsterinsights_skip_tracking":false,"_monsterinsights_sitenote_active":false,"_monsterinsights_sitenote_note":"","_monsterinsights_sitenote_category":0,"footnotes":""},"categories":[1],"tags":[],"class_list":["post-27943","post","type-post","status-publish","format-standard","has-post-thumbnail","hentry","category-sem-categoria"],"_links":{"self":[{"href":"https:\/\/pc.sc.gov.br\/index.php?rest_route=\/wp\/v2\/posts\/27943","targetHints":{"allow":["GET"]}}],"collection":[{"href":"https:\/\/pc.sc.gov.br\/index.php?rest_route=\/wp\/v2\/posts"}],"about":[{"href":"https:\/\/pc.sc.gov.br\/index.php?rest_route=\/wp\/v2\/types\/post"}],"author":[{"embeddable":true,"href":"https:\/\/pc.sc.gov.br\/index.php?rest_route=\/wp\/v2\/users\/5"}],"replies":[{"embeddable":true,"href":"https:\/\/pc.sc.gov.br\/index.php?rest_route=%2Fwp%2Fv2%2Fcomments&post=27943"}],"version-history":[{"count":4,"href":"https:\/\/pc.sc.gov.br\/index.php?rest_route=\/wp\/v2\/posts\/27943\/revisions"}],"predecessor-version":[{"id":27947,"href":"https:\/\/pc.sc.gov.br\/index.php?rest_route=\/wp\/v2\/posts\/27943\/revisions\/27947"}],"wp:featuredmedia":[{"embeddable":true,"href":"https:\/\/pc.sc.gov.br\/index.php?rest_route=\/wp\/v2\/media\/27408"}],"wp:attachment":[{"href":"https:\/\/pc.sc.gov.br\/index.php?rest_route=%2Fwp%2Fv2%2Fmedia&parent=27943"}],"wp:term":[{"taxonomy":"category","embeddable":true,"href":"https:\/\/pc.sc.gov.br\/index.php?rest_route=%2Fwp%2Fv2%2Fcategories&post=27943"},{"taxonomy":"post_tag","embeddable":true,"href":"https:\/\/pc.sc.gov.br\/index.php?rest_route=%2Fwp%2Fv2%2Ftags&post=27943"}],"curies":[{"name":"wp","href":"https:\/\/api.w.org\/{rel}","templated":true}]}}