{"id":27949,"date":"2025-04-08T19:10:45","date_gmt":"2025-04-08T22:10:45","guid":{"rendered":"https:\/\/pc.sc.gov.br\/?p=27949"},"modified":"2025-04-08T19:11:38","modified_gmt":"2025-04-08T22:11:38","slug":"pcsc-entrega-mais-sete-viaturas-semiblindadas-e-investimento-ultrapassa-os-r-5-milhoes","status":"publish","type":"post","link":"https:\/\/pc.sc.gov.br\/?p=27949","title":{"rendered":"PCSC entrega mais sete viaturas semiblindadas e investimento ultrapassa os R$ 5 milh\u00f5es"},"content":{"rendered":"\t\t<div data-elementor-type=\"wp-post\" data-elementor-id=\"27949\" class=\"elementor elementor-27949\" data-elementor-post-type=\"post\">\n\t\t\t\t\t\t<section class=\"elementor-section elementor-top-section elementor-element elementor-element-7ec776f elementor-section-boxed elementor-section-height-default elementor-section-height-default\" data-id=\"7ec776f\" data-element_type=\"section\">\n\t\t\t\t\t\t<div class=\"elementor-container elementor-column-gap-default\">\n\t\t\t\t\t<div class=\"elementor-column elementor-col-100 elementor-top-column elementor-element elementor-element-e41c849\" data-id=\"e41c849\" data-element_type=\"column\">\n\t\t\t<div class=\"elementor-widget-wrap elementor-element-populated\">\n\t\t\t\t\t\t<div class=\"elementor-element elementor-element-1132eb5 elementor-widget elementor-widget-heading\" data-id=\"1132eb5\" data-element_type=\"widget\" data-widget_type=\"heading.default\">\n\t\t\t\t<div class=\"elementor-widget-container\">\n\t\t\t\t\t<h2 class=\"elementor-heading-title elementor-size-default\">PCSC entrega mais sete viaturas semiblindadas e investimento ultrapassa os R$ 5 milh\u00f5es<\/h2>\t\t\t\t<\/div>\n\t\t\t\t<\/div>\n\t\t\t\t\t<\/div>\n\t\t<\/div>\n\t\t\t\t\t<\/div>\n\t\t<\/section>\n\t\t\t\t<section class=\"elementor-section elementor-top-section elementor-element elementor-element-d9c4b69 elementor-section-boxed elementor-section-height-default elementor-section-height-default\" data-id=\"d9c4b69\" data-element_type=\"section\">\n\t\t\t\t\t\t<div class=\"elementor-container elementor-column-gap-default\">\n\t\t\t\t\t<div class=\"elementor-column elementor-col-100 elementor-top-column elementor-element elementor-element-7ef6d64\" data-id=\"7ef6d64\" data-element_type=\"column\">\n\t\t\t<div class=\"elementor-widget-wrap elementor-element-populated\">\n\t\t\t\t\t\t<div class=\"elementor-element elementor-element-9542483 elementor-widget elementor-widget-image\" data-id=\"9542483\" data-element_type=\"widget\" data-widget_type=\"image.default\">\n\t\t\t\t<div class=\"elementor-widget-container\">\n\t\t\t\t\t\t\t\t\t\t\t\t\t\t\t<img fetchpriority=\"high\" decoding=\"async\" width=\"696\" height=\"557\" src=\"https:\/\/pc.sc.gov.br\/\/wp-content\/uploads\/2025\/04\/WhatsApp-Image-2025-04-08-at-18.54.19-2-1024x819.jpeg\" class=\"attachment-large size-large wp-image-27950\" alt=\"\" srcset=\"https:\/\/pc.sc.gov.br\/\/wp-content\/uploads\/2025\/04\/WhatsApp-Image-2025-04-08-at-18.54.19-2-1024x819.jpeg 1024w, https:\/\/pc.sc.gov.br\/\/wp-content\/uploads\/2025\/04\/WhatsApp-Image-2025-04-08-at-18.54.19-2-300x240.jpeg 300w, https:\/\/pc.sc.gov.br\/\/wp-content\/uploads\/2025\/04\/WhatsApp-Image-2025-04-08-at-18.54.19-2-768x615.jpeg 768w, https:\/\/pc.sc.gov.br\/\/wp-content\/uploads\/2025\/04\/WhatsApp-Image-2025-04-08-at-18.54.19-2.jpeg 1221w\" sizes=\"(max-width: 696px) 100vw, 696px\" \/>\t\t\t\t\t\t\t\t\t\t\t\t\t\t\t<\/div>\n\t\t\t\t<\/div>\n\t\t\t\t\t<\/div>\n\t\t<\/div>\n\t\t\t\t\t<\/div>\n\t\t<\/section>\n\t\t\t\t<section class=\"elementor-section elementor-top-section elementor-element elementor-element-aaf916f elementor-section-boxed elementor-section-height-default elementor-section-height-default\" data-id=\"aaf916f\" data-element_type=\"section\">\n\t\t\t\t\t\t<div class=\"elementor-container elementor-column-gap-default\">\n\t\t\t\t\t<div class=\"elementor-column elementor-col-100 elementor-top-column elementor-element elementor-element-5c5bef6\" data-id=\"5c5bef6\" data-element_type=\"column\">\n\t\t\t<div class=\"elementor-widget-wrap elementor-element-populated\">\n\t\t\t\t\t\t<div class=\"elementor-element elementor-element-dacfd22 elementor-widget elementor-widget-text-editor\" data-id=\"dacfd22\" data-element_type=\"widget\" data-widget_type=\"text-editor.default\">\n\t\t\t\t<div class=\"elementor-widget-container\">\n\t\t\t\t\t\t\t\t\t<p>O delegado-geral da Pol\u00edcia Civil de Santa Catarina (PCSC), Ulisses Gabriel, acompanhado da vice-governadora, delegada aposentada Marilisa Boehm, fez a entrega nesta ter\u00e7a-feira (08) de mais sete viaturas blindadas, com custo individual de R$ 348.600,00, totalizando, apenas nesta entrega, um investimento de R$ 3,2 milh\u00f5es.\u00a0<\/p><p>As viaturas foram repassadas para as seguintes unidades: uma para a DRP de Palho\u00e7a; quatro para a Diretoria Estadual de Investiga\u00e7\u00f5es Criminais (DEIC); e duas para a Coordenadoria de Opera\u00e7\u00f5es e Recursos Especiais (CORE). Um \u00f4nibus foi entregue para atender as necessidades da Acadepol.<\/p><p>Al\u00e9m das entregas desta ter\u00e7a-feira (08) a PCSC j\u00e1 repassou uma viatura semiblindada para Delegacia de Combate ao Crime Organizado (DECRIM\/DPGF); uma para o Gabinete do Delegado-geral; quatro para DRP de Joinville; uma para Crici\u00fama e uma para Chapec\u00f3. O investimento total em viaturas j\u00e1 ultrapassou os R$ 5 milh\u00f5es.<\/p><p>Delegada da PCSC aposentada, a vice-governadora pontuou que o governador Jorginho Mello tem liderado um trabalho firme e comprometido, com investimentos que fortalecem as institui\u00e7\u00f5es, modernizam estruturas e valorizam os profissionais da seguran\u00e7a. N\u00e3o s\u00e3o apenas viaturas. \u201cS\u00e3o equipamentos, tecnologia, capacita\u00e7\u00e3o e, acima de tudo, reconhecimento. Sabemos que tudo isso anda lado a lado com o preparo, o compromisso e a coragem dos nossos profissionais\u201d, assinalou a vice-governadora.<\/p><p>De acordo com o delegado-geral, Ulisses Gabriel, a aquisi\u00e7\u00e3o de viaturas blindadas refor\u00e7a a capacidade operacional da institui\u00e7\u00e3o, proporcionando maior prote\u00e7\u00e3o aos agentes no desempenho da atividade policial. \u201cCom ve\u00edculos mais seguros e equipados, a Pol\u00edcia poder\u00e1 atuar com mais efici\u00eancia em opera\u00e7\u00f5es de alto risco, garantindo a seguran\u00e7a da popula\u00e7\u00e3o e o combate efetivo \u00e0 criminalidade\u201d, observou o delegado-geral.<\/p><p>O titular da Secretaria de Estado da Seguran\u00e7a P\u00fablica, Flavio Graff, elogiou o desempenho da PCSC e disse que a produtividade alcan\u00e7ada pela institui\u00e7\u00e3o \u00e9 reflexo de uma gest\u00e3o qualificada.<\/p><p>A solenidade realizada no Complexo Administrativo da SSP, na Capital, contou tamb\u00e9m com a presen\u00e7a Promotor Daniel Paladino, do MPSC; do deputado estadual Alex Brasil; do Presidente do Detran, Ricardo Miranda; da Perita-geral da PCI, Andressa Fronza; do subcomandante do BM Coronel Jefferson nde Souza; do diretor da DEIC, delegado Daniel R\u00e9gis; do diretor de Pol\u00edcia da Grande Florian\u00f3polis, delegado Pedro Mendes; da delegada Regional de Palho\u00e7a, M\u00f4nica Coimbra Forcellini, dos delegados Alnselmo Cruz, titular da DRAS\/DEIC e Arthur Lopes, titular da DRE\/DEIC, entre outras autoridades. A renova\u00e7\u00e3o da frota, moderniza\u00e7\u00e3o do parque tecnol\u00f3gico, a capacita\u00e7\u00e3o permanente e a valoriza\u00e7\u00e3o dos policiais civis t\u00eam sido fundamentais para manuten\u00e7\u00e3o de Santa Catarina como estado mais seguro do Brasil.<\/p>\t\t\t\t\t\t\t\t<\/div>\n\t\t\t\t<\/div>\n\t\t\t\t\t<\/div>\n\t\t<\/div>\n\t\t\t\t\t<\/div>\n\t\t<\/section>\n\t\t\t\t<section class=\"elementor-section elementor-top-section elementor-element elementor-element-84ef147 elementor-section-boxed elementor-section-height-default elementor-section-height-default\" data-id=\"84ef147\" data-element_type=\"section\">\n\t\t\t\t\t\t<div class=\"elementor-container elementor-column-gap-default\">\n\t\t\t\t\t<div class=\"elementor-column elementor-col-100 elementor-top-column elementor-element elementor-element-b269d4a\" data-id=\"b269d4a\" data-element_type=\"column\">\n\t\t\t<div class=\"elementor-widget-wrap elementor-element-populated\">\n\t\t\t\t\t\t<div class=\"elementor-element elementor-element-2c87787 elementor-widget elementor-widget-gallery\" data-id=\"2c87787\" data-element_type=\"widget\" data-settings=\"{&quot;lazyload&quot;:&quot;yes&quot;,&quot;gallery_layout&quot;:&quot;grid&quot;,&quot;columns&quot;:4,&quot;columns_tablet&quot;:2,&quot;columns_mobile&quot;:1,&quot;gap&quot;:{&quot;unit&quot;:&quot;px&quot;,&quot;size&quot;:10,&quot;sizes&quot;:[]},&quot;gap_tablet&quot;:{&quot;unit&quot;:&quot;px&quot;,&quot;size&quot;:10,&quot;sizes&quot;:[]},&quot;gap_mobile&quot;:{&quot;unit&quot;:&quot;px&quot;,&quot;size&quot;:10,&quot;sizes&quot;:[]},&quot;link_to&quot;:&quot;file&quot;,&quot;aspect_ratio&quot;:&quot;3:2&quot;,&quot;overlay_background&quot;:&quot;yes&quot;,&quot;content_hover_animation&quot;:&quot;fade-in&quot;}\" data-widget_type=\"gallery.default\">\n\t\t\t\t<div class=\"elementor-widget-container\">\n\t\t\t\t\t\t\t<div class=\"elementor-gallery__container\">\n\t\t\t\t\t\t\t<a class=\"e-gallery-item elementor-gallery-item elementor-animated-content\" href=\"https:\/\/pc.sc.gov.br\/\/wp-content\/uploads\/2025\/04\/WhatsApp-Image-2025-04-08-at-18.28.46.jpeg\" data-elementor-open-lightbox=\"yes\" data-elementor-lightbox-slideshow=\"2c87787\" data-elementor-lightbox-title=\"WhatsApp Image 2025-04-08 at 18.28.46\" data-e-action-hash=\"#elementor-action%3Aaction%3Dlightbox%26settings%3DeyJpZCI6Mjc5NTcsInVybCI6Imh0dHBzOlwvXC9wYy5zYy5nb3YuYnJcL1wvd3AtY29udGVudFwvdXBsb2Fkc1wvMjAyNVwvMDRcL1doYXRzQXBwLUltYWdlLTIwMjUtMDQtMDgtYXQtMTguMjguNDYuanBlZyIsInNsaWRlc2hvdyI6IjJjODc3ODcifQ%3D%3D\">\n\t\t\t\t\t<div class=\"e-gallery-image elementor-gallery-item__image\" data-thumbnail=\"https:\/\/pc.sc.gov.br\/\/wp-content\/uploads\/2025\/04\/WhatsApp-Image-2025-04-08-at-18.28.46-300x224.jpeg\" data-width=\"300\" data-height=\"224\" aria-label=\"\" role=\"img\" ><\/div>\n\t\t\t\t\t\t\t\t\t\t\t<div class=\"elementor-gallery-item__overlay\"><\/div>\n\t\t\t\t\t\t\t\t\t\t\t\t\t\t<\/a>\n\t\t\t\t\t\t\t<a class=\"e-gallery-item elementor-gallery-item elementor-animated-content\" href=\"https:\/\/pc.sc.gov.br\/\/wp-content\/uploads\/2025\/04\/WhatsApp-Image-2025-04-08-at-18.54.20-2.jpeg\" data-elementor-open-lightbox=\"yes\" data-elementor-lightbox-slideshow=\"2c87787\" data-elementor-lightbox-title=\"WhatsApp Image 2025-04-08 at 18.54.20 (2)\" data-e-action-hash=\"#elementor-action%3Aaction%3Dlightbox%26settings%3DeyJpZCI6Mjc5NTMsInVybCI6Imh0dHBzOlwvXC9wYy5zYy5nb3YuYnJcL1wvd3AtY29udGVudFwvdXBsb2Fkc1wvMjAyNVwvMDRcL1doYXRzQXBwLUltYWdlLTIwMjUtMDQtMDgtYXQtMTguNTQuMjAtMi5qcGVnIiwic2xpZGVzaG93IjoiMmM4Nzc4NyJ9\">\n\t\t\t\t\t<div class=\"e-gallery-image elementor-gallery-item__image\" data-thumbnail=\"https:\/\/pc.sc.gov.br\/\/wp-content\/uploads\/2025\/04\/WhatsApp-Image-2025-04-08-at-18.54.20-2-240x300.jpeg\" data-width=\"240\" data-height=\"300\" aria-label=\"\" role=\"img\" ><\/div>\n\t\t\t\t\t\t\t\t\t\t\t<div class=\"elementor-gallery-item__overlay\"><\/div>\n\t\t\t\t\t\t\t\t\t\t\t\t\t\t<\/a>\n\t\t\t\t\t\t\t<a class=\"e-gallery-item elementor-gallery-item elementor-animated-content\" href=\"https:\/\/pc.sc.gov.br\/\/wp-content\/uploads\/2025\/04\/WhatsApp-Image-2025-04-08-at-18.54.20-3.jpeg\" data-elementor-open-lightbox=\"yes\" data-elementor-lightbox-slideshow=\"2c87787\" data-elementor-lightbox-title=\"WhatsApp Image 2025-04-08 at 18.54.20 (3)\" data-e-action-hash=\"#elementor-action%3Aaction%3Dlightbox%26settings%3DeyJpZCI6Mjc5NTIsInVybCI6Imh0dHBzOlwvXC9wYy5zYy5nb3YuYnJcL1wvd3AtY29udGVudFwvdXBsb2Fkc1wvMjAyNVwvMDRcL1doYXRzQXBwLUltYWdlLTIwMjUtMDQtMDgtYXQtMTguNTQuMjAtMy5qcGVnIiwic2xpZGVzaG93IjoiMmM4Nzc4NyJ9\">\n\t\t\t\t\t<div class=\"e-gallery-image elementor-gallery-item__image\" data-thumbnail=\"https:\/\/pc.sc.gov.br\/\/wp-content\/uploads\/2025\/04\/WhatsApp-Image-2025-04-08-at-18.54.20-3-240x300.jpeg\" data-width=\"240\" data-height=\"300\" aria-label=\"\" role=\"img\" ><\/div>\n\t\t\t\t\t\t\t\t\t\t\t<div class=\"elementor-gallery-item__overlay\"><\/div>\n\t\t\t\t\t\t\t\t\t\t\t\t\t\t<\/a>\n\t\t\t\t\t\t\t<a class=\"e-gallery-item elementor-gallery-item elementor-animated-content\" href=\"https:\/\/pc.sc.gov.br\/\/wp-content\/uploads\/2025\/04\/WhatsApp-Image-2025-04-08-at-18.54.20-1.jpeg\" data-elementor-open-lightbox=\"yes\" data-elementor-lightbox-slideshow=\"2c87787\" data-elementor-lightbox-title=\"WhatsApp Image 2025-04-08 at 18.54.20 (1)\" data-e-action-hash=\"#elementor-action%3Aaction%3Dlightbox%26settings%3DeyJpZCI6Mjc5NTQsInVybCI6Imh0dHBzOlwvXC9wYy5zYy5nb3YuYnJcL1wvd3AtY29udGVudFwvdXBsb2Fkc1wvMjAyNVwvMDRcL1doYXRzQXBwLUltYWdlLTIwMjUtMDQtMDgtYXQtMTguNTQuMjAtMS5qcGVnIiwic2xpZGVzaG93IjoiMmM4Nzc4NyJ9\">\n\t\t\t\t\t<div class=\"e-gallery-image elementor-gallery-item__image\" data-thumbnail=\"https:\/\/pc.sc.gov.br\/\/wp-content\/uploads\/2025\/04\/WhatsApp-Image-2025-04-08-at-18.54.20-1-300x298.jpeg\" data-width=\"300\" data-height=\"298\" aria-label=\"\" role=\"img\" ><\/div>\n\t\t\t\t\t\t\t\t\t\t\t<div class=\"elementor-gallery-item__overlay\"><\/div>\n\t\t\t\t\t\t\t\t\t\t\t\t\t\t<\/a>\n\t\t\t\t\t\t\t<a class=\"e-gallery-item elementor-gallery-item elementor-animated-content\" href=\"https:\/\/pc.sc.gov.br\/\/wp-content\/uploads\/2025\/04\/WhatsApp-Image-2025-04-08-at-18.54.19-2-1.jpeg\" data-elementor-open-lightbox=\"yes\" data-elementor-lightbox-slideshow=\"2c87787\" data-elementor-lightbox-title=\"WhatsApp Image 2025-04-08 at 18.54.19 (2)\" data-e-action-hash=\"#elementor-action%3Aaction%3Dlightbox%26settings%3DeyJpZCI6Mjc5NTUsInVybCI6Imh0dHBzOlwvXC9wYy5zYy5nb3YuYnJcL1wvd3AtY29udGVudFwvdXBsb2Fkc1wvMjAyNVwvMDRcL1doYXRzQXBwLUltYWdlLTIwMjUtMDQtMDgtYXQtMTguNTQuMTktMi0xLmpwZWciLCJzbGlkZXNob3ciOiIyYzg3Nzg3In0%3D\">\n\t\t\t\t\t<div class=\"e-gallery-image elementor-gallery-item__image\" data-thumbnail=\"https:\/\/pc.sc.gov.br\/\/wp-content\/uploads\/2025\/04\/WhatsApp-Image-2025-04-08-at-18.54.19-2-1-300x240.jpeg\" data-width=\"300\" data-height=\"240\" aria-label=\"\" role=\"img\" ><\/div>\n\t\t\t\t\t\t\t\t\t\t\t<div class=\"elementor-gallery-item__overlay\"><\/div>\n\t\t\t\t\t\t\t\t\t\t\t\t\t\t<\/a>\n\t\t\t\t\t\t\t<a class=\"e-gallery-item elementor-gallery-item elementor-animated-content\" href=\"https:\/\/pc.sc.gov.br\/\/wp-content\/uploads\/2025\/04\/WhatsApp-Image-2025-04-08-at-18.54.19-1.jpeg\" data-elementor-open-lightbox=\"yes\" data-elementor-lightbox-slideshow=\"2c87787\" data-elementor-lightbox-title=\"WhatsApp Image 2025-04-08 at 18.54.19 (1)\" data-e-action-hash=\"#elementor-action%3Aaction%3Dlightbox%26settings%3DeyJpZCI6Mjc5NTYsInVybCI6Imh0dHBzOlwvXC9wYy5zYy5nb3YuYnJcL1wvd3AtY29udGVudFwvdXBsb2Fkc1wvMjAyNVwvMDRcL1doYXRzQXBwLUltYWdlLTIwMjUtMDQtMDgtYXQtMTguNTQuMTktMS5qcGVnIiwic2xpZGVzaG93IjoiMmM4Nzc4NyJ9\">\n\t\t\t\t\t<div class=\"e-gallery-image elementor-gallery-item__image\" data-thumbnail=\"https:\/\/pc.sc.gov.br\/\/wp-content\/uploads\/2025\/04\/WhatsApp-Image-2025-04-08-at-18.54.19-1-300x198.jpeg\" data-width=\"300\" data-height=\"198\" aria-label=\"\" role=\"img\" ><\/div>\n\t\t\t\t\t\t\t\t\t\t\t<div class=\"elementor-gallery-item__overlay\"><\/div>\n\t\t\t\t\t\t\t\t\t\t\t\t\t\t<\/a>\n\t\t\t\t\t\t\t<a class=\"e-gallery-item elementor-gallery-item elementor-animated-content\" href=\"https:\/\/pc.sc.gov.br\/\/wp-content\/uploads\/2025\/04\/WhatsApp-Image-2025-04-08-at-18.28.45.jpeg\" data-elementor-open-lightbox=\"yes\" data-elementor-lightbox-slideshow=\"2c87787\" data-elementor-lightbox-title=\"WhatsApp Image 2025-04-08 at 18.28.45\" data-e-action-hash=\"#elementor-action%3Aaction%3Dlightbox%26settings%3DeyJpZCI6Mjc5NTgsInVybCI6Imh0dHBzOlwvXC9wYy5zYy5nb3YuYnJcL1wvd3AtY29udGVudFwvdXBsb2Fkc1wvMjAyNVwvMDRcL1doYXRzQXBwLUltYWdlLTIwMjUtMDQtMDgtYXQtMTguMjguNDUuanBlZyIsInNsaWRlc2hvdyI6IjJjODc3ODcifQ%3D%3D\">\n\t\t\t\t\t<div class=\"e-gallery-image elementor-gallery-item__image\" data-thumbnail=\"https:\/\/pc.sc.gov.br\/\/wp-content\/uploads\/2025\/04\/WhatsApp-Image-2025-04-08-at-18.28.45-300x224.jpeg\" data-width=\"300\" data-height=\"224\" aria-label=\"\" role=\"img\" ><\/div>\n\t\t\t\t\t\t\t\t\t\t\t<div class=\"elementor-gallery-item__overlay\"><\/div>\n\t\t\t\t\t\t\t\t\t\t\t\t\t\t<\/a>\n\t\t\t\t\t<\/div>\n\t\t\t\t\t<\/div>\n\t\t\t\t<\/div>\n\t\t\t\t\t<\/div>\n\t\t<\/div>\n\t\t\t\t\t<\/div>\n\t\t<\/section>\n\t\t\t\t<\/div>\n\t\t","protected":false},"excerpt":{"rendered":"<p>PCSC entrega mais sete viaturas semiblindadas e investimento ultrapassa os R$ 5 milh\u00f5es O delegado-geral da Pol\u00edcia Civil de Santa Catarina (PCSC), Ulisses Gabriel, acompanhado da vice-governadora, delegada aposentada Marilisa Boehm, fez a entrega nesta ter\u00e7a-feira (08) de mais sete viaturas blindadas, com custo individual de R$ 348.600,00, totalizando, apenas nesta entrega, um investimento de [&hellip;]<\/p>\n","protected":false},"author":5,"featured_media":27950,"comment_status":"closed","ping_status":"open","sticky":false,"template":"","format":"standard","meta":{"_monsterinsights_skip_tracking":false,"_monsterinsights_sitenote_active":false,"_monsterinsights_sitenote_note":"","_monsterinsights_sitenote_category":0,"footnotes":""},"categories":[1],"tags":[],"class_list":["post-27949","post","type-post","status-publish","format-standard","has-post-thumbnail","hentry","category-sem-categoria"],"_links":{"self":[{"href":"https:\/\/pc.sc.gov.br\/index.php?rest_route=\/wp\/v2\/posts\/27949","targetHints":{"allow":["GET"]}}],"collection":[{"href":"https:\/\/pc.sc.gov.br\/index.php?rest_route=\/wp\/v2\/posts"}],"about":[{"href":"https:\/\/pc.sc.gov.br\/index.php?rest_route=\/wp\/v2\/types\/post"}],"author":[{"embeddable":true,"href":"https:\/\/pc.sc.gov.br\/index.php?rest_route=\/wp\/v2\/users\/5"}],"replies":[{"embeddable":true,"href":"https:\/\/pc.sc.gov.br\/index.php?rest_route=%2Fwp%2Fv2%2Fcomments&post=27949"}],"version-history":[{"count":4,"href":"https:\/\/pc.sc.gov.br\/index.php?rest_route=\/wp\/v2\/posts\/27949\/revisions"}],"predecessor-version":[{"id":27961,"href":"https:\/\/pc.sc.gov.br\/index.php?rest_route=\/wp\/v2\/posts\/27949\/revisions\/27961"}],"wp:featuredmedia":[{"embeddable":true,"href":"https:\/\/pc.sc.gov.br\/index.php?rest_route=\/wp\/v2\/media\/27950"}],"wp:attachment":[{"href":"https:\/\/pc.sc.gov.br\/index.php?rest_route=%2Fwp%2Fv2%2Fmedia&parent=27949"}],"wp:term":[{"taxonomy":"category","embeddable":true,"href":"https:\/\/pc.sc.gov.br\/index.php?rest_route=%2Fwp%2Fv2%2Fcategories&post=27949"},{"taxonomy":"post_tag","embeddable":true,"href":"https:\/\/pc.sc.gov.br\/index.php?rest_route=%2Fwp%2Fv2%2Ftags&post=27949"}],"curies":[{"name":"wp","href":"https:\/\/api.w.org\/{rel}","templated":true}]}}