{"id":27962,"date":"2025-04-09T14:19:02","date_gmt":"2025-04-09T17:19:02","guid":{"rendered":"https:\/\/pc.sc.gov.br\/?p=27962"},"modified":"2025-04-09T14:20:25","modified_gmt":"2025-04-09T17:20:25","slug":"em-chapeco-pcsc-prende-estrangeiro-pelo-crime-de-trafico-de-drogas","status":"publish","type":"post","link":"https:\/\/pc.sc.gov.br\/?p=27962","title":{"rendered":"Em Chapec\u00f3, PCSC prende estrangeiro pelo crime de tr\u00e1fico de drogas"},"content":{"rendered":"\t\t<div data-elementor-type=\"wp-post\" data-elementor-id=\"27962\" class=\"elementor elementor-27962\" data-elementor-post-type=\"post\">\n\t\t\t\t\t\t<section class=\"elementor-section elementor-top-section elementor-element elementor-element-d90a5ff elementor-section-boxed elementor-section-height-default elementor-section-height-default\" data-id=\"d90a5ff\" data-element_type=\"section\">\n\t\t\t\t\t\t<div class=\"elementor-container elementor-column-gap-default\">\n\t\t\t\t\t<div class=\"elementor-column elementor-col-100 elementor-top-column elementor-element elementor-element-875b038\" data-id=\"875b038\" data-element_type=\"column\">\n\t\t\t<div class=\"elementor-widget-wrap elementor-element-populated\">\n\t\t\t\t\t\t<div class=\"elementor-element elementor-element-afe723c elementor-widget elementor-widget-heading\" data-id=\"afe723c\" data-element_type=\"widget\" data-widget_type=\"heading.default\">\n\t\t\t\t<div class=\"elementor-widget-container\">\n\t\t\t\t\t<h2 class=\"elementor-heading-title elementor-size-default\">Em Chapec\u00f3, PCSC prende estrangeiro pelo crime de tr\u00e1fico de drogas<\/h2>\t\t\t\t<\/div>\n\t\t\t\t<\/div>\n\t\t\t\t\t<\/div>\n\t\t<\/div>\n\t\t\t\t\t<\/div>\n\t\t<\/section>\n\t\t\t\t<section class=\"elementor-section elementor-top-section elementor-element elementor-element-61103dd elementor-section-boxed elementor-section-height-default elementor-section-height-default\" data-id=\"61103dd\" data-element_type=\"section\">\n\t\t\t\t\t\t<div class=\"elementor-container elementor-column-gap-default\">\n\t\t\t\t\t<div class=\"elementor-column elementor-col-100 elementor-top-column elementor-element elementor-element-bda9dbf\" data-id=\"bda9dbf\" data-element_type=\"column\">\n\t\t\t<div class=\"elementor-widget-wrap elementor-element-populated\">\n\t\t\t\t\t\t<div class=\"elementor-element elementor-element-c524ecf elementor-widget elementor-widget-image\" data-id=\"c524ecf\" data-element_type=\"widget\" data-widget_type=\"image.default\">\n\t\t\t\t<div class=\"elementor-widget-container\">\n\t\t\t\t\t\t\t\t\t\t\t\t\t\t\t<img fetchpriority=\"high\" decoding=\"async\" width=\"696\" height=\"621\" src=\"https:\/\/pc.sc.gov.br\/\/wp-content\/uploads\/2025\/04\/2cb7308f-29b5-4978-b474-c301219700ae-fotor-20250409141726.jpg\" class=\"attachment-large size-large wp-image-27963\" alt=\"\" srcset=\"https:\/\/pc.sc.gov.br\/\/wp-content\/uploads\/2025\/04\/2cb7308f-29b5-4978-b474-c301219700ae-fotor-20250409141726.jpg 866w, https:\/\/pc.sc.gov.br\/\/wp-content\/uploads\/2025\/04\/2cb7308f-29b5-4978-b474-c301219700ae-fotor-20250409141726-300x268.jpg 300w, https:\/\/pc.sc.gov.br\/\/wp-content\/uploads\/2025\/04\/2cb7308f-29b5-4978-b474-c301219700ae-fotor-20250409141726-768x686.jpg 768w\" sizes=\"(max-width: 696px) 100vw, 696px\" \/>\t\t\t\t\t\t\t\t\t\t\t\t\t\t\t<\/div>\n\t\t\t\t<\/div>\n\t\t\t\t\t<\/div>\n\t\t<\/div>\n\t\t\t\t\t<\/div>\n\t\t<\/section>\n\t\t\t\t<section class=\"elementor-section elementor-top-section elementor-element elementor-element-8bf5dab elementor-section-boxed elementor-section-height-default elementor-section-height-default\" data-id=\"8bf5dab\" data-element_type=\"section\">\n\t\t\t\t\t\t<div class=\"elementor-container elementor-column-gap-default\">\n\t\t\t\t\t<div class=\"elementor-column elementor-col-100 elementor-top-column elementor-element elementor-element-330e2e8\" data-id=\"330e2e8\" data-element_type=\"column\">\n\t\t\t<div class=\"elementor-widget-wrap elementor-element-populated\">\n\t\t\t\t\t\t<div class=\"elementor-element elementor-element-24c2f06 elementor-widget elementor-widget-text-editor\" data-id=\"24c2f06\" data-element_type=\"widget\" data-widget_type=\"text-editor.default\">\n\t\t\t\t<div class=\"elementor-widget-container\">\n\t\t\t\t\t\t\t\t\t<p>A Pol\u00edcia Civil de Santa Catarina prendeu na tarde desta ter\u00e7a-feira (08\/04) um homem de nacionalidade venezuelana, pelo crime de tr\u00e1fico de drogas. A a\u00e7\u00e3o, coordenada pelo Departamento de Investiga\u00e7\u00f5es Criminais (DIC) de Chapec\u00f3, ocorreu inicialmente nas depend\u00eancias de uma empresa do munic\u00edpio, onde o suspeito trabalhava como auxiliar de produ\u00e7\u00e3o. Durante a abordagem, foram encontradas por\u00e7\u00f5es de entorpecentes escondidas sob o uniforme do homem.<\/p>\n<p>O suspeito confirmou possuir mais drogas em sua resid\u00eancia no bairro Efapi, para onde os policiais se dirigiram em seguida. No local, foram encontradas mais subst\u00e2ncias il\u00edcitas, incluindo coca\u00edna e maconha, al\u00e9m de uma balan\u00e7a de precis\u00e3o utilizada para a pesagem dos entorpecentes.<\/p>\n<p>Segundo investiga\u00e7\u00f5es preliminares, h\u00e1 suspeitas de que o homem tenha liga\u00e7\u00e3o com a organiza\u00e7\u00e3o criminosa que atua no tr\u00e1fico de drogas. Contra o suspeito tamb\u00e9m constava um mandado de pris\u00e3o tempor\u00e1ria expedido pela 2\u00aa Vara Criminal do Tribunal do J\u00fari e da Justi\u00e7a Militar do Estado de Roraima.<\/p>\n<p>Ap\u00f3s os procedimentos legais na Central de Plant\u00e3o Policial, o homem foi encaminhado ao Pres\u00eddio Regional de Chapec\u00f3, onde permanece \u00e0 disposi\u00e7\u00e3o da Justi\u00e7a.<\/p>\n<p><b>A Pol\u00edcia Civil ressalta a import\u00e2ncia das den\u00fancias an\u00f4nimas no combate ao tr\u00e1fico de drogas.&nbsp;<\/b><b style=\"letter-spacing: -0.2px;\">Colabore com a PCSC &#8211; Denuncie pelo whatsapp (48) 9 8844-0011<\/b><span style=\"color: rgb(122, 122, 122); letter-spacing: -0.2px;\">&nbsp;<\/span><\/p>\t\t\t\t\t\t\t\t<\/div>\n\t\t\t\t<\/div>\n\t\t\t\t\t<\/div>\n\t\t<\/div>\n\t\t\t\t\t<\/div>\n\t\t<\/section>\n\t\t\t\t<\/div>\n\t\t","protected":false},"excerpt":{"rendered":"<p>Em Chapec\u00f3, PCSC prende estrangeiro pelo crime de tr\u00e1fico de drogas A Pol\u00edcia Civil de Santa Catarina prendeu na tarde desta ter\u00e7a-feira (08\/04) um homem de nacionalidade venezuelana, pelo crime de tr\u00e1fico de drogas. A a\u00e7\u00e3o, coordenada pelo Departamento de Investiga\u00e7\u00f5es Criminais (DIC) de Chapec\u00f3, ocorreu inicialmente nas depend\u00eancias de uma empresa do munic\u00edpio, onde [&hellip;]<\/p>\n","protected":false},"author":5,"featured_media":27963,"comment_status":"closed","ping_status":"open","sticky":false,"template":"","format":"standard","meta":{"_monsterinsights_skip_tracking":false,"_monsterinsights_sitenote_active":false,"_monsterinsights_sitenote_note":"","_monsterinsights_sitenote_category":0,"footnotes":""},"categories":[1],"tags":[],"class_list":["post-27962","post","type-post","status-publish","format-standard","has-post-thumbnail","hentry","category-sem-categoria"],"_links":{"self":[{"href":"https:\/\/pc.sc.gov.br\/index.php?rest_route=\/wp\/v2\/posts\/27962","targetHints":{"allow":["GET"]}}],"collection":[{"href":"https:\/\/pc.sc.gov.br\/index.php?rest_route=\/wp\/v2\/posts"}],"about":[{"href":"https:\/\/pc.sc.gov.br\/index.php?rest_route=\/wp\/v2\/types\/post"}],"author":[{"embeddable":true,"href":"https:\/\/pc.sc.gov.br\/index.php?rest_route=\/wp\/v2\/users\/5"}],"replies":[{"embeddable":true,"href":"https:\/\/pc.sc.gov.br\/index.php?rest_route=%2Fwp%2Fv2%2Fcomments&post=27962"}],"version-history":[{"count":4,"href":"https:\/\/pc.sc.gov.br\/index.php?rest_route=\/wp\/v2\/posts\/27962\/revisions"}],"predecessor-version":[{"id":27967,"href":"https:\/\/pc.sc.gov.br\/index.php?rest_route=\/wp\/v2\/posts\/27962\/revisions\/27967"}],"wp:featuredmedia":[{"embeddable":true,"href":"https:\/\/pc.sc.gov.br\/index.php?rest_route=\/wp\/v2\/media\/27963"}],"wp:attachment":[{"href":"https:\/\/pc.sc.gov.br\/index.php?rest_route=%2Fwp%2Fv2%2Fmedia&parent=27962"}],"wp:term":[{"taxonomy":"category","embeddable":true,"href":"https:\/\/pc.sc.gov.br\/index.php?rest_route=%2Fwp%2Fv2%2Fcategories&post=27962"},{"taxonomy":"post_tag","embeddable":true,"href":"https:\/\/pc.sc.gov.br\/index.php?rest_route=%2Fwp%2Fv2%2Ftags&post=27962"}],"curies":[{"name":"wp","href":"https:\/\/api.w.org\/{rel}","templated":true}]}}