{"id":27979,"date":"2025-04-09T17:53:12","date_gmt":"2025-04-09T20:53:12","guid":{"rendered":"https:\/\/pc.sc.gov.br\/?p=27979"},"modified":"2025-04-09T17:55:49","modified_gmt":"2025-04-09T20:55:49","slug":"dh-de-criciuma-cumpre-mandado-de-prisao-de-homem-por-tentativa-de-homicidio","status":"publish","type":"post","link":"https:\/\/pc.sc.gov.br\/?p=27979","title":{"rendered":"DH de Crici\u00fama cumpre mandado de pris\u00e3o de homem por tentativa de homic\u00eddio"},"content":{"rendered":"\t\t<div data-elementor-type=\"wp-post\" data-elementor-id=\"27979\" class=\"elementor elementor-27979\" data-elementor-post-type=\"post\">\n\t\t\t\t\t\t<section class=\"elementor-section elementor-top-section elementor-element elementor-element-8bfc252 elementor-section-boxed elementor-section-height-default elementor-section-height-default\" data-id=\"8bfc252\" data-element_type=\"section\">\n\t\t\t\t\t\t<div class=\"elementor-container elementor-column-gap-default\">\n\t\t\t\t\t<div class=\"elementor-column elementor-col-100 elementor-top-column elementor-element elementor-element-5349a4f\" data-id=\"5349a4f\" data-element_type=\"column\">\n\t\t\t<div class=\"elementor-widget-wrap elementor-element-populated\">\n\t\t\t\t\t\t<div class=\"elementor-element elementor-element-e901011 elementor-widget elementor-widget-heading\" data-id=\"e901011\" data-element_type=\"widget\" data-widget_type=\"heading.default\">\n\t\t\t\t<div class=\"elementor-widget-container\">\n\t\t\t\t\t<h2 class=\"elementor-heading-title elementor-size-default\">DH de Crici\u00fama cumpre mandado de pris\u00e3o de homem por tentativa de homic\u00eddio<\/h2>\t\t\t\t<\/div>\n\t\t\t\t<\/div>\n\t\t\t\t\t<\/div>\n\t\t<\/div>\n\t\t\t\t\t<\/div>\n\t\t<\/section>\n\t\t\t\t<section class=\"elementor-section elementor-top-section elementor-element elementor-element-f32f370 elementor-section-boxed elementor-section-height-default elementor-section-height-default\" data-id=\"f32f370\" data-element_type=\"section\">\n\t\t\t\t\t\t<div class=\"elementor-container elementor-column-gap-default\">\n\t\t\t\t\t<div class=\"elementor-column elementor-col-100 elementor-top-column elementor-element elementor-element-fc58092\" data-id=\"fc58092\" data-element_type=\"column\">\n\t\t\t<div class=\"elementor-widget-wrap elementor-element-populated\">\n\t\t\t\t\t\t<div class=\"elementor-element elementor-element-b9acaea elementor-widget elementor-widget-image\" data-id=\"b9acaea\" data-element_type=\"widget\" data-widget_type=\"image.default\">\n\t\t\t\t<div class=\"elementor-widget-container\">\n\t\t\t\t\t\t\t\t\t\t\t\t\t\t\t<img fetchpriority=\"high\" decoding=\"async\" width=\"696\" height=\"606\" src=\"https:\/\/pc.sc.gov.br\/\/wp-content\/uploads\/2025\/04\/9af9e8cd-7a42-4e55-8e60-610a4ce31373-fotor-20250409175359-1024x891.jpg\" class=\"attachment-large size-large wp-image-27981\" alt=\"\" srcset=\"https:\/\/pc.sc.gov.br\/\/wp-content\/uploads\/2025\/04\/9af9e8cd-7a42-4e55-8e60-610a4ce31373-fotor-20250409175359-1024x891.jpg 1024w, https:\/\/pc.sc.gov.br\/\/wp-content\/uploads\/2025\/04\/9af9e8cd-7a42-4e55-8e60-610a4ce31373-fotor-20250409175359-300x261.jpg 300w, https:\/\/pc.sc.gov.br\/\/wp-content\/uploads\/2025\/04\/9af9e8cd-7a42-4e55-8e60-610a4ce31373-fotor-20250409175359-768x669.jpg 768w, https:\/\/pc.sc.gov.br\/\/wp-content\/uploads\/2025\/04\/9af9e8cd-7a42-4e55-8e60-610a4ce31373-fotor-20250409175359.jpg 1197w\" sizes=\"(max-width: 696px) 100vw, 696px\" \/>\t\t\t\t\t\t\t\t\t\t\t\t\t\t\t<\/div>\n\t\t\t\t<\/div>\n\t\t\t\t\t<\/div>\n\t\t<\/div>\n\t\t\t\t\t<\/div>\n\t\t<\/section>\n\t\t\t\t<section class=\"elementor-section elementor-top-section elementor-element elementor-element-5363421 elementor-section-boxed elementor-section-height-default elementor-section-height-default\" data-id=\"5363421\" data-element_type=\"section\">\n\t\t\t\t\t\t<div class=\"elementor-container elementor-column-gap-default\">\n\t\t\t\t\t<div class=\"elementor-column elementor-col-100 elementor-top-column elementor-element elementor-element-1408696\" data-id=\"1408696\" data-element_type=\"column\">\n\t\t\t<div class=\"elementor-widget-wrap elementor-element-populated\">\n\t\t\t\t\t\t<div class=\"elementor-element elementor-element-a45535b elementor-widget elementor-widget-text-editor\" data-id=\"a45535b\" data-element_type=\"widget\" data-widget_type=\"text-editor.default\">\n\t\t\t\t<div class=\"elementor-widget-container\">\n\t\t\t\t\t\t\t\t\t<p>A Pol\u00edcia Civil de Santa Catarina, por meio da Delegacia de Homic\u00eddios da DIC de Crici\u00fama, na manh\u00e3 desta quarta-feira (09), por volta das 9h, no bairro Maria C\u00e9u, em Crici\u00fama deu cumprimento ao mandado de pris\u00e3o tempor\u00e1ria de um homem, em face de tentativa de homic\u00eddio, delito previsto no arts. 121, \u00a72\u00ba, inciso II, c\/c 14, II, ambos do C\u00f3digo Penal.<\/p><p>A investiga\u00e7\u00e3o se deu para apurar o fato ocorrido no bairro Imperatriz, no dia 2 de mar\u00e7o do corrente ano, quando o investigado e sua companheira tentaram ceifar, mediante disparos de arma de fogo, a vida de outra pessoa, de 40 anos, devido a uma discord\u00e2ncia f\u00fatil.<\/p><p>O investigado estava homiziado da justi\u00e7a h\u00e1 cerca de um m\u00eas, vindo a ser capturado pelos policiais civis da Delegacia de Homic\u00eddios. O preso foi encaminhado para o Pres\u00eddio Santa Augusta, onde aguardar\u00e1 a finaliza\u00e7\u00e3o das investiga\u00e7\u00f5es e o respectivo processo penal.<\/p>\t\t\t\t\t\t\t\t<\/div>\n\t\t\t\t<\/div>\n\t\t\t\t\t<\/div>\n\t\t<\/div>\n\t\t\t\t\t<\/div>\n\t\t<\/section>\n\t\t\t\t<\/div>\n\t\t","protected":false},"excerpt":{"rendered":"<p>DH de Crici\u00fama cumpre mandado de pris\u00e3o de homem por tentativa de homic\u00eddio A Pol\u00edcia Civil de Santa Catarina, por meio da Delegacia de Homic\u00eddios da DIC de Crici\u00fama, na manh\u00e3 desta quarta-feira (09), por volta das 9h, no bairro Maria C\u00e9u, em Crici\u00fama deu cumprimento ao mandado de pris\u00e3o tempor\u00e1ria de um homem, em [&hellip;]<\/p>\n","protected":false},"author":5,"featured_media":27981,"comment_status":"closed","ping_status":"open","sticky":false,"template":"","format":"standard","meta":{"_monsterinsights_skip_tracking":false,"_monsterinsights_sitenote_active":false,"_monsterinsights_sitenote_note":"","_monsterinsights_sitenote_category":0,"footnotes":""},"categories":[1],"tags":[],"class_list":["post-27979","post","type-post","status-publish","format-standard","has-post-thumbnail","hentry","category-sem-categoria"],"_links":{"self":[{"href":"https:\/\/pc.sc.gov.br\/index.php?rest_route=\/wp\/v2\/posts\/27979","targetHints":{"allow":["GET"]}}],"collection":[{"href":"https:\/\/pc.sc.gov.br\/index.php?rest_route=\/wp\/v2\/posts"}],"about":[{"href":"https:\/\/pc.sc.gov.br\/index.php?rest_route=\/wp\/v2\/types\/post"}],"author":[{"embeddable":true,"href":"https:\/\/pc.sc.gov.br\/index.php?rest_route=\/wp\/v2\/users\/5"}],"replies":[{"embeddable":true,"href":"https:\/\/pc.sc.gov.br\/index.php?rest_route=%2Fwp%2Fv2%2Fcomments&post=27979"}],"version-history":[{"count":3,"href":"https:\/\/pc.sc.gov.br\/index.php?rest_route=\/wp\/v2\/posts\/27979\/revisions"}],"predecessor-version":[{"id":27987,"href":"https:\/\/pc.sc.gov.br\/index.php?rest_route=\/wp\/v2\/posts\/27979\/revisions\/27987"}],"wp:featuredmedia":[{"embeddable":true,"href":"https:\/\/pc.sc.gov.br\/index.php?rest_route=\/wp\/v2\/media\/27981"}],"wp:attachment":[{"href":"https:\/\/pc.sc.gov.br\/index.php?rest_route=%2Fwp%2Fv2%2Fmedia&parent=27979"}],"wp:term":[{"taxonomy":"category","embeddable":true,"href":"https:\/\/pc.sc.gov.br\/index.php?rest_route=%2Fwp%2Fv2%2Fcategories&post=27979"},{"taxonomy":"post_tag","embeddable":true,"href":"https:\/\/pc.sc.gov.br\/index.php?rest_route=%2Fwp%2Fv2%2Ftags&post=27979"}],"curies":[{"name":"wp","href":"https:\/\/api.w.org\/{rel}","templated":true}]}}