{"id":28020,"date":"2025-04-10T17:55:49","date_gmt":"2025-04-10T20:55:49","guid":{"rendered":"https:\/\/pc.sc.gov.br\/?p=28020"},"modified":"2025-04-10T18:44:44","modified_gmt":"2025-04-10T21:44:44","slug":"sc-levado-a-serio-governador-jorginho-faz-importantes-entregas-para-dps-dos-municipios-de-grao-para-jaguaruna-sao-ludgero-e-tubarao","status":"publish","type":"post","link":"https:\/\/pc.sc.gov.br\/?p=28020","title":{"rendered":"SC levada a S\u00e9rio: governador Jorginho faz importantes entregas para DPs dos munic\u00edpios de Gr\u00e3o Par\u00e1, Jaguaruna, S\u00e3o Ludgero e Tubar\u00e3o"},"content":{"rendered":"\t\t<div data-elementor-type=\"wp-post\" data-elementor-id=\"28020\" class=\"elementor elementor-28020\" data-elementor-post-type=\"post\">\n\t\t\t\t\t\t<section class=\"elementor-section elementor-top-section elementor-element elementor-element-6fed345 elementor-section-boxed elementor-section-height-default elementor-section-height-default\" data-id=\"6fed345\" data-element_type=\"section\">\n\t\t\t\t\t\t<div class=\"elementor-container elementor-column-gap-default\">\n\t\t\t\t\t<div class=\"elementor-column elementor-col-100 elementor-top-column elementor-element elementor-element-003b2d3\" data-id=\"003b2d3\" data-element_type=\"column\">\n\t\t\t<div class=\"elementor-widget-wrap elementor-element-populated\">\n\t\t\t\t\t\t<div class=\"elementor-element elementor-element-f432263 elementor-widget elementor-widget-heading\" data-id=\"f432263\" data-element_type=\"widget\" data-widget_type=\"heading.default\">\n\t\t\t\t<div class=\"elementor-widget-container\">\n\t\t\t\t\t<h2 class=\"elementor-heading-title elementor-size-default\">SC levada a S\u00e9rio: governador Jorginho faz importantes entregas para DPs dos munic\u00edpios de Gr\u00e3o Par\u00e1, Jaguaruna, S\u00e3o Ludgero e Tubar\u00e3o<\/h2>\t\t\t\t<\/div>\n\t\t\t\t<\/div>\n\t\t\t\t\t<\/div>\n\t\t<\/div>\n\t\t\t\t\t<\/div>\n\t\t<\/section>\n\t\t\t\t<section class=\"elementor-section elementor-top-section elementor-element elementor-element-66e9283 elementor-section-boxed elementor-section-height-default elementor-section-height-default\" data-id=\"66e9283\" data-element_type=\"section\">\n\t\t\t\t\t\t<div class=\"elementor-container elementor-column-gap-default\">\n\t\t\t\t\t<div class=\"elementor-column elementor-col-100 elementor-top-column elementor-element elementor-element-3da4f3a\" data-id=\"3da4f3a\" data-element_type=\"column\">\n\t\t\t<div class=\"elementor-widget-wrap elementor-element-populated\">\n\t\t\t\t\t\t<div class=\"elementor-element elementor-element-8ec589f elementor-widget elementor-widget-image\" data-id=\"8ec589f\" data-element_type=\"widget\" data-widget_type=\"image.default\">\n\t\t\t\t<div class=\"elementor-widget-container\">\n\t\t\t\t\t\t\t\t\t\t\t\t\t\t\t<img fetchpriority=\"high\" decoding=\"async\" width=\"696\" height=\"464\" src=\"https:\/\/pc.sc.gov.br\/\/wp-content\/uploads\/2025\/04\/OJR_7557-7-1024x683.jpg\" class=\"attachment-large size-large wp-image-28021\" alt=\"\" srcset=\"https:\/\/pc.sc.gov.br\/\/wp-content\/uploads\/2025\/04\/OJR_7557-7-1024x683.jpg 1024w, https:\/\/pc.sc.gov.br\/\/wp-content\/uploads\/2025\/04\/OJR_7557-7-300x200.jpg 300w, https:\/\/pc.sc.gov.br\/\/wp-content\/uploads\/2025\/04\/OJR_7557-7-768x512.jpg 768w, https:\/\/pc.sc.gov.br\/\/wp-content\/uploads\/2025\/04\/OJR_7557-7-1536x1024.jpg 1536w, https:\/\/pc.sc.gov.br\/\/wp-content\/uploads\/2025\/04\/OJR_7557-7.jpg 1920w\" sizes=\"(max-width: 696px) 100vw, 696px\" \/>\t\t\t\t\t\t\t\t\t\t\t\t\t\t\t<\/div>\n\t\t\t\t<\/div>\n\t\t\t\t\t<\/div>\n\t\t<\/div>\n\t\t\t\t\t<\/div>\n\t\t<\/section>\n\t\t\t\t<section class=\"elementor-section elementor-top-section elementor-element elementor-element-fa174e5 elementor-section-boxed elementor-section-height-default elementor-section-height-default\" data-id=\"fa174e5\" data-element_type=\"section\">\n\t\t\t\t\t\t<div class=\"elementor-container elementor-column-gap-default\">\n\t\t\t\t\t<div class=\"elementor-column elementor-col-100 elementor-top-column elementor-element elementor-element-607842a\" data-id=\"607842a\" data-element_type=\"column\">\n\t\t\t<div class=\"elementor-widget-wrap elementor-element-populated\">\n\t\t\t\t\t\t<div class=\"elementor-element elementor-element-0ed3849 elementor-widget elementor-widget-text-editor\" data-id=\"0ed3849\" data-element_type=\"widget\" data-widget_type=\"text-editor.default\">\n\t\t\t\t<div class=\"elementor-widget-container\">\n\t\t\t\t\t\t\t\t\t<p>Durante a solenidade do Programa SC Levada a S\u00e9rio, ocorrida na manh\u00e3 desta quinta-feira (10), em Tubar\u00e3o, o governador Jorginho Mello e o delegado-geral da PCSC, Ulisses Gabriel fizeram importantes entregas na \u00e1rea da seguran\u00e7a p\u00fablica para munic\u00edpios que integram a Associa\u00e7\u00e3o dos Munic\u00edpios da Regi\u00e3o de Laguna (Amurel).&nbsp;<\/p>\n<p>Em ato simb\u00f3lico, o delegado-geral e o governador Jorginho entregaram uma viatura descaracterizada da Delegacia de Pol\u00edcia do Munic\u00edpio (DPMu) de Gr\u00e3o Par\u00e1 (R$ 95 mil); uma viatura descaracterizada para a Delegacia de Pol\u00edcia de Comarca (DPCo) de Jaguaruna (R$ 230 mil) \u2013 ambas adquiridas com recursos do conv\u00eanio de tr\u00e2nsito ; a revitaliza\u00e7\u00e3o da DPCo de Jaguaruna e inaugura\u00e7\u00e3o da Sala Lil\u00e1s de Jaguaruna; revitaliza\u00e7\u00e3o da DMPu de S\u00e3o Ludgero e inaugura\u00e7\u00e3o da Sala Lil\u00e1s, na Central de Plant\u00e3o Policial (CPP) de Tubar\u00e3o. A Sala Lil\u00e1s \u00e9 um espa\u00e7o destinado a acolher mulheres v\u00edtimas de viol\u00eancia dom\u00e9stica para preservar sua integridade f\u00edsica, ps\u00edquica e emocional, levando em considera\u00e7\u00e3o a condi\u00e7\u00e3o de pessoa em situa\u00e7\u00e3o de viol\u00eancia dom\u00e9stica e familiar. Com as duas novas unidades, Santa Catarina tem 37 salas ativadas, al\u00e9m das 32 Delegacias de Prote\u00e7\u00e3o \u00e0 Crian\u00e7a, ao adolescente, \u00e0 Mulher e ao Idoso.&nbsp;<\/p>\n<p>No ato, o delegado Ulisses destacou que o governador Jorginho tem intensificado a\u00e7\u00f5es em todo o estado para melhorar a seguran\u00e7a p\u00fablica do catarinense. \u201cN\u00f3s alcan\u00e7amos em 2023, sob a batuta do governador, o posto de estado mais seguro do Brasil e n\u00e3o vamos parar at\u00e9 cada cidad\u00e3o de Santa Catarina ter seguran\u00e7a efetiva\u201d, disse o delegado-geral.<\/p>\n<p>Ulisses Gabriel pontuou que est\u00e1 em andamento um grande n\u00famero de reformas e recupera\u00e7\u00f5es de pr\u00e9dios de delegacias de pol\u00edcia. \u201cEstamos aqui em Tubar\u00e3o revitalizando v\u00e1rias delegacias de pol\u00edcia, j\u00e1 entregamos a delegacia de Capivari e hoje estamos entregando a delegacia de S\u00e3o Ludgero e tamb\u00e9m de Jaguaruna, em mais uma edi\u00e7\u00e3o do Programa Santa Catarina Levada a S\u00e9rio. Ulisses Gabriel assinalou ainda que al\u00e9m de diversas unidades est\u00e3o passando por revitaliza\u00e7\u00e3o, a PCSC est\u00e1 entregando novas armas, moderniza\u00e7\u00e3o seu parque tecnol\u00f3gico, renovando a frota de viaturas, aumentando o efetivo e valorizando os policiais civis. \u201cO governador Jorginho tem um mantra que \u00e9 investir em educa\u00e7\u00e3o e seguran\u00e7a. Sem seguran\u00e7a n\u00e3o h\u00e1 presente e sem educa\u00e7\u00e3o n\u00e3o h\u00e1 futuro. Esse \u00e9 um exemplo muito vivo para o governador\u201d, disse.<\/p>\n<p><b>Outras entregas<\/b><\/p>\n<p>O evento realizado no Sigma Park da Rede Catarinense de Centros de Inova\u00e7\u00e3o reuniu prefeitos, vereadores, deputados e lideran\u00e7as locais, que acompanharam a apresenta\u00e7\u00e3o detalhada dos investimentos, entregas e projetos do Governo do Estado em cada cidade da regi\u00e3o. O governador Jorginho destacou o compromisso com a transpar\u00eancia e a gest\u00e3o respons\u00e1vel, refor\u00e7ando a import\u00e2ncia do di\u00e1logo direto com os munic\u00edpios. \u201cEstamos mostrando com n\u00fameros e resultados o que o Governo de Santa Catarina tem feito em cada canto do Estado. Esse contato com as lideran\u00e7as locais \u00e9 essencial para alinhar prioridades e seguir avan\u00e7ando com obras, servi\u00e7os e investimentos que melhoram a vida das pessoas\u201d, afirmou Jorginho Mello.<\/p>\n<p>A s\u00e9rie de encontros regionais faz parte da estrat\u00e9gia do Governo do Estado de prestar contas \u00e0 sociedade e fortalecer o planejamento conjunto com os munic\u00edpios.<\/p>\n<p>\u201cTenho certeza que ser\u00e1 uma conversa bem produtiva com todos os nossos prefeitos da Amurel. O senhor est\u00e1 tirando do papel sonhos de obras antigas nossas como \u00e9 a Serra do Corvo Branco, a estrada Campos Verdes e outras obras de mobilidade aqui da regi\u00e3o sul. Sabemos que o governador \u00e9 um municipalista e se importa com o crescimento e o desenvolvimento das nossas cidades. Tudo acontece no munic\u00edpio e tenho certeza que essa conversa com cada prefeito ser\u00e1 muito produtiva e trar\u00e1 novas parcerias com o Governo do Estado\u201d, destacou o presidente da Amurel e prefeito de Tubar\u00e3o, Est\u00eaner Soratto da Silva J\u00fanior.<\/p>\n<p>Durante o encontro, o governador fez mais entregas simb\u00f3licas de obras e investimentos importantes para a regi\u00e3o, com foco em infraestrutura, seguran\u00e7a p\u00fablica, educa\u00e7\u00e3o e abastecimento de \u00e1gua.<\/p>\n<p>Inaugura\u00e7\u00e3o simb\u00f3lica de 9 novos reservat\u00f3rios de \u00e1gua da CASAN, localizados nos munic\u00edpios de Pescaria Brava (1), Treze de Maio (1), Bra\u00e7o do Norte (2) e Laguna (5). Juntos, os reservat\u00f3rios t\u00eam capacidade para armazenar at\u00e9 4,5 milh\u00f5es de litros de \u00e1gua, com investimento total de mais de R$ 9,8 milh\u00f5es.<\/p>\n<p>Assinatura de conv\u00eanio entre o Governo do Estado e o munic\u00edpio de Sang\u00e3o para a constru\u00e7\u00e3o de um gin\u00e1sio de esportes no Centro Educacional local, com a presen\u00e7a do prefeito Castilho Vieira e da secret\u00e1ria adjunta da Educa\u00e7\u00e3o.<\/p>\n<p>Inaugura\u00e7\u00e3o simb\u00f3lica de quatro novas quadras poliesportivas cobertas: tr\u00eas em escolas estaduais de Tubar\u00e3o (Santo Anjo da Guarda, Jo\u00e3o Teixeira Nunes e General Osvaldo Pinto da Veiga) e uma na Escola C\u00f4nego Nicolau Gesing, em Bra\u00e7o do Norte. Tamb\u00e9m foi entregue a reforma da rede el\u00e9trica da Escola Professor No\u00e9 Abati, em Tubar\u00e3o. O conjunto das obras na \u00e1rea da educa\u00e7\u00e3o soma investimentos de R$ 15 milh\u00f5es.<\/p>\n<p>Entrega da Licen\u00e7a Ambiental Pr\u00e9via que permitir\u00e1 o aprofundamento da extremidade sul do Ber\u00e7o 1 do Porto de Imbituba. A obra viabilizar\u00e1 um aumento de quase 13% na capacidade anual de movimenta\u00e7\u00e3o de cargas e tem potencial para gerar cerca de 200 empregos diretos e 650 indiretos.<\/p>\n<p>A regi\u00e3o da AMUREL \u00e9 a 11\u00aa associa\u00e7\u00e3o de munic\u00edpios visitada pelo governador e sua equipe. Ao fim desta rodada de conversas, o governador j\u00e1 atendeu 176 prefeitos do total de 295.<\/p>\t\t\t\t\t\t\t\t<\/div>\n\t\t\t\t<\/div>\n\t\t\t\t\t<\/div>\n\t\t<\/div>\n\t\t\t\t\t<\/div>\n\t\t<\/section>\n\t\t\t\t<\/div>\n\t\t","protected":false},"excerpt":{"rendered":"<p>SC levada a S\u00e9rio: governador Jorginho faz importantes entregas para DPs dos munic\u00edpios de Gr\u00e3o Par\u00e1, Jaguaruna, S\u00e3o Ludgero e Tubar\u00e3o Durante a solenidade do Programa SC Levada a S\u00e9rio, ocorrida na manh\u00e3 desta quinta-feira (10), em Tubar\u00e3o, o governador Jorginho Mello e o delegado-geral da PCSC, Ulisses Gabriel fizeram importantes entregas na \u00e1rea da [&hellip;]<\/p>\n","protected":false},"author":5,"featured_media":28021,"comment_status":"closed","ping_status":"open","sticky":false,"template":"","format":"standard","meta":{"_monsterinsights_skip_tracking":false,"_monsterinsights_sitenote_active":false,"_monsterinsights_sitenote_note":"","_monsterinsights_sitenote_category":0,"footnotes":""},"categories":[1],"tags":[],"class_list":["post-28020","post","type-post","status-publish","format-standard","has-post-thumbnail","hentry","category-sem-categoria"],"_links":{"self":[{"href":"https:\/\/pc.sc.gov.br\/index.php?rest_route=\/wp\/v2\/posts\/28020","targetHints":{"allow":["GET"]}}],"collection":[{"href":"https:\/\/pc.sc.gov.br\/index.php?rest_route=\/wp\/v2\/posts"}],"about":[{"href":"https:\/\/pc.sc.gov.br\/index.php?rest_route=\/wp\/v2\/types\/post"}],"author":[{"embeddable":true,"href":"https:\/\/pc.sc.gov.br\/index.php?rest_route=\/wp\/v2\/users\/5"}],"replies":[{"embeddable":true,"href":"https:\/\/pc.sc.gov.br\/index.php?rest_route=%2Fwp%2Fv2%2Fcomments&post=28020"}],"version-history":[{"count":10,"href":"https:\/\/pc.sc.gov.br\/index.php?rest_route=\/wp\/v2\/posts\/28020\/revisions"}],"predecessor-version":[{"id":28042,"href":"https:\/\/pc.sc.gov.br\/index.php?rest_route=\/wp\/v2\/posts\/28020\/revisions\/28042"}],"wp:featuredmedia":[{"embeddable":true,"href":"https:\/\/pc.sc.gov.br\/index.php?rest_route=\/wp\/v2\/media\/28021"}],"wp:attachment":[{"href":"https:\/\/pc.sc.gov.br\/index.php?rest_route=%2Fwp%2Fv2%2Fmedia&parent=28020"}],"wp:term":[{"taxonomy":"category","embeddable":true,"href":"https:\/\/pc.sc.gov.br\/index.php?rest_route=%2Fwp%2Fv2%2Fcategories&post=28020"},{"taxonomy":"post_tag","embeddable":true,"href":"https:\/\/pc.sc.gov.br\/index.php?rest_route=%2Fwp%2Fv2%2Ftags&post=28020"}],"curies":[{"name":"wp","href":"https:\/\/api.w.org\/{rel}","templated":true}]}}