{"id":28049,"date":"2025-04-11T12:40:16","date_gmt":"2025-04-11T15:40:16","guid":{"rendered":"https:\/\/pc.sc.gov.br\/?p=28049"},"modified":"2025-04-11T12:41:20","modified_gmt":"2025-04-11T15:41:20","slug":"policia-civil-deflagra-operacao-policial-em-investigacoes-que-apuram-roubos-em-palhoca-e-prende-um-suspeito","status":"publish","type":"post","link":"https:\/\/pc.sc.gov.br\/?p=28049","title":{"rendered":"Pol\u00edcia Civil deflagra opera\u00e7\u00e3o policial em investiga\u00e7\u00f5es que apuram roubos em Palho\u00e7a e prende um suspeito"},"content":{"rendered":"\t\t<div data-elementor-type=\"wp-post\" data-elementor-id=\"28049\" class=\"elementor elementor-28049\" data-elementor-post-type=\"post\">\n\t\t\t\t\t\t<section class=\"elementor-section elementor-top-section elementor-element elementor-element-8971866 elementor-section-boxed elementor-section-height-default elementor-section-height-default\" data-id=\"8971866\" data-element_type=\"section\">\n\t\t\t\t\t\t<div class=\"elementor-container elementor-column-gap-default\">\n\t\t\t\t\t<div class=\"elementor-column elementor-col-100 elementor-top-column elementor-element elementor-element-8f93eb9\" data-id=\"8f93eb9\" data-element_type=\"column\">\n\t\t\t<div class=\"elementor-widget-wrap elementor-element-populated\">\n\t\t\t\t\t\t<div class=\"elementor-element elementor-element-a15f11a elementor-widget elementor-widget-heading\" data-id=\"a15f11a\" data-element_type=\"widget\" data-widget_type=\"heading.default\">\n\t\t\t\t<div class=\"elementor-widget-container\">\n\t\t\t\t\t<h2 class=\"elementor-heading-title elementor-size-default\">Pol\u00edcia Civil deflagra opera\u00e7\u00e3o policial em investiga\u00e7\u00f5es que apuram roubos em Palho\u00e7a e prende um suspeito<\/h2>\t\t\t\t<\/div>\n\t\t\t\t<\/div>\n\t\t\t\t\t<\/div>\n\t\t<\/div>\n\t\t\t\t\t<\/div>\n\t\t<\/section>\n\t\t\t\t<section class=\"elementor-section elementor-top-section elementor-element elementor-element-e26d423 elementor-section-boxed elementor-section-height-default elementor-section-height-default\" data-id=\"e26d423\" data-element_type=\"section\">\n\t\t\t\t\t\t<div class=\"elementor-container elementor-column-gap-default\">\n\t\t\t\t\t<div class=\"elementor-column elementor-col-100 elementor-top-column elementor-element elementor-element-64aaa5b\" data-id=\"64aaa5b\" data-element_type=\"column\">\n\t\t\t<div class=\"elementor-widget-wrap elementor-element-populated\">\n\t\t\t\t\t\t<div class=\"elementor-element elementor-element-b8bbdd1 elementor-widget elementor-widget-image\" data-id=\"b8bbdd1\" data-element_type=\"widget\" data-widget_type=\"image.default\">\n\t\t\t\t<div class=\"elementor-widget-container\">\n\t\t\t\t\t\t\t\t\t\t\t\t\t\t\t<img fetchpriority=\"high\" decoding=\"async\" width=\"696\" height=\"321\" src=\"https:\/\/pc.sc.gov.br\/\/wp-content\/uploads\/2025\/04\/WhatsApp-Image-2025-04-11-at-11.57.13-1024x472.jpeg\" class=\"attachment-large size-large wp-image-28052\" alt=\"\" srcset=\"https:\/\/pc.sc.gov.br\/\/wp-content\/uploads\/2025\/04\/WhatsApp-Image-2025-04-11-at-11.57.13-1024x472.jpeg 1024w, https:\/\/pc.sc.gov.br\/\/wp-content\/uploads\/2025\/04\/WhatsApp-Image-2025-04-11-at-11.57.13-300x138.jpeg 300w, https:\/\/pc.sc.gov.br\/\/wp-content\/uploads\/2025\/04\/WhatsApp-Image-2025-04-11-at-11.57.13-768x354.jpeg 768w, https:\/\/pc.sc.gov.br\/\/wp-content\/uploads\/2025\/04\/WhatsApp-Image-2025-04-11-at-11.57.13-1536x708.jpeg 1536w, https:\/\/pc.sc.gov.br\/\/wp-content\/uploads\/2025\/04\/WhatsApp-Image-2025-04-11-at-11.57.13.jpeg 1600w\" sizes=\"(max-width: 696px) 100vw, 696px\" \/>\t\t\t\t\t\t\t\t\t\t\t\t\t\t\t<\/div>\n\t\t\t\t<\/div>\n\t\t\t\t\t<\/div>\n\t\t<\/div>\n\t\t\t\t\t<\/div>\n\t\t<\/section>\n\t\t\t\t<section class=\"elementor-section elementor-top-section elementor-element elementor-element-e1532d3 elementor-section-boxed elementor-section-height-default elementor-section-height-default\" data-id=\"e1532d3\" data-element_type=\"section\">\n\t\t\t\t\t\t<div class=\"elementor-container elementor-column-gap-default\">\n\t\t\t\t\t<div class=\"elementor-column elementor-col-100 elementor-top-column elementor-element elementor-element-da7fb49\" data-id=\"da7fb49\" data-element_type=\"column\">\n\t\t\t<div class=\"elementor-widget-wrap elementor-element-populated\">\n\t\t\t\t\t\t<div class=\"elementor-element elementor-element-e9b64e8 elementor-widget elementor-widget-text-editor\" data-id=\"e9b64e8\" data-element_type=\"widget\" data-widget_type=\"text-editor.default\">\n\t\t\t\t<div class=\"elementor-widget-container\">\n\t\t\t\t\t\t\t\t\t<p>Na manh\u00e3 desta sexta-feira (11\/04), a Pol\u00edcia Civil de Santa Catarina, por meio da Delegacia de Repress\u00e3o a Roubos do Departamento de Investiga\u00e7\u00e3o Criminal de Palho\u00e7a, deflagrou opera\u00e7\u00e3o policial com o objetivo de cumprir quatro mandados de busca e apreens\u00e3o e um mandado de pris\u00e3o. As ordens judiciais s\u00e3o referentes a dois roubos ocorridos em novembro de 2024 contra motoristas de aplicativo. Foram cumpridos tamb\u00e9m tr\u00eas mandados de busca e apreens\u00e3o e tr\u00eas de pris\u00e3o, referentes a um roubo a resid\u00eancia, ocorrido na Guarda do Cubat\u00e3o, na cidade de Palho\u00e7a, em mar\u00e7o de 2025.<\/p><p>Durante o cumprimento das dilig\u00eancias, foi preso, na cidade de S\u00e3o Jos\u00e9, um dos autores do roubo \u00e0 resid\u00eancia. Trata-se do motorista de aplicativo que teria levado ao local do delito tr\u00eas indiv\u00edduos armados, dois deles identificados pela Pol\u00edcia Civil. Tamb\u00e9m foram realizadas buscas com o objetivo de prender os outros dois autores, mas eles n\u00e3o foram localizados pelas equipes de investiga\u00e7\u00e3o.<\/p><p>Em um dos locais, apreendeu-se certa quantia de haxixe, al\u00e9m de r\u00e1dios de comunica\u00e7\u00e3o \u2013 o que indica que o local \u00e9 um ponto de comercializa\u00e7\u00e3o de entorpecentes. Ainda, foi apreendido o ve\u00edculo utilizado no crime, com autoriza\u00e7\u00e3o do Poder Judici\u00e1rio.<\/p><p>Com rela\u00e7\u00e3o aos roubos contra motoristas de aplicativo, foi recuperado um aparelho celular subtra\u00eddo de uma das v\u00edtimas, al\u00e9m de outros celulares e objetos de interesse para a investiga\u00e7\u00e3o dos crimes em quest\u00e3o. O roubo foi praticado por tr\u00eas indiv\u00edduos armados, um deles identificado pela Pol\u00edcia Civil, o qual teria fugido para o estado do Par\u00e1, raz\u00e3o pela qual ainda n\u00e3o foi localizado.<\/p><p>A Pol\u00edcia Civil, por meio das dilig\u00eancias realizadas, segue com o intuito de capturar os assaltantes foragidos, bem como identificar o terceiro indiv\u00edduo armado que entrou na resid\u00eancia, assim como os outros dois assaltantes que atacaram os motoristas de aplicativo.<\/p><p>Participaram da opera\u00e7\u00e3o os policiais da DIC de Palho\u00e7a, da Delegacia de Pol\u00edcia da cidade de Dois Vizinhos\/PR, da DIC da Capital, da DIC de S\u00e3o Jos\u00e9, da DPCO de Palho\u00e7a, da DPCAMI de S\u00e3o Jos\u00e9, da DPCO de Bigua\u00e7u, da 3\u00aa DP de S\u00e3o Jos\u00e9 e da 2\u00aa DP de S\u00e3o Jos\u00e9. Por fim, o trabalho contou com o apoio da Guarda Municipal de S\u00e3o Jos\u00e9 na identifica\u00e7\u00e3o do ve\u00edculo utilizado no assalto \u00e0 resid\u00eancia da Guarda de Cubat\u00e3o, bem como na sua retirada de circula\u00e7\u00e3o at\u00e9 o p\u00e1tio \u2013 local que ficar\u00e1 \u00e0 disposi\u00e7\u00e3o do Poder Judici\u00e1rio.<\/p>\t\t\t\t\t\t\t\t<\/div>\n\t\t\t\t<\/div>\n\t\t\t\t\t<\/div>\n\t\t<\/div>\n\t\t\t\t\t<\/div>\n\t\t<\/section>\n\t\t\t\t<section class=\"elementor-section elementor-top-section elementor-element elementor-element-26a7767 elementor-section-boxed elementor-section-height-default elementor-section-height-default\" data-id=\"26a7767\" data-element_type=\"section\">\n\t\t\t\t\t\t<div class=\"elementor-container elementor-column-gap-default\">\n\t\t\t\t\t<div class=\"elementor-column elementor-col-100 elementor-top-column elementor-element elementor-element-8046e8a\" data-id=\"8046e8a\" data-element_type=\"column\">\n\t\t\t<div class=\"elementor-widget-wrap elementor-element-populated\">\n\t\t\t\t\t\t<div class=\"elementor-element elementor-element-adcb2ed elementor-widget elementor-widget-image\" data-id=\"adcb2ed\" data-element_type=\"widget\" data-widget_type=\"image.default\">\n\t\t\t\t<div class=\"elementor-widget-container\">\n\t\t\t\t\t\t\t\t\t\t\t\t\t\t\t<img decoding=\"async\" width=\"696\" height=\"392\" src=\"https:\/\/pc.sc.gov.br\/\/wp-content\/uploads\/2025\/04\/WhatsApp-Image-2025-04-11-at-11.57.12-1-1024x576.jpeg\" class=\"attachment-large size-large wp-image-28051\" alt=\"\" srcset=\"https:\/\/pc.sc.gov.br\/\/wp-content\/uploads\/2025\/04\/WhatsApp-Image-2025-04-11-at-11.57.12-1-1024x576.jpeg 1024w, https:\/\/pc.sc.gov.br\/\/wp-content\/uploads\/2025\/04\/WhatsApp-Image-2025-04-11-at-11.57.12-1-300x169.jpeg 300w, https:\/\/pc.sc.gov.br\/\/wp-content\/uploads\/2025\/04\/WhatsApp-Image-2025-04-11-at-11.57.12-1-768x432.jpeg 768w, https:\/\/pc.sc.gov.br\/\/wp-content\/uploads\/2025\/04\/WhatsApp-Image-2025-04-11-at-11.57.12-1.jpeg 1280w\" sizes=\"(max-width: 696px) 100vw, 696px\" \/>\t\t\t\t\t\t\t\t\t\t\t\t\t\t\t<\/div>\n\t\t\t\t<\/div>\n\t\t\t\t\t<\/div>\n\t\t<\/div>\n\t\t\t\t\t<\/div>\n\t\t<\/section>\n\t\t\t\t<\/div>\n\t\t","protected":false},"excerpt":{"rendered":"<p>Pol\u00edcia Civil deflagra opera\u00e7\u00e3o policial em investiga\u00e7\u00f5es que apuram roubos em Palho\u00e7a e prende um suspeito Na manh\u00e3 desta sexta-feira (11\/04), a Pol\u00edcia Civil de Santa Catarina, por meio da Delegacia de Repress\u00e3o a Roubos do Departamento de Investiga\u00e7\u00e3o Criminal de Palho\u00e7a, deflagrou opera\u00e7\u00e3o policial com o objetivo de cumprir quatro mandados de busca e [&hellip;]<\/p>\n","protected":false},"author":5,"featured_media":28052,"comment_status":"closed","ping_status":"open","sticky":false,"template":"","format":"standard","meta":{"_monsterinsights_skip_tracking":false,"_monsterinsights_sitenote_active":false,"_monsterinsights_sitenote_note":"","_monsterinsights_sitenote_category":0,"footnotes":""},"categories":[1],"tags":[],"class_list":["post-28049","post","type-post","status-publish","format-standard","has-post-thumbnail","hentry","category-sem-categoria"],"_links":{"self":[{"href":"https:\/\/pc.sc.gov.br\/index.php?rest_route=\/wp\/v2\/posts\/28049","targetHints":{"allow":["GET"]}}],"collection":[{"href":"https:\/\/pc.sc.gov.br\/index.php?rest_route=\/wp\/v2\/posts"}],"about":[{"href":"https:\/\/pc.sc.gov.br\/index.php?rest_route=\/wp\/v2\/types\/post"}],"author":[{"embeddable":true,"href":"https:\/\/pc.sc.gov.br\/index.php?rest_route=\/wp\/v2\/users\/5"}],"replies":[{"embeddable":true,"href":"https:\/\/pc.sc.gov.br\/index.php?rest_route=%2Fwp%2Fv2%2Fcomments&post=28049"}],"version-history":[{"count":4,"href":"https:\/\/pc.sc.gov.br\/index.php?rest_route=\/wp\/v2\/posts\/28049\/revisions"}],"predecessor-version":[{"id":28056,"href":"https:\/\/pc.sc.gov.br\/index.php?rest_route=\/wp\/v2\/posts\/28049\/revisions\/28056"}],"wp:featuredmedia":[{"embeddable":true,"href":"https:\/\/pc.sc.gov.br\/index.php?rest_route=\/wp\/v2\/media\/28052"}],"wp:attachment":[{"href":"https:\/\/pc.sc.gov.br\/index.php?rest_route=%2Fwp%2Fv2%2Fmedia&parent=28049"}],"wp:term":[{"taxonomy":"category","embeddable":true,"href":"https:\/\/pc.sc.gov.br\/index.php?rest_route=%2Fwp%2Fv2%2Fcategories&post=28049"},{"taxonomy":"post_tag","embeddable":true,"href":"https:\/\/pc.sc.gov.br\/index.php?rest_route=%2Fwp%2Fv2%2Ftags&post=28049"}],"curies":[{"name":"wp","href":"https:\/\/api.w.org\/{rel}","templated":true}]}}