{"id":28064,"date":"2025-04-11T14:38:01","date_gmt":"2025-04-11T17:38:01","guid":{"rendered":"https:\/\/pc.sc.gov.br\/?p=28064"},"modified":"2025-04-11T14:41:46","modified_gmt":"2025-04-11T17:41:46","slug":"decod-de-itajai-prende-investigado-em-flagrante-e-apreende-33-quilos-de-maconha-alem-de-ecstasy-lsd-e-outros-objetos-ligados-ao-trafico","status":"publish","type":"post","link":"https:\/\/pc.sc.gov.br\/?p=28064","title":{"rendered":"DECOD de Itaja\u00ed prende investigado em flagrante e apreende 33 quilos de maconha al\u00e9m de ecstasy, LSD e outros objetos ligados ao tr\u00e1fico"},"content":{"rendered":"\t\t<div data-elementor-type=\"wp-post\" data-elementor-id=\"28064\" class=\"elementor elementor-28064\" data-elementor-post-type=\"post\">\n\t\t\t\t\t\t<section class=\"elementor-section elementor-top-section elementor-element elementor-element-248270f elementor-section-boxed elementor-section-height-default elementor-section-height-default\" data-id=\"248270f\" data-element_type=\"section\">\n\t\t\t\t\t\t<div class=\"elementor-container elementor-column-gap-default\">\n\t\t\t\t\t<div class=\"elementor-column elementor-col-100 elementor-top-column elementor-element elementor-element-a2340b2\" data-id=\"a2340b2\" data-element_type=\"column\">\n\t\t\t<div class=\"elementor-widget-wrap elementor-element-populated\">\n\t\t\t\t\t\t<div class=\"elementor-element elementor-element-0b819b5 elementor-widget elementor-widget-heading\" data-id=\"0b819b5\" data-element_type=\"widget\" data-widget_type=\"heading.default\">\n\t\t\t\t<div class=\"elementor-widget-container\">\n\t\t\t\t\t<h2 class=\"elementor-heading-title elementor-size-default\">DECOD de Itaja\u00ed prende investigado em flagrante e apreende 33 quilos de maconha,  al\u00e9m de ecstasy, LSD e outros objetos ligados ao tr\u00e1fico <\/h2>\t\t\t\t<\/div>\n\t\t\t\t<\/div>\n\t\t\t\t\t<\/div>\n\t\t<\/div>\n\t\t\t\t\t<\/div>\n\t\t<\/section>\n\t\t\t\t<section class=\"elementor-section elementor-top-section elementor-element elementor-element-78cf1ac elementor-section-boxed elementor-section-height-default elementor-section-height-default\" data-id=\"78cf1ac\" data-element_type=\"section\">\n\t\t\t\t\t\t<div class=\"elementor-container elementor-column-gap-default\">\n\t\t\t\t\t<div class=\"elementor-column elementor-col-100 elementor-top-column elementor-element elementor-element-14d1c8f\" data-id=\"14d1c8f\" data-element_type=\"column\">\n\t\t\t<div class=\"elementor-widget-wrap elementor-element-populated\">\n\t\t\t\t\t\t<div class=\"elementor-element elementor-element-f788431 elementor-widget elementor-widget-image\" data-id=\"f788431\" data-element_type=\"widget\" data-widget_type=\"image.default\">\n\t\t\t\t<div class=\"elementor-widget-container\">\n\t\t\t\t\t\t\t\t\t\t\t\t\t\t\t<img fetchpriority=\"high\" decoding=\"async\" width=\"242\" height=\"300\" src=\"https:\/\/pc.sc.gov.br\/\/wp-content\/uploads\/2025\/04\/WhatsApp-Image-2025-04-11-at-00.11.29-242x300.jpeg\" class=\"attachment-medium size-medium wp-image-28065\" alt=\"\" srcset=\"https:\/\/pc.sc.gov.br\/\/wp-content\/uploads\/2025\/04\/WhatsApp-Image-2025-04-11-at-00.11.29-242x300.jpeg 242w, https:\/\/pc.sc.gov.br\/\/wp-content\/uploads\/2025\/04\/WhatsApp-Image-2025-04-11-at-00.11.29-825x1024.jpeg 825w, https:\/\/pc.sc.gov.br\/\/wp-content\/uploads\/2025\/04\/WhatsApp-Image-2025-04-11-at-00.11.29-768x953.jpeg 768w, https:\/\/pc.sc.gov.br\/\/wp-content\/uploads\/2025\/04\/WhatsApp-Image-2025-04-11-at-00.11.29.jpeg 1031w\" sizes=\"(max-width: 242px) 100vw, 242px\" \/>\t\t\t\t\t\t\t\t\t\t\t\t\t\t\t<\/div>\n\t\t\t\t<\/div>\n\t\t\t\t\t<\/div>\n\t\t<\/div>\n\t\t\t\t\t<\/div>\n\t\t<\/section>\n\t\t\t\t<section class=\"elementor-section elementor-top-section elementor-element elementor-element-779d48f elementor-section-boxed elementor-section-height-default elementor-section-height-default\" data-id=\"779d48f\" data-element_type=\"section\">\n\t\t\t\t\t\t<div class=\"elementor-container elementor-column-gap-default\">\n\t\t\t\t\t<div class=\"elementor-column elementor-col-100 elementor-top-column elementor-element elementor-element-fdccf28\" data-id=\"fdccf28\" data-element_type=\"column\">\n\t\t\t<div class=\"elementor-widget-wrap elementor-element-populated\">\n\t\t\t\t\t\t<div class=\"elementor-element elementor-element-a2007ae elementor-widget elementor-widget-text-editor\" data-id=\"a2007ae\" data-element_type=\"widget\" data-widget_type=\"text-editor.default\">\n\t\t\t\t<div class=\"elementor-widget-container\">\n\t\t\t\t\t\t\t\t\t<p>A Pol\u00edcia Civil de Santa Catarina, por meio da Delegacia de Combate \u00e0s Drogas do Departamento de Investiga\u00e7\u00e3o Criminal de Itaja\u00ed (DECOD\/DIC), depois de monitoramento e dilig\u00eancias investigativas no Bairro S\u00e3o Vicente, Itaja\u00ed, nesta quarta-feira (09) prendeu em flagrante um indiv\u00edduo com grande quantidade de drogas, no caso 55 tabletes de maconha, totalizando 33,5kg de Maconha, 157 comprimidos de ecstasy, 13 micropontos de LSD, 5 cigarros eletr\u00f4nicos , R$68,00 em dinheiro, al\u00e9m de diversos objetos alusivos a trafic\u00e2ncia, como papel filme para embalar as drogas, inv\u00f3lucros pl\u00e1sticos, 02 aparelhos de telefone celular e 02 balan\u00e7as de precis\u00e3o.<\/p>\n<p>Trata-se de investiga\u00e7\u00e3o baseada em diversas den\u00fancias de tr\u00e1fico de drogas no local, em que o investigado seria um dos distribuidores de drogas no Bairro S\u00e3o Vicente\/Itaja\u00ed.&nbsp;<span style=\"letter-spacing: -0.2px;\">Foi representado pela convers\u00e3o da Pris\u00e3o em Flagrante Pris\u00e3o Preventiva, e logo depois da formaliza\u00e7\u00e3o do Auto de Pris\u00e3o em Flagrante, o preso foi encaminhado ao sistema penitenci\u00e1rio, onde permanece \u00e0 disposi\u00e7\u00e3o da Justi\u00e7a.<\/span><\/p>\t\t\t\t\t\t\t\t<\/div>\n\t\t\t\t<\/div>\n\t\t\t\t\t<\/div>\n\t\t<\/div>\n\t\t\t\t\t<\/div>\n\t\t<\/section>\n\t\t\t\t<\/div>\n\t\t","protected":false},"excerpt":{"rendered":"<p>DECOD de Itaja\u00ed prende investigado em flagrante e apreende 33 quilos de maconha, al\u00e9m de ecstasy, LSD e outros objetos ligados ao tr\u00e1fico A Pol\u00edcia Civil de Santa Catarina, por meio da Delegacia de Combate \u00e0s Drogas do Departamento de Investiga\u00e7\u00e3o Criminal de Itaja\u00ed (DECOD\/DIC), depois de monitoramento e dilig\u00eancias investigativas no Bairro S\u00e3o Vicente, [&hellip;]<\/p>\n","protected":false},"author":5,"featured_media":28066,"comment_status":"closed","ping_status":"open","sticky":false,"template":"","format":"standard","meta":{"_monsterinsights_skip_tracking":false,"_monsterinsights_sitenote_active":false,"_monsterinsights_sitenote_note":"","_monsterinsights_sitenote_category":0,"footnotes":""},"categories":[1],"tags":[],"class_list":["post-28064","post","type-post","status-publish","format-standard","has-post-thumbnail","hentry","category-sem-categoria"],"_links":{"self":[{"href":"https:\/\/pc.sc.gov.br\/index.php?rest_route=\/wp\/v2\/posts\/28064","targetHints":{"allow":["GET"]}}],"collection":[{"href":"https:\/\/pc.sc.gov.br\/index.php?rest_route=\/wp\/v2\/posts"}],"about":[{"href":"https:\/\/pc.sc.gov.br\/index.php?rest_route=\/wp\/v2\/types\/post"}],"author":[{"embeddable":true,"href":"https:\/\/pc.sc.gov.br\/index.php?rest_route=\/wp\/v2\/users\/5"}],"replies":[{"embeddable":true,"href":"https:\/\/pc.sc.gov.br\/index.php?rest_route=%2Fwp%2Fv2%2Fcomments&post=28064"}],"version-history":[{"count":3,"href":"https:\/\/pc.sc.gov.br\/index.php?rest_route=\/wp\/v2\/posts\/28064\/revisions"}],"predecessor-version":[{"id":28069,"href":"https:\/\/pc.sc.gov.br\/index.php?rest_route=\/wp\/v2\/posts\/28064\/revisions\/28069"}],"wp:featuredmedia":[{"embeddable":true,"href":"https:\/\/pc.sc.gov.br\/index.php?rest_route=\/wp\/v2\/media\/28066"}],"wp:attachment":[{"href":"https:\/\/pc.sc.gov.br\/index.php?rest_route=%2Fwp%2Fv2%2Fmedia&parent=28064"}],"wp:term":[{"taxonomy":"category","embeddable":true,"href":"https:\/\/pc.sc.gov.br\/index.php?rest_route=%2Fwp%2Fv2%2Fcategories&post=28064"},{"taxonomy":"post_tag","embeddable":true,"href":"https:\/\/pc.sc.gov.br\/index.php?rest_route=%2Fwp%2Fv2%2Ftags&post=28064"}],"curies":[{"name":"wp","href":"https:\/\/api.w.org\/{rel}","templated":true}]}}