{"id":28109,"date":"2025-04-14T16:56:43","date_gmt":"2025-04-14T19:56:43","guid":{"rendered":"https:\/\/pc.sc.gov.br\/?p=28109"},"modified":"2025-04-14T16:58:17","modified_gmt":"2025-04-14T19:58:17","slug":"pcsc-prende-homem-investigado-pelo-trafico-de-armas-e-drogas-em-timbe-do-sul","status":"publish","type":"post","link":"https:\/\/pc.sc.gov.br\/?p=28109","title":{"rendered":"PCSC prende homem investigado pelo tr\u00e1fico de armas e drogas em Timb\u00e9 do Sul"},"content":{"rendered":"\t\t<div data-elementor-type=\"wp-post\" data-elementor-id=\"28109\" class=\"elementor elementor-28109\" data-elementor-post-type=\"post\">\n\t\t\t\t\t\t<section class=\"elementor-section elementor-top-section elementor-element elementor-element-61c73c7 elementor-section-boxed elementor-section-height-default elementor-section-height-default\" data-id=\"61c73c7\" data-element_type=\"section\">\n\t\t\t\t\t\t<div class=\"elementor-container elementor-column-gap-default\">\n\t\t\t\t\t<div class=\"elementor-column elementor-col-100 elementor-top-column elementor-element elementor-element-1ac1020\" data-id=\"1ac1020\" data-element_type=\"column\">\n\t\t\t<div class=\"elementor-widget-wrap elementor-element-populated\">\n\t\t\t\t\t\t<div class=\"elementor-element elementor-element-0f99a02 elementor-widget elementor-widget-heading\" data-id=\"0f99a02\" data-element_type=\"widget\" data-widget_type=\"heading.default\">\n\t\t\t\t<div class=\"elementor-widget-container\">\n\t\t\t\t\t<h2 class=\"elementor-heading-title elementor-size-default\">PCSC prende homem investigado pelo tr\u00e1fico de armas e drogas em Timb\u00e9 do Sul<\/h2>\t\t\t\t<\/div>\n\t\t\t\t<\/div>\n\t\t\t\t\t<\/div>\n\t\t<\/div>\n\t\t\t\t\t<\/div>\n\t\t<\/section>\n\t\t\t\t<section class=\"elementor-section elementor-top-section elementor-element elementor-element-497f8f2 elementor-section-boxed elementor-section-height-default elementor-section-height-default\" data-id=\"497f8f2\" data-element_type=\"section\">\n\t\t\t\t\t\t<div class=\"elementor-container elementor-column-gap-default\">\n\t\t\t\t\t<div class=\"elementor-column elementor-col-100 elementor-top-column elementor-element elementor-element-f82168c\" data-id=\"f82168c\" data-element_type=\"column\">\n\t\t\t<div class=\"elementor-widget-wrap elementor-element-populated\">\n\t\t\t\t\t\t<div class=\"elementor-element elementor-element-3e804ab elementor-widget elementor-widget-image\" data-id=\"3e804ab\" data-element_type=\"widget\" data-widget_type=\"image.default\">\n\t\t\t\t<div class=\"elementor-widget-container\">\n\t\t\t\t\t\t\t\t\t\t\t\t\t\t\t<img fetchpriority=\"high\" decoding=\"async\" width=\"696\" height=\"469\" src=\"https:\/\/pc.sc.gov.br\/\/wp-content\/uploads\/2025\/04\/7bc09eaa-3194-4be7-9575-40970ea56c61-fotor-2025041416492.jpg\" class=\"attachment-large size-large wp-image-28110\" alt=\"\" srcset=\"https:\/\/pc.sc.gov.br\/\/wp-content\/uploads\/2025\/04\/7bc09eaa-3194-4be7-9575-40970ea56c61-fotor-2025041416492.jpg 900w, https:\/\/pc.sc.gov.br\/\/wp-content\/uploads\/2025\/04\/7bc09eaa-3194-4be7-9575-40970ea56c61-fotor-2025041416492-300x202.jpg 300w, https:\/\/pc.sc.gov.br\/\/wp-content\/uploads\/2025\/04\/7bc09eaa-3194-4be7-9575-40970ea56c61-fotor-2025041416492-768x517.jpg 768w\" sizes=\"(max-width: 696px) 100vw, 696px\" \/>\t\t\t\t\t\t\t\t\t\t\t\t\t\t\t<\/div>\n\t\t\t\t<\/div>\n\t\t\t\t\t<\/div>\n\t\t<\/div>\n\t\t\t\t\t<\/div>\n\t\t<\/section>\n\t\t\t\t<section class=\"elementor-section elementor-top-section elementor-element elementor-element-9d1a286 elementor-section-boxed elementor-section-height-default elementor-section-height-default\" data-id=\"9d1a286\" data-element_type=\"section\">\n\t\t\t\t\t\t<div class=\"elementor-container elementor-column-gap-default\">\n\t\t\t\t\t<div class=\"elementor-column elementor-col-100 elementor-top-column elementor-element elementor-element-f6cb5b0\" data-id=\"f6cb5b0\" data-element_type=\"column\">\n\t\t\t<div class=\"elementor-widget-wrap elementor-element-populated\">\n\t\t\t\t\t\t<div class=\"elementor-element elementor-element-3b94ffb elementor-widget elementor-widget-text-editor\" data-id=\"3b94ffb\" data-element_type=\"widget\" data-widget_type=\"text-editor.default\">\n\t\t\t\t<div class=\"elementor-widget-container\">\n\t\t\t\t\t\t\t\t\t<p>Nesta segunda-feira (14), a Pol\u00edcia Civil de Santa Catarina, por meio da Delegacia de Timb\u00e9 do Sul, realizou a pris\u00e3o de um homem na localidade de Urussanguinha. O homem praticava a venda de grande variedade de drogas, al\u00e9m de ser negociador de armas de fogo.<\/p>\n<p>O investigado \u00e9 dono de uma vasta ficha criminal, com dezenas de ocorr\u00eancias entre Rio Grande do Sul e Santa Catarina, com passagens por posse de armas de fogo, posse de colete a prova de balas, drogas, furtos, entre outros.<\/p>\n<p>No in\u00edcio do ano foi realizada opera\u00e7\u00e3o policial conjunta entre Pol\u00edcia Civil e Militar, que resultou na localiza\u00e7\u00e3o de drogas (maconha, coca\u00edna) e de um aparelho celular furtado na casa do homem. A investiga\u00e7\u00e3o foi intensificada e resultou na pris\u00e3o de hoje.<\/p>\n<p>Por volta das 14h, a Pol\u00edcia Civil realizou a pris\u00e3o do homem, e, em seguida, contando com apoio do canil da Pol\u00edcia Militar de Ararangu\u00e1, entraram na resid\u00eancia localizada no bairro Urussanguinha. Os c\u00e3es encontraram aproximadamente 100g de subst\u00e2ncia semelhante \u00e0 crack escondida em um matagal pr\u00f3ximo a resid\u00eancia. No interior foi encontrada balan\u00e7a de precis\u00e3o.<\/p>\n<p>O delegado Lucas Fernandes da Rosa, que coordenou a opera\u00e7\u00e3o, salientou que a Delegacia de Pol\u00edcia de Timb\u00e9 do Sul continua monitorando a situa\u00e7\u00e3o na localidade de Urussanguinha e busca por eventuais colaboradores do traficante para novas pris\u00f5es.<\/p>\t\t\t\t\t\t\t\t<\/div>\n\t\t\t\t<\/div>\n\t\t\t\t\t<\/div>\n\t\t<\/div>\n\t\t\t\t\t<\/div>\n\t\t<\/section>\n\t\t\t\t<\/div>\n\t\t","protected":false},"excerpt":{"rendered":"<p>PCSC prende homem investigado pelo tr\u00e1fico de armas e drogas em Timb\u00e9 do Sul Nesta segunda-feira (14), a Pol\u00edcia Civil de Santa Catarina, por meio da Delegacia de Timb\u00e9 do Sul, realizou a pris\u00e3o de um homem na localidade de Urussanguinha. O homem praticava a venda de grande variedade de drogas, al\u00e9m de ser negociador [&hellip;]<\/p>\n","protected":false},"author":5,"featured_media":28110,"comment_status":"closed","ping_status":"open","sticky":false,"template":"","format":"standard","meta":{"_monsterinsights_skip_tracking":false,"_monsterinsights_sitenote_active":false,"_monsterinsights_sitenote_note":"","_monsterinsights_sitenote_category":0,"footnotes":""},"categories":[1],"tags":[],"class_list":["post-28109","post","type-post","status-publish","format-standard","has-post-thumbnail","hentry","category-sem-categoria"],"_links":{"self":[{"href":"https:\/\/pc.sc.gov.br\/index.php?rest_route=\/wp\/v2\/posts\/28109","targetHints":{"allow":["GET"]}}],"collection":[{"href":"https:\/\/pc.sc.gov.br\/index.php?rest_route=\/wp\/v2\/posts"}],"about":[{"href":"https:\/\/pc.sc.gov.br\/index.php?rest_route=\/wp\/v2\/types\/post"}],"author":[{"embeddable":true,"href":"https:\/\/pc.sc.gov.br\/index.php?rest_route=\/wp\/v2\/users\/5"}],"replies":[{"embeddable":true,"href":"https:\/\/pc.sc.gov.br\/index.php?rest_route=%2Fwp%2Fv2%2Fcomments&post=28109"}],"version-history":[{"count":4,"href":"https:\/\/pc.sc.gov.br\/index.php?rest_route=\/wp\/v2\/posts\/28109\/revisions"}],"predecessor-version":[{"id":28114,"href":"https:\/\/pc.sc.gov.br\/index.php?rest_route=\/wp\/v2\/posts\/28109\/revisions\/28114"}],"wp:featuredmedia":[{"embeddable":true,"href":"https:\/\/pc.sc.gov.br\/index.php?rest_route=\/wp\/v2\/media\/28110"}],"wp:attachment":[{"href":"https:\/\/pc.sc.gov.br\/index.php?rest_route=%2Fwp%2Fv2%2Fmedia&parent=28109"}],"wp:term":[{"taxonomy":"category","embeddable":true,"href":"https:\/\/pc.sc.gov.br\/index.php?rest_route=%2Fwp%2Fv2%2Fcategories&post=28109"},{"taxonomy":"post_tag","embeddable":true,"href":"https:\/\/pc.sc.gov.br\/index.php?rest_route=%2Fwp%2Fv2%2Ftags&post=28109"}],"curies":[{"name":"wp","href":"https:\/\/api.w.org\/{rel}","templated":true}]}}