{"id":28121,"date":"2025-04-15T15:44:18","date_gmt":"2025-04-15T18:44:18","guid":{"rendered":"https:\/\/pc.sc.gov.br\/?p=28121"},"modified":"2025-04-15T15:45:28","modified_gmt":"2025-04-15T18:45:28","slug":"em-sao-francisco-do-sul-delegacia-de-capturas-da-deic-prende-homem-foragido-por-roubo-a-residencia","status":"publish","type":"post","link":"https:\/\/pc.sc.gov.br\/?p=28121","title":{"rendered":"Em S\u00e3o Francisco do Sul, Delegacia de Capturas da DEIC prende homem foragido por roubo \u00e0 resid\u00eancia"},"content":{"rendered":"\t\t<div data-elementor-type=\"wp-post\" data-elementor-id=\"28121\" class=\"elementor elementor-28121\" data-elementor-post-type=\"post\">\n\t\t\t\t\t\t<section class=\"elementor-section elementor-top-section elementor-element elementor-element-8cd2f2f elementor-section-boxed elementor-section-height-default elementor-section-height-default\" data-id=\"8cd2f2f\" data-element_type=\"section\">\n\t\t\t\t\t\t<div class=\"elementor-container elementor-column-gap-default\">\n\t\t\t\t\t<div class=\"elementor-column elementor-col-100 elementor-top-column elementor-element elementor-element-ffc09d7\" data-id=\"ffc09d7\" data-element_type=\"column\">\n\t\t\t<div class=\"elementor-widget-wrap elementor-element-populated\">\n\t\t\t\t\t\t<div class=\"elementor-element elementor-element-00136b3 elementor-widget elementor-widget-heading\" data-id=\"00136b3\" data-element_type=\"widget\" data-widget_type=\"heading.default\">\n\t\t\t\t<div class=\"elementor-widget-container\">\n\t\t\t\t\t<h2 class=\"elementor-heading-title elementor-size-default\">Em S\u00e3o Francisco do Sul, Delegacia de Capturas da DEIC prende homem foragido por roubo \u00e0 resid\u00eancia<\/h2>\t\t\t\t<\/div>\n\t\t\t\t<\/div>\n\t\t\t\t\t<\/div>\n\t\t<\/div>\n\t\t\t\t\t<\/div>\n\t\t<\/section>\n\t\t\t\t<section class=\"elementor-section elementor-top-section elementor-element elementor-element-879f97a elementor-section-boxed elementor-section-height-default elementor-section-height-default\" data-id=\"879f97a\" data-element_type=\"section\">\n\t\t\t\t\t\t<div class=\"elementor-container elementor-column-gap-default\">\n\t\t\t\t\t<div class=\"elementor-column elementor-col-100 elementor-top-column elementor-element elementor-element-e54a486\" data-id=\"e54a486\" data-element_type=\"column\">\n\t\t\t<div class=\"elementor-widget-wrap elementor-element-populated\">\n\t\t\t\t\t\t<div class=\"elementor-element elementor-element-c6360ff elementor-widget elementor-widget-image\" data-id=\"c6360ff\" data-element_type=\"widget\" data-widget_type=\"image.default\">\n\t\t\t\t<div class=\"elementor-widget-container\">\n\t\t\t\t\t\t\t\t\t\t\t\t\t\t\t<img fetchpriority=\"high\" decoding=\"async\" width=\"696\" height=\"907\" src=\"https:\/\/pc.sc.gov.br\/\/wp-content\/uploads\/2025\/04\/WhatsApp-Image-2025-04-15-at-15.25.11-e1744742642859-786x1024.jpeg\" class=\"attachment-large size-large wp-image-28122\" alt=\"\" srcset=\"https:\/\/pc.sc.gov.br\/\/wp-content\/uploads\/2025\/04\/WhatsApp-Image-2025-04-15-at-15.25.11-e1744742642859-786x1024.jpeg 786w, https:\/\/pc.sc.gov.br\/\/wp-content\/uploads\/2025\/04\/WhatsApp-Image-2025-04-15-at-15.25.11-e1744742642859-230x300.jpeg 230w, https:\/\/pc.sc.gov.br\/\/wp-content\/uploads\/2025\/04\/WhatsApp-Image-2025-04-15-at-15.25.11-e1744742642859-768x1001.jpeg 768w, https:\/\/pc.sc.gov.br\/\/wp-content\/uploads\/2025\/04\/WhatsApp-Image-2025-04-15-at-15.25.11-e1744742642859.jpeg 808w\" sizes=\"(max-width: 696px) 100vw, 696px\" \/>\t\t\t\t\t\t\t\t\t\t\t\t\t\t\t<\/div>\n\t\t\t\t<\/div>\n\t\t\t\t\t<\/div>\n\t\t<\/div>\n\t\t\t\t\t<\/div>\n\t\t<\/section>\n\t\t\t\t<section class=\"elementor-section elementor-top-section elementor-element elementor-element-e99802b elementor-section-boxed elementor-section-height-default elementor-section-height-default\" data-id=\"e99802b\" data-element_type=\"section\">\n\t\t\t\t\t\t<div class=\"elementor-container elementor-column-gap-default\">\n\t\t\t\t\t<div class=\"elementor-column elementor-col-100 elementor-top-column elementor-element elementor-element-81964ea\" data-id=\"81964ea\" data-element_type=\"column\">\n\t\t\t<div class=\"elementor-widget-wrap elementor-element-populated\">\n\t\t\t\t\t\t<div class=\"elementor-element elementor-element-7638a4b elementor-widget elementor-widget-text-editor\" data-id=\"7638a4b\" data-element_type=\"widget\" data-widget_type=\"text-editor.default\">\n\t\t\t\t<div class=\"elementor-widget-container\">\n\t\t\t\t\t\t\t\t\t<p>Nesta ter\u00e7a-feira (15\/04), a Pol\u00edcia Civil de Santa Catarina, por meio da Delegacia de Capturas da Diretoria Estadual de Investiga\u00e7\u00f5es Criminais (DECAP\/DEIC), cumpriu mandado de pris\u00e3o preventiva, expedido em desfavor de um homem pelo crime de roubo, previsto no artigo 157, \u00a72\u00b0, do C\u00f3digo Penal. A ordem judicial \u00e9 oriunda da Vara Criminal de Tai\u00f3. O homem foi localizado no Bairro Ubatuba, em S\u00e3o Francisco do Sul, onde, depois de identificado, foi abordado e preso.<\/p><p><strong>Entenda o caso<\/strong><\/p><p>Ap\u00f3s trabalho de investiga\u00e7\u00e3o, realizado pela Delegacia de Pol\u00edcia da Comarca de Tai\u00f3, identificou-se o homem como coautor do crime de roubo \u00e0 resid\u00eancia e foi solicitado \u00e0 DECAP\/DEIC apoio operacional para localizar e prender o foragido da Justi\u00e7a.<\/p><p>O foragido e outros dois comparsas cometeram o crime fortemente armados, com pistolas e armas longas. Durante a fuga, apenas um dos autores foi preso. Dessa forma, o homem preso hoje tinha conseguindo escapar ap\u00f3s a empreitada criminosa.<\/p><p>Assim, ap\u00f3s serem acionados via Portal de Foragidos da PCSC, os policiais civis da DECAP\/DEIC iniciaram as investiga\u00e7\u00f5es para localizar o paradeiro do homem, que, ap\u00f3s o crime, mudou-se para o litoral norte do Estado.<\/p><p><strong>Hist\u00f3rico criminal<\/strong><\/p><p>Ressalta-se que o homem preso hoje possui hist\u00f3rico de viol\u00eancia. Certa vez, atentou contra a vida de um policial militar, em uma ocorr\u00eancia em que tentou tomar a arma do policial. Nessa ocorr\u00eancia, o criminoso acionou o gatilho da arma. Contudo, a arma n\u00e3o disparou, pois o policial militar conseguiu colocar o dedo atr\u00e1s do gatilho, impedindo o funcionamento da arma com as m\u00e3os.<\/p><p>Den\u00fancias e informa\u00e7\u00f5es relacionadas a foragidos da Justi\u00e7a podem ser encaminhadas para o e-mail deic-capturas@pc.sc.gov.br. Al\u00e9m disso, pelo\u00a0<a href=\"https:\/\/sistemas.pc.sc.gov.br\/foragidos\/\"><strong>Portal Foragidos da PCSC<\/strong><\/a>\u00a0\u00e9 poss\u00edvel conhecer a rela\u00e7\u00e3o de procurados pela Justi\u00e7a. A Pol\u00edcia Civil de Santa Catarina garante o anonimato de quem prestar informa\u00e7\u00f5es sobre foragidos.<\/p>\t\t\t\t\t\t\t\t<\/div>\n\t\t\t\t<\/div>\n\t\t\t\t\t<\/div>\n\t\t<\/div>\n\t\t\t\t\t<\/div>\n\t\t<\/section>\n\t\t\t\t<\/div>\n\t\t","protected":false},"excerpt":{"rendered":"<p>Em S\u00e3o Francisco do Sul, Delegacia de Capturas da DEIC prende homem foragido por roubo \u00e0 resid\u00eancia Nesta ter\u00e7a-feira (15\/04), a Pol\u00edcia Civil de Santa Catarina, por meio da Delegacia de Capturas da Diretoria Estadual de Investiga\u00e7\u00f5es Criminais (DECAP\/DEIC), cumpriu mandado de pris\u00e3o preventiva, expedido em desfavor de um homem pelo crime de roubo, previsto [&hellip;]<\/p>\n","protected":false},"author":5,"featured_media":28122,"comment_status":"closed","ping_status":"open","sticky":false,"template":"","format":"standard","meta":{"_monsterinsights_skip_tracking":false,"_monsterinsights_sitenote_active":false,"_monsterinsights_sitenote_note":"","_monsterinsights_sitenote_category":0,"footnotes":""},"categories":[1],"tags":[],"class_list":["post-28121","post","type-post","status-publish","format-standard","has-post-thumbnail","hentry","category-sem-categoria"],"_links":{"self":[{"href":"https:\/\/pc.sc.gov.br\/index.php?rest_route=\/wp\/v2\/posts\/28121","targetHints":{"allow":["GET"]}}],"collection":[{"href":"https:\/\/pc.sc.gov.br\/index.php?rest_route=\/wp\/v2\/posts"}],"about":[{"href":"https:\/\/pc.sc.gov.br\/index.php?rest_route=\/wp\/v2\/types\/post"}],"author":[{"embeddable":true,"href":"https:\/\/pc.sc.gov.br\/index.php?rest_route=\/wp\/v2\/users\/5"}],"replies":[{"embeddable":true,"href":"https:\/\/pc.sc.gov.br\/index.php?rest_route=%2Fwp%2Fv2%2Fcomments&post=28121"}],"version-history":[{"count":4,"href":"https:\/\/pc.sc.gov.br\/index.php?rest_route=\/wp\/v2\/posts\/28121\/revisions"}],"predecessor-version":[{"id":28126,"href":"https:\/\/pc.sc.gov.br\/index.php?rest_route=\/wp\/v2\/posts\/28121\/revisions\/28126"}],"wp:featuredmedia":[{"embeddable":true,"href":"https:\/\/pc.sc.gov.br\/index.php?rest_route=\/wp\/v2\/media\/28122"}],"wp:attachment":[{"href":"https:\/\/pc.sc.gov.br\/index.php?rest_route=%2Fwp%2Fv2%2Fmedia&parent=28121"}],"wp:term":[{"taxonomy":"category","embeddable":true,"href":"https:\/\/pc.sc.gov.br\/index.php?rest_route=%2Fwp%2Fv2%2Fcategories&post=28121"},{"taxonomy":"post_tag","embeddable":true,"href":"https:\/\/pc.sc.gov.br\/index.php?rest_route=%2Fwp%2Fv2%2Ftags&post=28121"}],"curies":[{"name":"wp","href":"https:\/\/api.w.org\/{rel}","templated":true}]}}