{"id":28160,"date":"2025-04-15T18:12:18","date_gmt":"2025-04-15T21:12:18","guid":{"rendered":"https:\/\/pc.sc.gov.br\/?p=28160"},"modified":"2025-04-15T18:13:09","modified_gmt":"2025-04-15T21:13:09","slug":"em-curitibanos-pcsc-apreende-pe-de-maconha-com-mais-de-2-metros-de-altura","status":"publish","type":"post","link":"https:\/\/pc.sc.gov.br\/?p=28160","title":{"rendered":"Em Curitibanos, PCSC apreende p\u00e9 de maconha com mais de 2 metros de altura"},"content":{"rendered":"\t\t<div data-elementor-type=\"wp-post\" data-elementor-id=\"28160\" class=\"elementor elementor-28160\" data-elementor-post-type=\"post\">\n\t\t\t\t\t\t<section class=\"elementor-section elementor-top-section elementor-element elementor-element-a8883a9 elementor-section-boxed elementor-section-height-default elementor-section-height-default\" data-id=\"a8883a9\" data-element_type=\"section\">\n\t\t\t\t\t\t<div class=\"elementor-container elementor-column-gap-default\">\n\t\t\t\t\t<div class=\"elementor-column elementor-col-100 elementor-top-column elementor-element elementor-element-6b9e358\" data-id=\"6b9e358\" data-element_type=\"column\">\n\t\t\t<div class=\"elementor-widget-wrap elementor-element-populated\">\n\t\t\t\t\t\t<div class=\"elementor-element elementor-element-e373721 elementor-widget elementor-widget-heading\" data-id=\"e373721\" data-element_type=\"widget\" data-widget_type=\"heading.default\">\n\t\t\t\t<div class=\"elementor-widget-container\">\n\t\t\t\t\t<h2 class=\"elementor-heading-title elementor-size-default\">Em Curitibanos, PCSC apreende p\u00e9 de maconha com mais de 2 metros de altura<\/h2>\t\t\t\t<\/div>\n\t\t\t\t<\/div>\n\t\t\t\t\t<\/div>\n\t\t<\/div>\n\t\t\t\t\t<\/div>\n\t\t<\/section>\n\t\t\t\t<section class=\"elementor-section elementor-top-section elementor-element elementor-element-1e7d9dc elementor-section-boxed elementor-section-height-default elementor-section-height-default\" data-id=\"1e7d9dc\" data-element_type=\"section\">\n\t\t\t\t\t\t<div class=\"elementor-container elementor-column-gap-default\">\n\t\t\t\t\t<div class=\"elementor-column elementor-col-100 elementor-top-column elementor-element elementor-element-d3ca1fa\" data-id=\"d3ca1fa\" data-element_type=\"column\">\n\t\t\t<div class=\"elementor-widget-wrap elementor-element-populated\">\n\t\t\t\t\t\t<div class=\"elementor-element elementor-element-aa8bc4b elementor-widget elementor-widget-image\" data-id=\"aa8bc4b\" data-element_type=\"widget\" data-widget_type=\"image.default\">\n\t\t\t\t<div class=\"elementor-widget-container\">\n\t\t\t\t\t\t\t\t\t\t\t\t\t\t\t<img fetchpriority=\"high\" decoding=\"async\" width=\"696\" height=\"615\" src=\"https:\/\/pc.sc.gov.br\/\/wp-content\/uploads\/2025\/04\/21ddefd6-6a7f-4555-ab4a-8ff51d8a63ef-fotor-2025041518831-1024x905.jpg\" class=\"attachment-large size-large wp-image-28161\" alt=\"\" srcset=\"https:\/\/pc.sc.gov.br\/\/wp-content\/uploads\/2025\/04\/21ddefd6-6a7f-4555-ab4a-8ff51d8a63ef-fotor-2025041518831-1024x905.jpg 1024w, https:\/\/pc.sc.gov.br\/\/wp-content\/uploads\/2025\/04\/21ddefd6-6a7f-4555-ab4a-8ff51d8a63ef-fotor-2025041518831-300x265.jpg 300w, https:\/\/pc.sc.gov.br\/\/wp-content\/uploads\/2025\/04\/21ddefd6-6a7f-4555-ab4a-8ff51d8a63ef-fotor-2025041518831-768x678.jpg 768w, https:\/\/pc.sc.gov.br\/\/wp-content\/uploads\/2025\/04\/21ddefd6-6a7f-4555-ab4a-8ff51d8a63ef-fotor-2025041518831.jpg 1192w\" sizes=\"(max-width: 696px) 100vw, 696px\" \/>\t\t\t\t\t\t\t\t\t\t\t\t\t\t\t<\/div>\n\t\t\t\t<\/div>\n\t\t\t\t\t<\/div>\n\t\t<\/div>\n\t\t\t\t\t<\/div>\n\t\t<\/section>\n\t\t\t\t<section class=\"elementor-section elementor-top-section elementor-element elementor-element-30237a6 elementor-section-boxed elementor-section-height-default elementor-section-height-default\" data-id=\"30237a6\" data-element_type=\"section\">\n\t\t\t\t\t\t<div class=\"elementor-container elementor-column-gap-default\">\n\t\t\t\t\t<div class=\"elementor-column elementor-col-100 elementor-top-column elementor-element elementor-element-66e9d0c\" data-id=\"66e9d0c\" data-element_type=\"column\">\n\t\t\t<div class=\"elementor-widget-wrap elementor-element-populated\">\n\t\t\t\t\t\t<div class=\"elementor-element elementor-element-554b53a elementor-widget elementor-widget-text-editor\" data-id=\"554b53a\" data-element_type=\"widget\" data-widget_type=\"text-editor.default\">\n\t\t\t\t<div class=\"elementor-widget-container\">\n\t\t\t\t\t\t\t\t\t<p>Na tarde desta ter\u00e7a-feira (15),\u00a0 a Pol\u00edcia Civil de Santa Catarina, por meio da DIC de Curitibanos, realizou dilig\u00eancias no bairro Bom Jesus, onde localizou uma planta de maconha com mais de 2 metros de altura e pesando cerca de 2,5 kg.\u00a0<\/p><p>A planta estava sendo cultivada em um terreno, parcialmente escondida atr\u00e1s de um cobertor. No entanto, devido ao seu tamanho, algumas folhas j\u00e1 eram vis\u00edveis da rua. A resid\u00eancia fica pr\u00f3xima de uma creche do bairro Bom Jesus. Diante do flagrante, a planta foi arrancada e apreendida. Um inqu\u00e9rito policial foi instaurado para apurar os fatos.<\/p>\t\t\t\t\t\t\t\t<\/div>\n\t\t\t\t<\/div>\n\t\t\t\t\t<\/div>\n\t\t<\/div>\n\t\t\t\t\t<\/div>\n\t\t<\/section>\n\t\t\t\t<\/div>\n\t\t","protected":false},"excerpt":{"rendered":"<p>Em Curitibanos, PCSC apreende p\u00e9 de maconha com mais de 2 metros de altura Na tarde desta ter\u00e7a-feira (15),\u00a0 a Pol\u00edcia Civil de Santa Catarina, por meio da DIC de Curitibanos, realizou dilig\u00eancias no bairro Bom Jesus, onde localizou uma planta de maconha com mais de 2 metros de altura e pesando cerca de 2,5 [&hellip;]<\/p>\n","protected":false},"author":5,"featured_media":28161,"comment_status":"closed","ping_status":"open","sticky":false,"template":"","format":"standard","meta":{"_monsterinsights_skip_tracking":false,"_monsterinsights_sitenote_active":false,"_monsterinsights_sitenote_note":"","_monsterinsights_sitenote_category":0,"footnotes":""},"categories":[1],"tags":[],"class_list":["post-28160","post","type-post","status-publish","format-standard","has-post-thumbnail","hentry","category-sem-categoria"],"_links":{"self":[{"href":"https:\/\/pc.sc.gov.br\/index.php?rest_route=\/wp\/v2\/posts\/28160","targetHints":{"allow":["GET"]}}],"collection":[{"href":"https:\/\/pc.sc.gov.br\/index.php?rest_route=\/wp\/v2\/posts"}],"about":[{"href":"https:\/\/pc.sc.gov.br\/index.php?rest_route=\/wp\/v2\/types\/post"}],"author":[{"embeddable":true,"href":"https:\/\/pc.sc.gov.br\/index.php?rest_route=\/wp\/v2\/users\/5"}],"replies":[{"embeddable":true,"href":"https:\/\/pc.sc.gov.br\/index.php?rest_route=%2Fwp%2Fv2%2Fcomments&post=28160"}],"version-history":[{"count":4,"href":"https:\/\/pc.sc.gov.br\/index.php?rest_route=\/wp\/v2\/posts\/28160\/revisions"}],"predecessor-version":[{"id":28165,"href":"https:\/\/pc.sc.gov.br\/index.php?rest_route=\/wp\/v2\/posts\/28160\/revisions\/28165"}],"wp:featuredmedia":[{"embeddable":true,"href":"https:\/\/pc.sc.gov.br\/index.php?rest_route=\/wp\/v2\/media\/28161"}],"wp:attachment":[{"href":"https:\/\/pc.sc.gov.br\/index.php?rest_route=%2Fwp%2Fv2%2Fmedia&parent=28160"}],"wp:term":[{"taxonomy":"category","embeddable":true,"href":"https:\/\/pc.sc.gov.br\/index.php?rest_route=%2Fwp%2Fv2%2Fcategories&post=28160"},{"taxonomy":"post_tag","embeddable":true,"href":"https:\/\/pc.sc.gov.br\/index.php?rest_route=%2Fwp%2Fv2%2Ftags&post=28160"}],"curies":[{"name":"wp","href":"https:\/\/api.w.org\/{rel}","templated":true}]}}