{"id":28173,"date":"2025-04-16T16:40:00","date_gmt":"2025-04-16T19:40:00","guid":{"rendered":"https:\/\/pc.sc.gov.br\/?p=28173"},"modified":"2025-04-16T16:42:02","modified_gmt":"2025-04-16T19:42:02","slug":"aumento-de-215-para-servidores-da-seguranca-publica-proposto-pelo-governador-jorginho-mello-e-aprovado-pela-assembleia-legislativa","status":"publish","type":"post","link":"https:\/\/pc.sc.gov.br\/?p=28173","title":{"rendered":"Aumento de 21,5% para servidores da Seguran\u00e7a P\u00fablica proposto pelo governador Jorginho Mello \u00e9 aprovado pela Assembleia Legislativa"},"content":{"rendered":"\t\t<div data-elementor-type=\"wp-post\" data-elementor-id=\"28173\" class=\"elementor elementor-28173\" data-elementor-post-type=\"post\">\n\t\t\t\t\t\t<section class=\"elementor-section elementor-top-section elementor-element elementor-element-d4292b6 elementor-section-boxed elementor-section-height-default elementor-section-height-default\" data-id=\"d4292b6\" data-element_type=\"section\">\n\t\t\t\t\t\t<div class=\"elementor-container elementor-column-gap-default\">\n\t\t\t\t\t<div class=\"elementor-column elementor-col-100 elementor-top-column elementor-element elementor-element-7dfce66\" data-id=\"7dfce66\" data-element_type=\"column\">\n\t\t\t<div class=\"elementor-widget-wrap elementor-element-populated\">\n\t\t\t\t\t\t<div class=\"elementor-element elementor-element-87e0f04 elementor-widget elementor-widget-heading\" data-id=\"87e0f04\" data-element_type=\"widget\" data-widget_type=\"heading.default\">\n\t\t\t\t<div class=\"elementor-widget-container\">\n\t\t\t\t\t<h2 class=\"elementor-heading-title elementor-size-default\">Aumento de 21,5% para servidores da Seguran\u00e7a P\u00fablica proposto pelo governador Jorginho Mello \u00e9 aprovado pela Assembleia Legislativa<\/h2>\t\t\t\t<\/div>\n\t\t\t\t<\/div>\n\t\t\t\t\t<\/div>\n\t\t<\/div>\n\t\t\t\t\t<\/div>\n\t\t<\/section>\n\t\t\t\t<section class=\"elementor-section elementor-top-section elementor-element elementor-element-0d3eb68 elementor-section-boxed elementor-section-height-default elementor-section-height-default\" data-id=\"0d3eb68\" data-element_type=\"section\">\n\t\t\t\t\t\t<div class=\"elementor-container elementor-column-gap-default\">\n\t\t\t\t\t<div class=\"elementor-column elementor-col-100 elementor-top-column elementor-element elementor-element-2c44f1d\" data-id=\"2c44f1d\" data-element_type=\"column\">\n\t\t\t<div class=\"elementor-widget-wrap elementor-element-populated\">\n\t\t\t\t\t\t<div class=\"elementor-element elementor-element-0c57b74 elementor-widget elementor-widget-image\" data-id=\"0c57b74\" data-element_type=\"widget\" data-widget_type=\"image.default\">\n\t\t\t\t<div class=\"elementor-widget-container\">\n\t\t\t\t\t\t\t\t\t\t\t\t\t\t\t<img fetchpriority=\"high\" decoding=\"async\" width=\"696\" height=\"464\" src=\"https:\/\/pc.sc.gov.br\/\/wp-content\/uploads\/2025\/04\/AUMENTO-1024x683.jpg\" class=\"attachment-large size-large wp-image-28174\" alt=\"\" srcset=\"https:\/\/pc.sc.gov.br\/\/wp-content\/uploads\/2025\/04\/AUMENTO-1024x683.jpg 1024w, https:\/\/pc.sc.gov.br\/\/wp-content\/uploads\/2025\/04\/AUMENTO-300x200.jpg 300w, https:\/\/pc.sc.gov.br\/\/wp-content\/uploads\/2025\/04\/AUMENTO-768x512.jpg 768w, https:\/\/pc.sc.gov.br\/\/wp-content\/uploads\/2025\/04\/AUMENTO.jpg 1500w\" sizes=\"(max-width: 696px) 100vw, 696px\" \/>\t\t\t\t\t\t\t\t\t\t\t\t\t\t\t<\/div>\n\t\t\t\t<\/div>\n\t\t\t\t\t<\/div>\n\t\t<\/div>\n\t\t\t\t\t<\/div>\n\t\t<\/section>\n\t\t\t\t<section class=\"elementor-section elementor-top-section elementor-element elementor-element-6d0543f elementor-section-boxed elementor-section-height-default elementor-section-height-default\" data-id=\"6d0543f\" data-element_type=\"section\">\n\t\t\t\t\t\t<div class=\"elementor-container elementor-column-gap-default\">\n\t\t\t\t\t<div class=\"elementor-column elementor-col-100 elementor-top-column elementor-element elementor-element-816396a\" data-id=\"816396a\" data-element_type=\"column\">\n\t\t\t<div class=\"elementor-widget-wrap elementor-element-populated\">\n\t\t\t\t\t\t<div class=\"elementor-element elementor-element-5022871 elementor-widget elementor-widget-text-editor\" data-id=\"5022871\" data-element_type=\"widget\" data-widget_type=\"text-editor.default\">\n\t\t\t\t<div class=\"elementor-widget-container\">\n\t\t\t\t\t\t\t\t\t<p>A Assembleia Legislativa aprovou nesta quarta-feira, 16\/04, o aumento salarial de 21,5% proposto pelo governador Jorginho Mello aos servidores que atuam na Seguran\u00e7a P\u00fablica de Santa Catarina. O reajuste contempla mais de 35 mil profissionais. S\u00e3o 20,4 mil ativos e outros 14,9 mil inativos vinculados \u00e0s pol\u00edcias Civil, Militar e Cient\u00edfica, al\u00e9m dos Bombeiros Militares e das secretarias de Estado da Seguran\u00e7a P\u00fablica (SSP\/SC) e da Justi\u00e7a e Reintegra\u00e7\u00e3o Social (SEJURI).<\/p><p>\u201c\u00c9 nosso dever valorizar aqueles que cuidam e protegem a nossa gente. Este \u00e9 um compromisso que assumi no meu Plano de Governo. Com o aumento de 21,5% no sal\u00e1rio destes servidores aprovado com o apoio da Assembleia Legislativa, estamos reconhecendo o trabalho fundamental dos profissionais que arriscam suas vidas para que Santa Catarina continue sendo o Estado mais seguro do Brasil\u201d, afirmou o governador Jorginho Mello.<\/p><p>Este \u00e9 o maior aumento real j\u00e1 concedido \u00e0s carreiras da Seguran\u00e7a P\u00fablica de Santa Catarina. O c\u00e1lculo leva em conta a infla\u00e7\u00e3o de 9% acumulada entre 2023 e 2024. Quando totalmente implementado, o reajuste salarial representar\u00e1 um investimento anual de R$ 1,4 bilh\u00e3o na valoriza\u00e7\u00e3o das carreiras que integram as For\u00e7as de Seguran\u00e7a. Para exemplificar: um servidor com remunera\u00e7\u00e3o atual de R$ 8 mil, que \u00e9 a m\u00e9dia paga hoje para um cabo da PMSC, passar\u00e1 a receber R$ 9,7 mil em abril de 2026.<\/p><p>O reajuste ser\u00e1 concedido em tr\u00eas parcelas. O primeiro aumento conta com 1\/3 dos 21,5% para todos os servidores da Seguran\u00e7a P\u00fablica. A segunda parcela ser\u00e1 concedida em dezembro de 2025 e a terceira em abril de 2026, totalizando o percentual de aumento anunciado pelo governador Jorginho Mello.<\/p><p>A primeira parcela do reajuste ser\u00e1 paga na folha de maio. Na pr\u00e1tica, os servidores das For\u00e7as de Seguran\u00e7a de SC devem receber o aumento no sal\u00e1rio pago em 30 de maio, que \u00e9 o \u00faltimo dia \u00fatil do m\u00eas.<\/p>\t\t\t\t\t\t\t\t<\/div>\n\t\t\t\t<\/div>\n\t\t\t\t\t<\/div>\n\t\t<\/div>\n\t\t\t\t\t<\/div>\n\t\t<\/section>\n\t\t\t\t<\/div>\n\t\t","protected":false},"excerpt":{"rendered":"<p>Aumento de 21,5% para servidores da Seguran\u00e7a P\u00fablica proposto pelo governador Jorginho Mello \u00e9 aprovado pela Assembleia Legislativa A Assembleia Legislativa aprovou nesta quarta-feira, 16\/04, o aumento salarial de 21,5% proposto pelo governador Jorginho Mello aos servidores que atuam na Seguran\u00e7a P\u00fablica de Santa Catarina. O reajuste contempla mais de 35 mil profissionais. S\u00e3o 20,4 [&hellip;]<\/p>\n","protected":false},"author":5,"featured_media":28174,"comment_status":"closed","ping_status":"open","sticky":false,"template":"","format":"standard","meta":{"_monsterinsights_skip_tracking":false,"_monsterinsights_sitenote_active":false,"_monsterinsights_sitenote_note":"","_monsterinsights_sitenote_category":0,"footnotes":""},"categories":[1],"tags":[],"class_list":["post-28173","post","type-post","status-publish","format-standard","has-post-thumbnail","hentry","category-sem-categoria"],"_links":{"self":[{"href":"https:\/\/pc.sc.gov.br\/index.php?rest_route=\/wp\/v2\/posts\/28173","targetHints":{"allow":["GET"]}}],"collection":[{"href":"https:\/\/pc.sc.gov.br\/index.php?rest_route=\/wp\/v2\/posts"}],"about":[{"href":"https:\/\/pc.sc.gov.br\/index.php?rest_route=\/wp\/v2\/types\/post"}],"author":[{"embeddable":true,"href":"https:\/\/pc.sc.gov.br\/index.php?rest_route=\/wp\/v2\/users\/5"}],"replies":[{"embeddable":true,"href":"https:\/\/pc.sc.gov.br\/index.php?rest_route=%2Fwp%2Fv2%2Fcomments&post=28173"}],"version-history":[{"count":3,"href":"https:\/\/pc.sc.gov.br\/index.php?rest_route=\/wp\/v2\/posts\/28173\/revisions"}],"predecessor-version":[{"id":28177,"href":"https:\/\/pc.sc.gov.br\/index.php?rest_route=\/wp\/v2\/posts\/28173\/revisions\/28177"}],"wp:featuredmedia":[{"embeddable":true,"href":"https:\/\/pc.sc.gov.br\/index.php?rest_route=\/wp\/v2\/media\/28174"}],"wp:attachment":[{"href":"https:\/\/pc.sc.gov.br\/index.php?rest_route=%2Fwp%2Fv2%2Fmedia&parent=28173"}],"wp:term":[{"taxonomy":"category","embeddable":true,"href":"https:\/\/pc.sc.gov.br\/index.php?rest_route=%2Fwp%2Fv2%2Fcategories&post=28173"},{"taxonomy":"post_tag","embeddable":true,"href":"https:\/\/pc.sc.gov.br\/index.php?rest_route=%2Fwp%2Fv2%2Ftags&post=28173"}],"curies":[{"name":"wp","href":"https:\/\/api.w.org\/{rel}","templated":true}]}}