{"id":28184,"date":"2025-04-22T17:28:02","date_gmt":"2025-04-22T20:28:02","guid":{"rendered":"https:\/\/pc.sc.gov.br\/?p=28184"},"modified":"2025-04-22T17:29:06","modified_gmt":"2025-04-22T20:29:06","slug":"dic-de-lages-prende-tres-pessoas-suspeita-de-envolvimento-em-crime-de-latrocinio","status":"publish","type":"post","link":"https:\/\/pc.sc.gov.br\/?p=28184","title":{"rendered":"DIC de Lages prende tr\u00eas pessoas suspeitas de envolvimento em crime de latroc\u00ednio"},"content":{"rendered":"\t\t<div data-elementor-type=\"wp-post\" data-elementor-id=\"28184\" class=\"elementor elementor-28184\" data-elementor-post-type=\"post\">\n\t\t\t\t\t\t<section class=\"elementor-section elementor-top-section elementor-element elementor-element-1c863a9 elementor-section-boxed elementor-section-height-default elementor-section-height-default\" data-id=\"1c863a9\" data-element_type=\"section\">\n\t\t\t\t\t\t<div class=\"elementor-container elementor-column-gap-default\">\n\t\t\t\t\t<div class=\"elementor-column elementor-col-100 elementor-top-column elementor-element elementor-element-41e9ecf\" data-id=\"41e9ecf\" data-element_type=\"column\">\n\t\t\t<div class=\"elementor-widget-wrap elementor-element-populated\">\n\t\t\t\t\t\t<div class=\"elementor-element elementor-element-99bab1c elementor-widget elementor-widget-heading\" data-id=\"99bab1c\" data-element_type=\"widget\" data-widget_type=\"heading.default\">\n\t\t\t\t<div class=\"elementor-widget-container\">\n\t\t\t\t\t<h2 class=\"elementor-heading-title elementor-size-default\">DIC de Lages prende tr\u00eas pessoas suspeitas de envolvimento em crime de latroc\u00ednio <\/h2>\t\t\t\t<\/div>\n\t\t\t\t<\/div>\n\t\t\t\t\t<\/div>\n\t\t<\/div>\n\t\t\t\t\t<\/div>\n\t\t<\/section>\n\t\t\t\t<section class=\"elementor-section elementor-top-section elementor-element elementor-element-0331746 elementor-section-boxed elementor-section-height-default elementor-section-height-default\" data-id=\"0331746\" data-element_type=\"section\">\n\t\t\t\t\t\t<div class=\"elementor-container elementor-column-gap-default\">\n\t\t\t\t\t<div class=\"elementor-column elementor-col-100 elementor-top-column elementor-element elementor-element-ae00600\" data-id=\"ae00600\" data-element_type=\"column\">\n\t\t\t<div class=\"elementor-widget-wrap elementor-element-populated\">\n\t\t\t\t\t\t<div class=\"elementor-element elementor-element-740e118 elementor-widget elementor-widget-image\" data-id=\"740e118\" data-element_type=\"widget\" data-widget_type=\"image.default\">\n\t\t\t\t<div class=\"elementor-widget-container\">\n\t\t\t\t\t\t\t\t\t\t\t\t\t\t\t<img fetchpriority=\"high\" decoding=\"async\" width=\"696\" height=\"621\" src=\"https:\/\/pc.sc.gov.br\/\/wp-content\/uploads\/2025\/04\/2cb7308f-29b5-4978-b474-c301219700ae-fotor-20250409141822.jpg\" class=\"attachment-large size-large wp-image-28185\" alt=\"\" srcset=\"https:\/\/pc.sc.gov.br\/\/wp-content\/uploads\/2025\/04\/2cb7308f-29b5-4978-b474-c301219700ae-fotor-20250409141822.jpg 866w, https:\/\/pc.sc.gov.br\/\/wp-content\/uploads\/2025\/04\/2cb7308f-29b5-4978-b474-c301219700ae-fotor-20250409141822-300x268.jpg 300w, https:\/\/pc.sc.gov.br\/\/wp-content\/uploads\/2025\/04\/2cb7308f-29b5-4978-b474-c301219700ae-fotor-20250409141822-768x686.jpg 768w\" sizes=\"(max-width: 696px) 100vw, 696px\" \/>\t\t\t\t\t\t\t\t\t\t\t\t\t\t\t<\/div>\n\t\t\t\t<\/div>\n\t\t\t\t\t<\/div>\n\t\t<\/div>\n\t\t\t\t\t<\/div>\n\t\t<\/section>\n\t\t\t\t<section class=\"elementor-section elementor-top-section elementor-element elementor-element-26a9bb3 elementor-section-boxed elementor-section-height-default elementor-section-height-default\" data-id=\"26a9bb3\" data-element_type=\"section\">\n\t\t\t\t\t\t<div class=\"elementor-container elementor-column-gap-default\">\n\t\t\t\t\t<div class=\"elementor-column elementor-col-100 elementor-top-column elementor-element elementor-element-748ffae\" data-id=\"748ffae\" data-element_type=\"column\">\n\t\t\t<div class=\"elementor-widget-wrap elementor-element-populated\">\n\t\t\t\t\t\t<div class=\"elementor-element elementor-element-a9fbc9a elementor-widget elementor-widget-text-editor\" data-id=\"a9fbc9a\" data-element_type=\"widget\" data-widget_type=\"text-editor.default\">\n\t\t\t\t<div class=\"elementor-widget-container\">\n\t\t\t\t\t\t\t\t\t<p>A Pol\u00edcia Civil de Santa Catarina, por meio da Delegacia de Investiga\u00e7\u00e3o Criminal (DIC) de Lages, realizou opera\u00e7\u00e3o policial nesta ter\u00e7a-feira (22), para o cumprimento de 3 mandados de busca e apreens\u00e3o e 2 mandados de pris\u00f5es tempor\u00e1rias.<\/p><p>As investiga\u00e7\u00f5es visam apurar crime de latroc\u00ednio, ocorrido no dia 15 de mar\u00e7o de 2025, no bairro Morro do Posto, Lages\/SC, no qual foi morto um indiv\u00edduo, natural de Lages.<\/p><p>Ao todo foram presas 3 pessoas, investigadas pelo envolvimento na pr\u00e1tica delitiva e a motiva\u00e7\u00e3o do crime, a princ\u00edpio, foi para viabilizar a subtra\u00e7\u00e3o dos bens da v\u00edtima. Os investigados est\u00e3o presos nas Unidades Prisionais de Lages e Ituporanga, \u00e0 disposi\u00e7\u00e3o da justi\u00e7a.\u00a0<\/p><div>\u00a0<\/div>\t\t\t\t\t\t\t\t<\/div>\n\t\t\t\t<\/div>\n\t\t\t\t\t<\/div>\n\t\t<\/div>\n\t\t\t\t\t<\/div>\n\t\t<\/section>\n\t\t\t\t<\/div>\n\t\t","protected":false},"excerpt":{"rendered":"<p>DIC de Lages prende tr\u00eas pessoas suspeitas de envolvimento em crime de latroc\u00ednio A Pol\u00edcia Civil de Santa Catarina, por meio da Delegacia de Investiga\u00e7\u00e3o Criminal (DIC) de Lages, realizou opera\u00e7\u00e3o policial nesta ter\u00e7a-feira (22), para o cumprimento de 3 mandados de busca e apreens\u00e3o e 2 mandados de pris\u00f5es tempor\u00e1rias. As investiga\u00e7\u00f5es visam apurar [&hellip;]<\/p>\n","protected":false},"author":5,"featured_media":28185,"comment_status":"closed","ping_status":"open","sticky":false,"template":"","format":"standard","meta":{"_monsterinsights_skip_tracking":false,"_monsterinsights_sitenote_active":false,"_monsterinsights_sitenote_note":"","_monsterinsights_sitenote_category":0,"footnotes":""},"categories":[1],"tags":[],"class_list":["post-28184","post","type-post","status-publish","format-standard","has-post-thumbnail","hentry","category-sem-categoria"],"_links":{"self":[{"href":"https:\/\/pc.sc.gov.br\/index.php?rest_route=\/wp\/v2\/posts\/28184","targetHints":{"allow":["GET"]}}],"collection":[{"href":"https:\/\/pc.sc.gov.br\/index.php?rest_route=\/wp\/v2\/posts"}],"about":[{"href":"https:\/\/pc.sc.gov.br\/index.php?rest_route=\/wp\/v2\/types\/post"}],"author":[{"embeddable":true,"href":"https:\/\/pc.sc.gov.br\/index.php?rest_route=\/wp\/v2\/users\/5"}],"replies":[{"embeddable":true,"href":"https:\/\/pc.sc.gov.br\/index.php?rest_route=%2Fwp%2Fv2%2Fcomments&post=28184"}],"version-history":[{"count":5,"href":"https:\/\/pc.sc.gov.br\/index.php?rest_route=\/wp\/v2\/posts\/28184\/revisions"}],"predecessor-version":[{"id":28190,"href":"https:\/\/pc.sc.gov.br\/index.php?rest_route=\/wp\/v2\/posts\/28184\/revisions\/28190"}],"wp:featuredmedia":[{"embeddable":true,"href":"https:\/\/pc.sc.gov.br\/index.php?rest_route=\/wp\/v2\/media\/28185"}],"wp:attachment":[{"href":"https:\/\/pc.sc.gov.br\/index.php?rest_route=%2Fwp%2Fv2%2Fmedia&parent=28184"}],"wp:term":[{"taxonomy":"category","embeddable":true,"href":"https:\/\/pc.sc.gov.br\/index.php?rest_route=%2Fwp%2Fv2%2Fcategories&post=28184"},{"taxonomy":"post_tag","embeddable":true,"href":"https:\/\/pc.sc.gov.br\/index.php?rest_route=%2Fwp%2Fv2%2Ftags&post=28184"}],"curies":[{"name":"wp","href":"https:\/\/api.w.org\/{rel}","templated":true}]}}