{"id":28196,"date":"2025-04-24T13:29:26","date_gmt":"2025-04-24T16:29:26","guid":{"rendered":"https:\/\/pc.sc.gov.br\/?p=28196"},"modified":"2025-04-24T13:31:20","modified_gmt":"2025-04-24T16:31:20","slug":"pcsc-prende-tres-pessoas-suspeitas-de-homicidio-e-apreende-armas-e-municoes-em-alfredo-wagner-e-bom-retiro","status":"publish","type":"post","link":"https:\/\/pc.sc.gov.br\/?p=28196","title":{"rendered":"PCSC prende tr\u00eas pessoas investigadas pelo crime de homic\u00eddio e apreende armas e muni\u00e7\u00f5es em Alfredo Wagner e Bom Retiro"},"content":{"rendered":"\t\t<div data-elementor-type=\"wp-post\" data-elementor-id=\"28196\" class=\"elementor elementor-28196\" data-elementor-post-type=\"post\">\n\t\t\t\t\t\t<section class=\"elementor-section elementor-top-section elementor-element elementor-element-f3be667 elementor-section-boxed elementor-section-height-default elementor-section-height-default\" data-id=\"f3be667\" data-element_type=\"section\">\n\t\t\t\t\t\t<div class=\"elementor-container elementor-column-gap-default\">\n\t\t\t\t\t<div class=\"elementor-column elementor-col-100 elementor-top-column elementor-element elementor-element-8f3da26\" data-id=\"8f3da26\" data-element_type=\"column\">\n\t\t\t<div class=\"elementor-widget-wrap elementor-element-populated\">\n\t\t\t\t\t\t<div class=\"elementor-element elementor-element-0f3756d elementor-widget elementor-widget-heading\" data-id=\"0f3756d\" data-element_type=\"widget\" data-widget_type=\"heading.default\">\n\t\t\t\t<div class=\"elementor-widget-container\">\n\t\t\t\t\t<h2 class=\"elementor-heading-title elementor-size-default\">PCSC prende tr\u00eas pessoas investigadas pelo crime de homic\u00eddio e apreende armas e muni\u00e7\u00f5es em Alfredo Wagner e Bom Retiro<\/h2>\t\t\t\t<\/div>\n\t\t\t\t<\/div>\n\t\t\t\t\t<\/div>\n\t\t<\/div>\n\t\t\t\t\t<\/div>\n\t\t<\/section>\n\t\t\t\t<section class=\"elementor-section elementor-top-section elementor-element elementor-element-e4fa5c7 elementor-section-boxed elementor-section-height-default elementor-section-height-default\" data-id=\"e4fa5c7\" data-element_type=\"section\">\n\t\t\t\t\t\t<div class=\"elementor-container elementor-column-gap-default\">\n\t\t\t\t\t<div class=\"elementor-column elementor-col-100 elementor-top-column elementor-element elementor-element-cf722bf\" data-id=\"cf722bf\" data-element_type=\"column\">\n\t\t\t<div class=\"elementor-widget-wrap elementor-element-populated\">\n\t\t\t\t\t\t<div class=\"elementor-element elementor-element-28505d8 elementor-widget elementor-widget-image\" data-id=\"28505d8\" data-element_type=\"widget\" data-widget_type=\"image.default\">\n\t\t\t\t<div class=\"elementor-widget-container\">\n\t\t\t\t\t\t\t\t\t\t\t\t\t\t\t<img fetchpriority=\"high\" decoding=\"async\" width=\"696\" height=\"522\" src=\"https:\/\/pc.sc.gov.br\/\/wp-content\/uploads\/2025\/04\/WhatsApp-Image-2025-04-24-at-10.09.37-fotor-20250424132744-1024x768.jpg\" class=\"attachment-large size-large wp-image-28198\" alt=\"\" srcset=\"https:\/\/pc.sc.gov.br\/\/wp-content\/uploads\/2025\/04\/WhatsApp-Image-2025-04-24-at-10.09.37-fotor-20250424132744-1024x768.jpg 1024w, https:\/\/pc.sc.gov.br\/\/wp-content\/uploads\/2025\/04\/WhatsApp-Image-2025-04-24-at-10.09.37-fotor-20250424132744-300x225.jpg 300w, https:\/\/pc.sc.gov.br\/\/wp-content\/uploads\/2025\/04\/WhatsApp-Image-2025-04-24-at-10.09.37-fotor-20250424132744-768x576.jpg 768w, https:\/\/pc.sc.gov.br\/\/wp-content\/uploads\/2025\/04\/WhatsApp-Image-2025-04-24-at-10.09.37-fotor-20250424132744.jpg 1280w\" sizes=\"(max-width: 696px) 100vw, 696px\" \/>\t\t\t\t\t\t\t\t\t\t\t\t\t\t\t<\/div>\n\t\t\t\t<\/div>\n\t\t\t\t\t<\/div>\n\t\t<\/div>\n\t\t\t\t\t<\/div>\n\t\t<\/section>\n\t\t\t\t<section class=\"elementor-section elementor-top-section elementor-element elementor-element-6235b3c elementor-section-boxed elementor-section-height-default elementor-section-height-default\" data-id=\"6235b3c\" data-element_type=\"section\">\n\t\t\t\t\t\t<div class=\"elementor-container elementor-column-gap-default\">\n\t\t\t\t\t<div class=\"elementor-column elementor-col-100 elementor-top-column elementor-element elementor-element-3a37e57\" data-id=\"3a37e57\" data-element_type=\"column\">\n\t\t\t<div class=\"elementor-widget-wrap elementor-element-populated\">\n\t\t\t\t\t\t<div class=\"elementor-element elementor-element-d99aa06 elementor-widget elementor-widget-text-editor\" data-id=\"d99aa06\" data-element_type=\"widget\" data-widget_type=\"text-editor.default\">\n\t\t\t\t<div class=\"elementor-widget-container\">\n\t\t\t\t\t\t\t\t\t<p>A Pol\u00edcia Civil de Santa Catarina, por meio da Delegacia de Pol\u00edcia de Alfredo Wagner, com apoio da DIC de Lages e da Delegacia de Pol\u00edcia de Bom Retiro, deflagrou opera\u00e7\u00e3o policial na manh\u00e3 desta quinta-feira (24), visando o cumprimento de mandados de buscas e apreens\u00f5es e pris\u00f5es, nos munic\u00edpios de Alfredo Wagner e Bom Retiro, referente a investiga\u00e7\u00e3o que apura os crimes de homic\u00eddio e porte ilegal de arma de fogo.<\/p><p>Durante a a\u00e7\u00e3o foram realizadas 3 pris\u00f5es e cumprido 3 mandados de buscas, nas citadas cidades. Tamb\u00e9m foram apreendidas diversas armas de fogo e muni\u00e7\u00f5es, al\u00e9m de outros itens de interesse para as investiga\u00e7\u00f5es. Ap\u00f3s os tr\u00e2mites legais, os presos foram encaminhados para o Pres\u00eddio de Lages.<\/p>\t\t\t\t\t\t\t\t<\/div>\n\t\t\t\t<\/div>\n\t\t\t\t\t<\/div>\n\t\t<\/div>\n\t\t\t\t\t<\/div>\n\t\t<\/section>\n\t\t\t\t<\/div>\n\t\t","protected":false},"excerpt":{"rendered":"<p>PCSC prende tr\u00eas pessoas investigadas pelo crime de homic\u00eddio e apreende armas e muni\u00e7\u00f5es em Alfredo Wagner e Bom Retiro A Pol\u00edcia Civil de Santa Catarina, por meio da Delegacia de Pol\u00edcia de Alfredo Wagner, com apoio da DIC de Lages e da Delegacia de Pol\u00edcia de Bom Retiro, deflagrou opera\u00e7\u00e3o policial na manh\u00e3 desta [&hellip;]<\/p>\n","protected":false},"author":5,"featured_media":28197,"comment_status":"closed","ping_status":"open","sticky":false,"template":"","format":"standard","meta":{"_monsterinsights_skip_tracking":false,"_monsterinsights_sitenote_active":false,"_monsterinsights_sitenote_note":"","_monsterinsights_sitenote_category":0,"footnotes":""},"categories":[1],"tags":[],"class_list":["post-28196","post","type-post","status-publish","format-standard","has-post-thumbnail","hentry","category-sem-categoria"],"_links":{"self":[{"href":"https:\/\/pc.sc.gov.br\/index.php?rest_route=\/wp\/v2\/posts\/28196","targetHints":{"allow":["GET"]}}],"collection":[{"href":"https:\/\/pc.sc.gov.br\/index.php?rest_route=\/wp\/v2\/posts"}],"about":[{"href":"https:\/\/pc.sc.gov.br\/index.php?rest_route=\/wp\/v2\/types\/post"}],"author":[{"embeddable":true,"href":"https:\/\/pc.sc.gov.br\/index.php?rest_route=\/wp\/v2\/users\/5"}],"replies":[{"embeddable":true,"href":"https:\/\/pc.sc.gov.br\/index.php?rest_route=%2Fwp%2Fv2%2Fcomments&post=28196"}],"version-history":[{"count":5,"href":"https:\/\/pc.sc.gov.br\/index.php?rest_route=\/wp\/v2\/posts\/28196\/revisions"}],"predecessor-version":[{"id":28203,"href":"https:\/\/pc.sc.gov.br\/index.php?rest_route=\/wp\/v2\/posts\/28196\/revisions\/28203"}],"wp:featuredmedia":[{"embeddable":true,"href":"https:\/\/pc.sc.gov.br\/index.php?rest_route=\/wp\/v2\/media\/28197"}],"wp:attachment":[{"href":"https:\/\/pc.sc.gov.br\/index.php?rest_route=%2Fwp%2Fv2%2Fmedia&parent=28196"}],"wp:term":[{"taxonomy":"category","embeddable":true,"href":"https:\/\/pc.sc.gov.br\/index.php?rest_route=%2Fwp%2Fv2%2Fcategories&post=28196"},{"taxonomy":"post_tag","embeddable":true,"href":"https:\/\/pc.sc.gov.br\/index.php?rest_route=%2Fwp%2Fv2%2Ftags&post=28196"}],"curies":[{"name":"wp","href":"https:\/\/api.w.org\/{rel}","templated":true}]}}