{"id":28204,"date":"2025-04-24T14:16:37","date_gmt":"2025-04-24T17:16:37","guid":{"rendered":"https:\/\/pc.sc.gov.br\/?p=28204"},"modified":"2025-04-24T14:21:22","modified_gmt":"2025-04-24T17:21:22","slug":"draco-deflagra-operacao-para-o-cumprimento-de-27-mandados-de-busca-na-grande-florianopolis","status":"publish","type":"post","link":"https:\/\/pc.sc.gov.br\/?p=28204","title":{"rendered":"DRACO\/DEIC deflagra opera\u00e7\u00e3o para o cumprimento de 27 mandados de busca na Grande Florian\u00f3polis"},"content":{"rendered":"\t\t<div data-elementor-type=\"wp-post\" data-elementor-id=\"28204\" class=\"elementor elementor-28204\" data-elementor-post-type=\"post\">\n\t\t\t\t\t\t<section class=\"elementor-section elementor-top-section elementor-element elementor-element-d6b33ed elementor-section-boxed elementor-section-height-default elementor-section-height-default\" data-id=\"d6b33ed\" data-element_type=\"section\">\n\t\t\t\t\t\t<div class=\"elementor-container elementor-column-gap-default\">\n\t\t\t\t\t<div class=\"elementor-column elementor-col-100 elementor-top-column elementor-element elementor-element-e606b63\" data-id=\"e606b63\" data-element_type=\"column\">\n\t\t\t<div class=\"elementor-widget-wrap elementor-element-populated\">\n\t\t\t\t\t\t<div class=\"elementor-element elementor-element-8c845ca elementor-widget elementor-widget-heading\" data-id=\"8c845ca\" data-element_type=\"widget\" data-widget_type=\"heading.default\">\n\t\t\t\t<div class=\"elementor-widget-container\">\n\t\t\t\t\t<h2 class=\"elementor-heading-title elementor-size-default\">DRACO\/DEIC deflagra opera\u00e7\u00e3o para o cumprimento de 27 mandados de busca na Grande Florian\u00f3polis<\/h2>\t\t\t\t<\/div>\n\t\t\t\t<\/div>\n\t\t\t\t\t<\/div>\n\t\t<\/div>\n\t\t\t\t\t<\/div>\n\t\t<\/section>\n\t\t\t\t<section class=\"elementor-section elementor-top-section elementor-element elementor-element-76cd9f8 elementor-section-boxed elementor-section-height-default elementor-section-height-default\" data-id=\"76cd9f8\" data-element_type=\"section\">\n\t\t\t\t\t\t<div class=\"elementor-container elementor-column-gap-default\">\n\t\t\t\t\t<div class=\"elementor-column elementor-col-100 elementor-top-column elementor-element elementor-element-3c7360e\" data-id=\"3c7360e\" data-element_type=\"column\">\n\t\t\t<div class=\"elementor-widget-wrap elementor-element-populated\">\n\t\t\t\t\t\t<div class=\"elementor-element elementor-element-107f03f elementor-widget elementor-widget-image\" data-id=\"107f03f\" data-element_type=\"widget\" data-widget_type=\"image.default\">\n\t\t\t\t<div class=\"elementor-widget-container\">\n\t\t\t\t\t\t\t\t\t\t\t\t\t\t\t<img fetchpriority=\"high\" decoding=\"async\" width=\"696\" height=\"606\" src=\"https:\/\/pc.sc.gov.br\/\/wp-content\/uploads\/2025\/04\/cafdd5d9-b811-41d5-ab79-e47c9a36b77d-fotor-2025042414435-1024x891.jpg\" class=\"attachment-large size-large wp-image-28205\" alt=\"\" srcset=\"https:\/\/pc.sc.gov.br\/\/wp-content\/uploads\/2025\/04\/cafdd5d9-b811-41d5-ab79-e47c9a36b77d-fotor-2025042414435-1024x891.jpg 1024w, https:\/\/pc.sc.gov.br\/\/wp-content\/uploads\/2025\/04\/cafdd5d9-b811-41d5-ab79-e47c9a36b77d-fotor-2025042414435-300x261.jpg 300w, https:\/\/pc.sc.gov.br\/\/wp-content\/uploads\/2025\/04\/cafdd5d9-b811-41d5-ab79-e47c9a36b77d-fotor-2025042414435-768x668.jpg 768w, https:\/\/pc.sc.gov.br\/\/wp-content\/uploads\/2025\/04\/cafdd5d9-b811-41d5-ab79-e47c9a36b77d-fotor-2025042414435-1536x1337.jpg 1536w, https:\/\/pc.sc.gov.br\/\/wp-content\/uploads\/2025\/04\/cafdd5d9-b811-41d5-ab79-e47c9a36b77d-fotor-2025042414435-2048x1782.jpg 2048w\" sizes=\"(max-width: 696px) 100vw, 696px\" \/>\t\t\t\t\t\t\t\t\t\t\t\t\t\t\t<\/div>\n\t\t\t\t<\/div>\n\t\t\t\t\t<\/div>\n\t\t<\/div>\n\t\t\t\t\t<\/div>\n\t\t<\/section>\n\t\t\t\t<section class=\"elementor-section elementor-top-section elementor-element elementor-element-8256970 elementor-section-boxed elementor-section-height-default elementor-section-height-default\" data-id=\"8256970\" data-element_type=\"section\">\n\t\t\t\t\t\t<div class=\"elementor-container elementor-column-gap-default\">\n\t\t\t\t\t<div class=\"elementor-column elementor-col-100 elementor-top-column elementor-element elementor-element-7e489f7\" data-id=\"7e489f7\" data-element_type=\"column\">\n\t\t\t<div class=\"elementor-widget-wrap elementor-element-populated\">\n\t\t\t\t\t\t<div class=\"elementor-element elementor-element-c7011e9 elementor-widget elementor-widget-text-editor\" data-id=\"c7011e9\" data-element_type=\"widget\" data-widget_type=\"text-editor.default\">\n\t\t\t\t<div class=\"elementor-widget-container\">\n\t\t\t\t\t\t\t\t\t<p>A Pol\u00edcia Civil de Santa Catarina, por meio da Delegacia de Repress\u00e3o ao Crime Organizado (DRACO\/DEIC) realizou na manh\u00e3 desta quinta-feira (24) opera\u00e7\u00e3o policial para efetivar o cumprimento de 27 mandados de busca e apreens\u00e3o, em desfavor de integrantes de organiza\u00e7\u00e3o criminosa.<\/p><p>As investiga\u00e7\u00f5es se iniciaram ap\u00f3s compartilhamento de provas da Delegacia de Homic\u00eddios da Capital para a DRACO. Ap\u00f3s a investiga\u00e7\u00e3o da DHCap uma lideran\u00e7a da comunidade da Serrinha foi condenada a mais de 18 anos pela pr\u00e1tica de um homic\u00eddio.<\/p><p>A partir do compartilhamento de provas, a DRACO realizou um intenso trabalho de investiga\u00e7\u00e3o e identificou 17 integrantes de uma organiza\u00e7\u00e3o criminosa voltada ao tr\u00e1fico de drogas que atua naquela comunidade.<\/p><p>Os mandados de busca e apreens\u00e3o expedidos pela Vara Criminal da Regi\u00e3o Metropolitana da Capital, ap\u00f3s parecer favor\u00e1vel da 39\u00aa Promotoria de Justi\u00e7a da Capital, est\u00e3o sendo cumpridos na regi\u00e3o da Grande Florian\u00f3polis, sendo quatro deles dentro do sistema prisional, em desfavor de integrantes e lideran\u00e7as da organiza\u00e7\u00e3o criminosa investigada.<\/p><p>A opera\u00e7\u00e3o coordenada pelo Delegado de Pol\u00edcia da DRACO\/DEIC Antonio Claudio J\u00f3ca, ocorreu no contexto da 2\u00aa Edi\u00e7\u00e3o da Opera\u00e7\u00e3o RENORCRIM, uma iniciativa da Rede Nacional de Unidades Especializadas de Enfrentamento \u00e0s Organiza\u00e7\u00f5es Criminosas (RENORCRIM).<\/p><p>Participaram da opera\u00e7\u00e3o Policiais Civis de Santa Catarina da DEIC, DPGF, CORE e NOC, al\u00e9m do apoio da DINF-Sejuri e do suporte da Rede Nacional de Unidades Especializadas de Enfrentamento \u00e0s Organiza\u00e7\u00f5es Criminosas (RENORCRIM), coordenada pelo Minist\u00e9rio da Justi\u00e7a e Seguran\u00e7a P\u00fablica, por meio da Diretoria de Opera\u00e7\u00f5es Integradas e de Intelig\u00eancia.<\/p><p>A equipe da DRACO\/DEIC refor\u00e7a seu compromisso em prol da sociedade catarinense, no enfrentamento das organiza\u00e7\u00f5es criminosas voltadas ao tr\u00e1fico de drogas, comercio ilegal de armas de fogo e a pr\u00e1tica de outros crimes.<\/p>\t\t\t\t\t\t\t\t<\/div>\n\t\t\t\t<\/div>\n\t\t\t\t\t<\/div>\n\t\t<\/div>\n\t\t\t\t\t<\/div>\n\t\t<\/section>\n\t\t\t\t<section class=\"elementor-section elementor-top-section elementor-element elementor-element-68ce3d7 elementor-section-boxed elementor-section-height-default elementor-section-height-default\" data-id=\"68ce3d7\" data-element_type=\"section\">\n\t\t\t\t\t\t<div class=\"elementor-container elementor-column-gap-default\">\n\t\t\t\t\t<div class=\"elementor-column elementor-col-100 elementor-top-column elementor-element elementor-element-c6b9397\" data-id=\"c6b9397\" data-element_type=\"column\">\n\t\t\t<div class=\"elementor-widget-wrap elementor-element-populated\">\n\t\t\t\t\t\t<div class=\"elementor-element elementor-element-2b94256 elementor-widget__width-initial elementor-widget elementor-widget-video\" data-id=\"2b94256\" data-element_type=\"widget\" data-settings=\"{&quot;video_type&quot;:&quot;hosted&quot;,&quot;controls&quot;:&quot;yes&quot;}\" data-widget_type=\"video.default\">\n\t\t\t\t<div class=\"elementor-widget-container\">\n\t\t\t\t\t\t\t<div class=\"e-hosted-video elementor-wrapper elementor-open-inline\">\n\t\t\t\t\t<video class=\"elementor-video\" src=\"https:\/\/pc.sc.gov.br\/wp-content\/uploads\/2025\/04\/WhatsApp-Video-2025-04-24-at-07.30.53.mp4\" controls=\"\" preload=\"metadata\"><\/video>\n\t\t\t\t<\/div>\n\t\t\t\t\t\t<\/div>\n\t\t\t\t<\/div>\n\t\t\t\t\t<\/div>\n\t\t<\/div>\n\t\t\t\t\t<\/div>\n\t\t<\/section>\n\t\t\t\t<\/div>\n\t\t","protected":false},"excerpt":{"rendered":"<p>DRACO\/DEIC deflagra opera\u00e7\u00e3o para o cumprimento de 27 mandados de busca na Grande Florian\u00f3polis A Pol\u00edcia Civil de Santa Catarina, por meio da Delegacia de Repress\u00e3o ao Crime Organizado (DRACO\/DEIC) realizou na manh\u00e3 desta quinta-feira (24) opera\u00e7\u00e3o policial para efetivar o cumprimento de 27 mandados de busca e apreens\u00e3o, em desfavor de integrantes de organiza\u00e7\u00e3o [&hellip;]<\/p>\n","protected":false},"author":5,"featured_media":28205,"comment_status":"closed","ping_status":"open","sticky":false,"template":"","format":"standard","meta":{"_monsterinsights_skip_tracking":false,"_monsterinsights_sitenote_active":false,"_monsterinsights_sitenote_note":"","_monsterinsights_sitenote_category":0,"footnotes":""},"categories":[1],"tags":[],"class_list":["post-28204","post","type-post","status-publish","format-standard","has-post-thumbnail","hentry","category-sem-categoria"],"_links":{"self":[{"href":"https:\/\/pc.sc.gov.br\/index.php?rest_route=\/wp\/v2\/posts\/28204","targetHints":{"allow":["GET"]}}],"collection":[{"href":"https:\/\/pc.sc.gov.br\/index.php?rest_route=\/wp\/v2\/posts"}],"about":[{"href":"https:\/\/pc.sc.gov.br\/index.php?rest_route=\/wp\/v2\/types\/post"}],"author":[{"embeddable":true,"href":"https:\/\/pc.sc.gov.br\/index.php?rest_route=\/wp\/v2\/users\/5"}],"replies":[{"embeddable":true,"href":"https:\/\/pc.sc.gov.br\/index.php?rest_route=%2Fwp%2Fv2%2Fcomments&post=28204"}],"version-history":[{"count":7,"href":"https:\/\/pc.sc.gov.br\/index.php?rest_route=\/wp\/v2\/posts\/28204\/revisions"}],"predecessor-version":[{"id":28215,"href":"https:\/\/pc.sc.gov.br\/index.php?rest_route=\/wp\/v2\/posts\/28204\/revisions\/28215"}],"wp:featuredmedia":[{"embeddable":true,"href":"https:\/\/pc.sc.gov.br\/index.php?rest_route=\/wp\/v2\/media\/28205"}],"wp:attachment":[{"href":"https:\/\/pc.sc.gov.br\/index.php?rest_route=%2Fwp%2Fv2%2Fmedia&parent=28204"}],"wp:term":[{"taxonomy":"category","embeddable":true,"href":"https:\/\/pc.sc.gov.br\/index.php?rest_route=%2Fwp%2Fv2%2Fcategories&post=28204"},{"taxonomy":"post_tag","embeddable":true,"href":"https:\/\/pc.sc.gov.br\/index.php?rest_route=%2Fwp%2Fv2%2Ftags&post=28204"}],"curies":[{"name":"wp","href":"https:\/\/api.w.org\/{rel}","templated":true}]}}