{"id":28218,"date":"2025-04-24T15:07:25","date_gmt":"2025-04-24T18:07:25","guid":{"rendered":"https:\/\/pc.sc.gov.br\/?p=28218"},"modified":"2025-04-24T15:09:19","modified_gmt":"2025-04-24T18:09:19","slug":"pcsc-identifica-e-prende-seis-pessoas-envolvidas-no-roubo-de-veiculos-de-uma-concessionaria-em-jaragua-do-sul","status":"publish","type":"post","link":"https:\/\/pc.sc.gov.br\/?p=28218","title":{"rendered":"PCSC identifica e prende seis pessoas envolvidas no roubo de ve\u00edculos de uma concession\u00e1ria em Jaragu\u00e1 do Sul"},"content":{"rendered":"\t\t<div data-elementor-type=\"wp-post\" data-elementor-id=\"28218\" class=\"elementor elementor-28218\" data-elementor-post-type=\"post\">\n\t\t\t\t\t\t<section class=\"elementor-section elementor-top-section elementor-element elementor-element-e74b10f elementor-section-boxed elementor-section-height-default elementor-section-height-default\" data-id=\"e74b10f\" data-element_type=\"section\">\n\t\t\t\t\t\t<div class=\"elementor-container elementor-column-gap-default\">\n\t\t\t\t\t<div class=\"elementor-column elementor-col-100 elementor-top-column elementor-element elementor-element-ad2c013\" data-id=\"ad2c013\" data-element_type=\"column\">\n\t\t\t<div class=\"elementor-widget-wrap elementor-element-populated\">\n\t\t\t\t\t\t<div class=\"elementor-element elementor-element-ff0240b elementor-widget elementor-widget-heading\" data-id=\"ff0240b\" data-element_type=\"widget\" data-widget_type=\"heading.default\">\n\t\t\t\t<div class=\"elementor-widget-container\">\n\t\t\t\t\t<h2 class=\"elementor-heading-title elementor-size-default\">PCSC identifica e prende seis pessoas envolvidas no roubo de ve\u00edculos de uma concession\u00e1ria em Jaragu\u00e1 do Sul<\/h2>\t\t\t\t<\/div>\n\t\t\t\t<\/div>\n\t\t\t\t\t<\/div>\n\t\t<\/div>\n\t\t\t\t\t<\/div>\n\t\t<\/section>\n\t\t\t\t<section class=\"elementor-section elementor-top-section elementor-element elementor-element-242d39b elementor-section-boxed elementor-section-height-default elementor-section-height-default\" data-id=\"242d39b\" data-element_type=\"section\">\n\t\t\t\t\t\t<div class=\"elementor-container elementor-column-gap-default\">\n\t\t\t\t\t<div class=\"elementor-column elementor-col-100 elementor-top-column elementor-element elementor-element-f3af43a\" data-id=\"f3af43a\" data-element_type=\"column\">\n\t\t\t<div class=\"elementor-widget-wrap elementor-element-populated\">\n\t\t\t\t\t\t<div class=\"elementor-element elementor-element-b5ce9d1 elementor-widget elementor-widget-image\" data-id=\"b5ce9d1\" data-element_type=\"widget\" data-widget_type=\"image.default\">\n\t\t\t\t<div class=\"elementor-widget-container\">\n\t\t\t\t\t\t\t\t\t\t\t\t\t\t\t<img fetchpriority=\"high\" decoding=\"async\" width=\"478\" height=\"353\" src=\"https:\/\/pc.sc.gov.br\/\/wp-content\/uploads\/2025\/04\/8e0d33fe-49cb-408c-9b90-010a68fc806c-fotor-20250409172830.jpg\" class=\"attachment-large size-large wp-image-27973\" alt=\"\" srcset=\"https:\/\/pc.sc.gov.br\/\/wp-content\/uploads\/2025\/04\/8e0d33fe-49cb-408c-9b90-010a68fc806c-fotor-20250409172830.jpg 478w, https:\/\/pc.sc.gov.br\/\/wp-content\/uploads\/2025\/04\/8e0d33fe-49cb-408c-9b90-010a68fc806c-fotor-20250409172830-300x222.jpg 300w\" sizes=\"(max-width: 478px) 100vw, 478px\" \/>\t\t\t\t\t\t\t\t\t\t\t\t\t\t\t<\/div>\n\t\t\t\t<\/div>\n\t\t\t\t\t<\/div>\n\t\t<\/div>\n\t\t\t\t\t<\/div>\n\t\t<\/section>\n\t\t\t\t<section class=\"elementor-section elementor-top-section elementor-element elementor-element-fe3f3a9 elementor-section-boxed elementor-section-height-default elementor-section-height-default\" data-id=\"fe3f3a9\" data-element_type=\"section\">\n\t\t\t\t\t\t<div class=\"elementor-container elementor-column-gap-default\">\n\t\t\t\t\t<div class=\"elementor-column elementor-col-100 elementor-top-column elementor-element elementor-element-60b9a34\" data-id=\"60b9a34\" data-element_type=\"column\">\n\t\t\t<div class=\"elementor-widget-wrap elementor-element-populated\">\n\t\t\t\t\t\t<div class=\"elementor-element elementor-element-80f2d5a elementor-widget elementor-widget-text-editor\" data-id=\"80f2d5a\" data-element_type=\"widget\" data-widget_type=\"text-editor.default\">\n\t\t\t\t<div class=\"elementor-widget-container\">\n\t\t\t\t\t\t\t\t\t<p>A Pol\u00edcia Civil de Santa Catarina prendeu nesta quarta-feira (23) seis pessoas envolvidas no roubo de nove ve\u00edculos, ocorrido na tarde de ter\u00e7a-feira (22), em uma concession\u00e1ria, localizada no munic\u00edpio de Jaragu\u00e1 do Sul. No in\u00edcio a empresa havia divulgado que 11 ve\u00edculos teriam sido levados pelos criminosos, mas depois de nova confer\u00eancia informou que um ve\u00edculo teria sido vendido na manh\u00e3 do roubo \u2013 sem ter sido dado baixa no sistema &#8211; e outro estava na rua em test drive. Todos os ve\u00edculos foram recuperados pela PMSC e PRF.<\/p><p>De acordo com as investiga\u00e7\u00f5es duas pessoas teriam ingressado no estabelecimento comercial, se passando por clientes, por\u00e9m em seguida cerca de 13 indiv\u00edduos entraram no local e anunciaram o roubo. Os funcion\u00e1rios foram amarrados e colocados em uma da empresa. Informa\u00e7\u00f5es iniciais d\u00e3o conta que o grupo teria consigo gal\u00f5es de combust\u00edvel para abastecer os carros roubados \u2013 todos de luxo.<\/p><p>A Pol\u00edcia Civil prossegue com as investiga\u00e7\u00f5es a fim elucidar o caso e identificar todos os envolvidos e a din\u00e2mica do crime para buscar a devida responsabiliza\u00e7\u00e3o penal.\u00a0<\/p>\t\t\t\t\t\t\t\t<\/div>\n\t\t\t\t<\/div>\n\t\t\t\t\t<\/div>\n\t\t<\/div>\n\t\t\t\t\t<\/div>\n\t\t<\/section>\n\t\t\t\t<\/div>\n\t\t","protected":false},"excerpt":{"rendered":"<p>PCSC identifica e prende seis pessoas envolvidas no roubo de ve\u00edculos de uma concession\u00e1ria em Jaragu\u00e1 do Sul A Pol\u00edcia Civil de Santa Catarina prendeu nesta quarta-feira (23) seis pessoas envolvidas no roubo de nove ve\u00edculos, ocorrido na tarde de ter\u00e7a-feira (22), em uma concession\u00e1ria, localizada no munic\u00edpio de Jaragu\u00e1 do Sul. No in\u00edcio a [&hellip;]<\/p>\n","protected":false},"author":5,"featured_media":27591,"comment_status":"closed","ping_status":"open","sticky":false,"template":"","format":"standard","meta":{"_monsterinsights_skip_tracking":false,"_monsterinsights_sitenote_active":false,"_monsterinsights_sitenote_note":"","_monsterinsights_sitenote_category":0,"footnotes":""},"categories":[1],"tags":[],"class_list":["post-28218","post","type-post","status-publish","format-standard","has-post-thumbnail","hentry","category-sem-categoria"],"_links":{"self":[{"href":"https:\/\/pc.sc.gov.br\/index.php?rest_route=\/wp\/v2\/posts\/28218","targetHints":{"allow":["GET"]}}],"collection":[{"href":"https:\/\/pc.sc.gov.br\/index.php?rest_route=\/wp\/v2\/posts"}],"about":[{"href":"https:\/\/pc.sc.gov.br\/index.php?rest_route=\/wp\/v2\/types\/post"}],"author":[{"embeddable":true,"href":"https:\/\/pc.sc.gov.br\/index.php?rest_route=\/wp\/v2\/users\/5"}],"replies":[{"embeddable":true,"href":"https:\/\/pc.sc.gov.br\/index.php?rest_route=%2Fwp%2Fv2%2Fcomments&post=28218"}],"version-history":[{"count":4,"href":"https:\/\/pc.sc.gov.br\/index.php?rest_route=\/wp\/v2\/posts\/28218\/revisions"}],"predecessor-version":[{"id":28222,"href":"https:\/\/pc.sc.gov.br\/index.php?rest_route=\/wp\/v2\/posts\/28218\/revisions\/28222"}],"wp:featuredmedia":[{"embeddable":true,"href":"https:\/\/pc.sc.gov.br\/index.php?rest_route=\/wp\/v2\/media\/27591"}],"wp:attachment":[{"href":"https:\/\/pc.sc.gov.br\/index.php?rest_route=%2Fwp%2Fv2%2Fmedia&parent=28218"}],"wp:term":[{"taxonomy":"category","embeddable":true,"href":"https:\/\/pc.sc.gov.br\/index.php?rest_route=%2Fwp%2Fv2%2Fcategories&post=28218"},{"taxonomy":"post_tag","embeddable":true,"href":"https:\/\/pc.sc.gov.br\/index.php?rest_route=%2Fwp%2Fv2%2Ftags&post=28218"}],"curies":[{"name":"wp","href":"https:\/\/api.w.org\/{rel}","templated":true}]}}