{"id":28232,"date":"2025-04-24T16:27:12","date_gmt":"2025-04-24T19:27:12","guid":{"rendered":"https:\/\/pc.sc.gov.br\/?p=28232"},"modified":"2025-04-24T16:27:56","modified_gmt":"2025-04-24T19:27:56","slug":"em-xanxere-homem-persegue-ex-companheira-briga-dentro-da-delegacia-e-e-preso-em-flagrante-delito","status":"publish","type":"post","link":"https:\/\/pc.sc.gov.br\/?p=28232","title":{"rendered":"Em Xanxer\u00ea, homem persegue ex-companheira, briga dentro da delegacia e \u00e9 preso em flagrante delito"},"content":{"rendered":"\t\t<div data-elementor-type=\"wp-post\" data-elementor-id=\"28232\" class=\"elementor elementor-28232\" data-elementor-post-type=\"post\">\n\t\t\t\t\t\t<section class=\"elementor-section elementor-top-section elementor-element elementor-element-28bbe5a elementor-section-boxed elementor-section-height-default elementor-section-height-default\" data-id=\"28bbe5a\" data-element_type=\"section\">\n\t\t\t\t\t\t<div class=\"elementor-container elementor-column-gap-default\">\n\t\t\t\t\t<div class=\"elementor-column elementor-col-100 elementor-top-column elementor-element elementor-element-a6ea8ed\" data-id=\"a6ea8ed\" data-element_type=\"column\">\n\t\t\t<div class=\"elementor-widget-wrap elementor-element-populated\">\n\t\t\t\t\t\t<div class=\"elementor-element elementor-element-d87c9d4 elementor-widget elementor-widget-heading\" data-id=\"d87c9d4\" data-element_type=\"widget\" data-widget_type=\"heading.default\">\n\t\t\t\t<div class=\"elementor-widget-container\">\n\t\t\t\t\t<h2 class=\"elementor-heading-title elementor-size-default\">Em Xanxer\u00ea, homem persegue ex-companheira, briga dentro da delegacia e \u00e9 preso em flagrante delito<\/h2>\t\t\t\t<\/div>\n\t\t\t\t<\/div>\n\t\t\t\t\t<\/div>\n\t\t<\/div>\n\t\t\t\t\t<\/div>\n\t\t<\/section>\n\t\t\t\t<section class=\"elementor-section elementor-top-section elementor-element elementor-element-61a6d7d elementor-section-boxed elementor-section-height-default elementor-section-height-default\" data-id=\"61a6d7d\" data-element_type=\"section\">\n\t\t\t\t\t\t<div class=\"elementor-container elementor-column-gap-default\">\n\t\t\t\t\t<div class=\"elementor-column elementor-col-100 elementor-top-column elementor-element elementor-element-03197c6\" data-id=\"03197c6\" data-element_type=\"column\">\n\t\t\t<div class=\"elementor-widget-wrap elementor-element-populated\">\n\t\t\t\t\t\t<div class=\"elementor-element elementor-element-323e367 elementor-widget elementor-widget-image\" data-id=\"323e367\" data-element_type=\"widget\" data-widget_type=\"image.default\">\n\t\t\t\t<div class=\"elementor-widget-container\">\n\t\t\t\t\t\t\t\t\t\t\t\t\t\t\t<img fetchpriority=\"high\" decoding=\"async\" width=\"696\" height=\"522\" src=\"https:\/\/pc.sc.gov.br\/\/wp-content\/uploads\/2025\/04\/86b2b227-7f1c-4a8e-a926-f2c864485e59-fotor-20250424162314.jpg\" class=\"attachment-large size-large wp-image-28233\" alt=\"\" srcset=\"https:\/\/pc.sc.gov.br\/\/wp-content\/uploads\/2025\/04\/86b2b227-7f1c-4a8e-a926-f2c864485e59-fotor-20250424162314.jpg 956w, https:\/\/pc.sc.gov.br\/\/wp-content\/uploads\/2025\/04\/86b2b227-7f1c-4a8e-a926-f2c864485e59-fotor-20250424162314-300x225.jpg 300w, https:\/\/pc.sc.gov.br\/\/wp-content\/uploads\/2025\/04\/86b2b227-7f1c-4a8e-a926-f2c864485e59-fotor-20250424162314-768x576.jpg 768w\" sizes=\"(max-width: 696px) 100vw, 696px\" \/>\t\t\t\t\t\t\t\t\t\t\t\t\t\t\t<\/div>\n\t\t\t\t<\/div>\n\t\t\t\t\t<\/div>\n\t\t<\/div>\n\t\t\t\t\t<\/div>\n\t\t<\/section>\n\t\t\t\t<section class=\"elementor-section elementor-top-section elementor-element elementor-element-26a0d0e elementor-section-boxed elementor-section-height-default elementor-section-height-default\" data-id=\"26a0d0e\" data-element_type=\"section\">\n\t\t\t\t\t\t<div class=\"elementor-container elementor-column-gap-default\">\n\t\t\t\t\t<div class=\"elementor-column elementor-col-100 elementor-top-column elementor-element elementor-element-bc312eb\" data-id=\"bc312eb\" data-element_type=\"column\">\n\t\t\t<div class=\"elementor-widget-wrap elementor-element-populated\">\n\t\t\t\t\t\t<div class=\"elementor-element elementor-element-e0760e9 elementor-widget elementor-widget-text-editor\" data-id=\"e0760e9\" data-element_type=\"widget\" data-widget_type=\"text-editor.default\">\n\t\t\t\t<div class=\"elementor-widget-container\">\n\t\t\t\t\t\t\t\t\t<p>A Pol\u00edcia Civil de Santa Catarina, atrav\u00e9s da Delegacia da Comarca de Xanxer\u00ea, prendeu em flagrante delito na tarde de quarta-feira, 23, um homem de 33 anos pelos crimes de persegui\u00e7\u00e3o no contexto de viol\u00eancia dom\u00e9stica, resist\u00eancia e les\u00e3o corporal.<\/p><p>Segundo o apurado pela Pol\u00edcia Civil, o autor estava perseguindo sua ex-companheira de 32 anos ap\u00f3s o fim do relacionamento, inclusive j\u00e1 teria a amea\u00e7ado de morte com uma arma de fogo no \u00faltimo s\u00e1bado (19). Na tarde de ontem, o autor perseguiu, com seu ve\u00edculo, o carro em que sua ex-esposa e o atual namorado dela estavam, durante a persegui\u00e7\u00e3o em via p\u00fablica ele colidiu no carro da v\u00edtima, bem como em outros ve\u00edculos pr\u00f3ximos.<\/p><p>A mulher compareceu na Delegacia de Pol\u00edcia para registrar boletim de ocorr\u00eancia, o autor chegou minutos depois e entrou em luta corporal com o namorado dela, que estava a acompanhando durante todo o tempo, diante das agress\u00f5es, o policial civil deu voz de pris\u00e3o ao indiv\u00edduo, por\u00e9m ele resistiu a pris\u00e3o, sendo necess\u00e1rio o uso da for\u00e7a pelos policiais para cont\u00ea-lo em raz\u00e3o de seu estado alterado.<\/p><p>A v\u00edtima requereu medidas protetivas de urg\u00eancia, e o autor, foi conduzido ao Pres\u00eddio Regional de Xanxer\u00ea ap\u00f3s os procedimentos legais. As investiga\u00e7\u00f5es sobre o caso prosseguir\u00e3o na Delegacia de Prote\u00e7\u00e3o \u00e0 Crian\u00e7a, Adolescente, Mulher e Idoso (DPCAMI) de Xanxer\u00ea.<\/p>\t\t\t\t\t\t\t\t<\/div>\n\t\t\t\t<\/div>\n\t\t\t\t\t<\/div>\n\t\t<\/div>\n\t\t\t\t\t<\/div>\n\t\t<\/section>\n\t\t\t\t<\/div>\n\t\t","protected":false},"excerpt":{"rendered":"<p>Em Xanxer\u00ea, homem persegue ex-companheira, briga dentro da delegacia e \u00e9 preso em flagrante delito A Pol\u00edcia Civil de Santa Catarina, atrav\u00e9s da Delegacia da Comarca de Xanxer\u00ea, prendeu em flagrante delito na tarde de quarta-feira, 23, um homem de 33 anos pelos crimes de persegui\u00e7\u00e3o no contexto de viol\u00eancia dom\u00e9stica, resist\u00eancia e les\u00e3o corporal. [&hellip;]<\/p>\n","protected":false},"author":5,"featured_media":28233,"comment_status":"closed","ping_status":"open","sticky":false,"template":"","format":"standard","meta":{"_monsterinsights_skip_tracking":false,"_monsterinsights_sitenote_active":false,"_monsterinsights_sitenote_note":"","_monsterinsights_sitenote_category":0,"footnotes":""},"categories":[1],"tags":[],"class_list":["post-28232","post","type-post","status-publish","format-standard","has-post-thumbnail","hentry","category-sem-categoria"],"_links":{"self":[{"href":"https:\/\/pc.sc.gov.br\/index.php?rest_route=\/wp\/v2\/posts\/28232","targetHints":{"allow":["GET"]}}],"collection":[{"href":"https:\/\/pc.sc.gov.br\/index.php?rest_route=\/wp\/v2\/posts"}],"about":[{"href":"https:\/\/pc.sc.gov.br\/index.php?rest_route=\/wp\/v2\/types\/post"}],"author":[{"embeddable":true,"href":"https:\/\/pc.sc.gov.br\/index.php?rest_route=\/wp\/v2\/users\/5"}],"replies":[{"embeddable":true,"href":"https:\/\/pc.sc.gov.br\/index.php?rest_route=%2Fwp%2Fv2%2Fcomments&post=28232"}],"version-history":[{"count":4,"href":"https:\/\/pc.sc.gov.br\/index.php?rest_route=\/wp\/v2\/posts\/28232\/revisions"}],"predecessor-version":[{"id":28237,"href":"https:\/\/pc.sc.gov.br\/index.php?rest_route=\/wp\/v2\/posts\/28232\/revisions\/28237"}],"wp:featuredmedia":[{"embeddable":true,"href":"https:\/\/pc.sc.gov.br\/index.php?rest_route=\/wp\/v2\/media\/28233"}],"wp:attachment":[{"href":"https:\/\/pc.sc.gov.br\/index.php?rest_route=%2Fwp%2Fv2%2Fmedia&parent=28232"}],"wp:term":[{"taxonomy":"category","embeddable":true,"href":"https:\/\/pc.sc.gov.br\/index.php?rest_route=%2Fwp%2Fv2%2Fcategories&post=28232"},{"taxonomy":"post_tag","embeddable":true,"href":"https:\/\/pc.sc.gov.br\/index.php?rest_route=%2Fwp%2Fv2%2Ftags&post=28232"}],"curies":[{"name":"wp","href":"https:\/\/api.w.org\/{rel}","templated":true}]}}