{"id":28276,"date":"2025-04-25T13:19:23","date_gmt":"2025-04-25T16:19:23","guid":{"rendered":"https:\/\/pc.sc.gov.br\/?p=28276"},"modified":"2025-04-25T13:21:39","modified_gmt":"2025-04-25T16:21:39","slug":"dic-de-laguna-prende-autores-de-roubo-a-supermercado","status":"publish","type":"post","link":"https:\/\/pc.sc.gov.br\/?p=28276","title":{"rendered":"DIC de Laguna prende autores de roubo a supermercado"},"content":{"rendered":"\t\t<div data-elementor-type=\"wp-post\" data-elementor-id=\"28276\" class=\"elementor elementor-28276\" data-elementor-post-type=\"post\">\n\t\t\t\t\t\t<section class=\"elementor-section elementor-top-section elementor-element elementor-element-4c00f57 elementor-section-boxed elementor-section-height-default elementor-section-height-default\" data-id=\"4c00f57\" data-element_type=\"section\">\n\t\t\t\t\t\t<div class=\"elementor-container elementor-column-gap-default\">\n\t\t\t\t\t<div class=\"elementor-column elementor-col-100 elementor-top-column elementor-element elementor-element-5ad8be0\" data-id=\"5ad8be0\" data-element_type=\"column\">\n\t\t\t<div class=\"elementor-widget-wrap elementor-element-populated\">\n\t\t\t\t\t\t<div class=\"elementor-element elementor-element-9117978 elementor-widget elementor-widget-heading\" data-id=\"9117978\" data-element_type=\"widget\" data-widget_type=\"heading.default\">\n\t\t\t\t<div class=\"elementor-widget-container\">\n\t\t\t\t\t<h2 class=\"elementor-heading-title elementor-size-default\">DIC de Laguna prende autores de roubo a supermercado <\/h2>\t\t\t\t<\/div>\n\t\t\t\t<\/div>\n\t\t\t\t\t<\/div>\n\t\t<\/div>\n\t\t\t\t\t<\/div>\n\t\t<\/section>\n\t\t\t\t<section class=\"elementor-section elementor-top-section elementor-element elementor-element-4fa545d elementor-section-boxed elementor-section-height-default elementor-section-height-default\" data-id=\"4fa545d\" data-element_type=\"section\">\n\t\t\t\t\t\t<div class=\"elementor-container elementor-column-gap-default\">\n\t\t\t\t\t<div class=\"elementor-column elementor-col-100 elementor-top-column elementor-element elementor-element-b702a89\" data-id=\"b702a89\" data-element_type=\"column\">\n\t\t\t<div class=\"elementor-widget-wrap elementor-element-populated\">\n\t\t\t\t\t\t<div class=\"elementor-element elementor-element-1b94ff9 elementor-widget elementor-widget-image\" data-id=\"1b94ff9\" data-element_type=\"widget\" data-widget_type=\"image.default\">\n\t\t\t\t<div class=\"elementor-widget-container\">\n\t\t\t\t\t\t\t\t\t\t\t\t\t\t\t<img fetchpriority=\"high\" decoding=\"async\" width=\"696\" height=\"522\" src=\"https:\/\/pc.sc.gov.br\/\/wp-content\/uploads\/2025\/02\/PCSC-PADRAO.jpg\" class=\"attachment-large size-large wp-image-26591\" alt=\"\" srcset=\"https:\/\/pc.sc.gov.br\/\/wp-content\/uploads\/2025\/02\/PCSC-PADRAO.jpg 768w, https:\/\/pc.sc.gov.br\/\/wp-content\/uploads\/2025\/02\/PCSC-PADRAO-300x225.jpg 300w\" sizes=\"(max-width: 696px) 100vw, 696px\" \/>\t\t\t\t\t\t\t\t\t\t\t\t\t\t\t<\/div>\n\t\t\t\t<\/div>\n\t\t\t\t\t<\/div>\n\t\t<\/div>\n\t\t\t\t\t<\/div>\n\t\t<\/section>\n\t\t\t\t<section class=\"elementor-section elementor-top-section elementor-element elementor-element-bb530a1 elementor-section-boxed elementor-section-height-default elementor-section-height-default\" data-id=\"bb530a1\" data-element_type=\"section\">\n\t\t\t\t\t\t<div class=\"elementor-container elementor-column-gap-default\">\n\t\t\t\t\t<div class=\"elementor-column elementor-col-100 elementor-top-column elementor-element elementor-element-5a87fbb\" data-id=\"5a87fbb\" data-element_type=\"column\">\n\t\t\t<div class=\"elementor-widget-wrap elementor-element-populated\">\n\t\t\t\t\t\t<div class=\"elementor-element elementor-element-9a29845 elementor-widget elementor-widget-text-editor\" data-id=\"9a29845\" data-element_type=\"widget\" data-widget_type=\"text-editor.default\">\n\t\t\t\t<div class=\"elementor-widget-container\">\n\t\t\t\t\t\t\t\t\t<p>A Pol\u00edcia Civil de Santa Catarina, por meio da Delegacia de Investiga\u00e7\u00f5es Criminais (DIC) de Laguna, prendeu os dois autores de um roubo ocorrido na madrugada do dia 11 de abril de 2025, em um supermercado, localizado no bairro Progresso, em Laguna.<\/p><p>Na a\u00e7\u00e3o criminosa, os indiv\u00edduos invadiram o estabelecimento simulando estarem armados e anunciaram o assalto. Subtra\u00edram diversas caixas de bombons e barras de chocolate, avaliadas em aproximadamente R$ 170,00, causando grande temor aos tr\u00eas funcion\u00e1rios que se preparavam para a abertura do local.<\/p><p>Com base em imagens de monitoramento, troca de informa\u00e7\u00f5es com a Pol\u00edcia Militar e reconhecimentos formais, os autores foram identificados. Ambos confessaram os crimes durante interrogat\u00f3rio e alegaram depend\u00eancia ao crack. Um dos presos, inclusive, admitiu a pr\u00e1tica de tr\u00eas delitos distintos: dois roubos e um furto a supermercado.<\/p><p>Vale lembrar que um dos autores j\u00e1 havia sido preso pela DIC na semana anterior, ap\u00f3s invadir a casa de um idoso no bairro Boa Vista. Na ocasi\u00e3o, a v\u00edtima foi brutalmente agredida com o arremesso de um objeto, resultando em 20 pontos na cabe\u00e7a.<\/p><p>A representa\u00e7\u00e3o pela pris\u00e3o preventiva, cumprida na quinta-feira (25\/04), partiu da DIC, diante da urg\u00eancia em conter a escalada de roubos e furtos que vinham afetando a tranquilidade da cidade.<\/p>\t\t\t\t\t\t\t\t<\/div>\n\t\t\t\t<\/div>\n\t\t\t\t\t<\/div>\n\t\t<\/div>\n\t\t\t\t\t<\/div>\n\t\t<\/section>\n\t\t\t\t<\/div>\n\t\t","protected":false},"excerpt":{"rendered":"<p>DIC de Laguna prende autores de roubo a supermercado A Pol\u00edcia Civil de Santa Catarina, por meio da Delegacia de Investiga\u00e7\u00f5es Criminais (DIC) de Laguna, prendeu os dois autores de um roubo ocorrido na madrugada do dia 11 de abril de 2025, em um supermercado, localizado no bairro Progresso, em Laguna. Na a\u00e7\u00e3o criminosa, os [&hellip;]<\/p>\n","protected":false},"author":5,"featured_media":26591,"comment_status":"closed","ping_status":"open","sticky":false,"template":"","format":"standard","meta":{"_monsterinsights_skip_tracking":false,"_monsterinsights_sitenote_active":false,"_monsterinsights_sitenote_note":"","_monsterinsights_sitenote_category":0,"footnotes":""},"categories":[1],"tags":[],"class_list":["post-28276","post","type-post","status-publish","format-standard","has-post-thumbnail","hentry","category-sem-categoria"],"_links":{"self":[{"href":"https:\/\/pc.sc.gov.br\/index.php?rest_route=\/wp\/v2\/posts\/28276","targetHints":{"allow":["GET"]}}],"collection":[{"href":"https:\/\/pc.sc.gov.br\/index.php?rest_route=\/wp\/v2\/posts"}],"about":[{"href":"https:\/\/pc.sc.gov.br\/index.php?rest_route=\/wp\/v2\/types\/post"}],"author":[{"embeddable":true,"href":"https:\/\/pc.sc.gov.br\/index.php?rest_route=\/wp\/v2\/users\/5"}],"replies":[{"embeddable":true,"href":"https:\/\/pc.sc.gov.br\/index.php?rest_route=%2Fwp%2Fv2%2Fcomments&post=28276"}],"version-history":[{"count":4,"href":"https:\/\/pc.sc.gov.br\/index.php?rest_route=\/wp\/v2\/posts\/28276\/revisions"}],"predecessor-version":[{"id":28281,"href":"https:\/\/pc.sc.gov.br\/index.php?rest_route=\/wp\/v2\/posts\/28276\/revisions\/28281"}],"wp:featuredmedia":[{"embeddable":true,"href":"https:\/\/pc.sc.gov.br\/index.php?rest_route=\/wp\/v2\/media\/26591"}],"wp:attachment":[{"href":"https:\/\/pc.sc.gov.br\/index.php?rest_route=%2Fwp%2Fv2%2Fmedia&parent=28276"}],"wp:term":[{"taxonomy":"category","embeddable":true,"href":"https:\/\/pc.sc.gov.br\/index.php?rest_route=%2Fwp%2Fv2%2Fcategories&post=28276"},{"taxonomy":"post_tag","embeddable":true,"href":"https:\/\/pc.sc.gov.br\/index.php?rest_route=%2Fwp%2Fv2%2Ftags&post=28276"}],"curies":[{"name":"wp","href":"https:\/\/api.w.org\/{rel}","templated":true}]}}