{"id":28286,"date":"2025-04-25T13:58:19","date_gmt":"2025-04-25T16:58:19","guid":{"rendered":"https:\/\/pc.sc.gov.br\/?p=28286"},"modified":"2025-04-25T13:59:25","modified_gmt":"2025-04-25T16:59:25","slug":"envio-seguro-operacao-conjunta-da-pcsc-receita-federal-correios-e-copc-resulta-na-apreensao-de-drogas","status":"publish","type":"post","link":"https:\/\/pc.sc.gov.br\/?p=28286","title":{"rendered":"Envio Seguro: Opera\u00e7\u00e3o conjunta da PCSC, Receita Federal, Correios e COPC resulta na apreens\u00e3o de drogas"},"content":{"rendered":"\t\t<div data-elementor-type=\"wp-post\" data-elementor-id=\"28286\" class=\"elementor elementor-28286\" data-elementor-post-type=\"post\">\n\t\t\t\t\t\t<section class=\"elementor-section elementor-top-section elementor-element elementor-element-111c5b6 elementor-section-boxed elementor-section-height-default elementor-section-height-default\" data-id=\"111c5b6\" data-element_type=\"section\">\n\t\t\t\t\t\t<div class=\"elementor-container elementor-column-gap-default\">\n\t\t\t\t\t<div class=\"elementor-column elementor-col-100 elementor-top-column elementor-element elementor-element-e7e45c2\" data-id=\"e7e45c2\" data-element_type=\"column\">\n\t\t\t<div class=\"elementor-widget-wrap elementor-element-populated\">\n\t\t\t\t\t\t<div class=\"elementor-element elementor-element-f06fadc elementor-widget elementor-widget-heading\" data-id=\"f06fadc\" data-element_type=\"widget\" data-widget_type=\"heading.default\">\n\t\t\t\t<div class=\"elementor-widget-container\">\n\t\t\t\t\t<h2 class=\"elementor-heading-title elementor-size-default\">Envio Seguro: Opera\u00e7\u00e3o conjunta da PCSC, Receita Federal, Correios e COPC resulta na apreens\u00e3o de drogas na capital<\/h2>\t\t\t\t<\/div>\n\t\t\t\t<\/div>\n\t\t\t\t\t<\/div>\n\t\t<\/div>\n\t\t\t\t\t<\/div>\n\t\t<\/section>\n\t\t\t\t<section class=\"elementor-section elementor-top-section elementor-element elementor-element-6737578 elementor-section-boxed elementor-section-height-default elementor-section-height-default\" data-id=\"6737578\" data-element_type=\"section\">\n\t\t\t\t\t\t<div class=\"elementor-container elementor-column-gap-default\">\n\t\t\t\t\t<div class=\"elementor-column elementor-col-100 elementor-top-column elementor-element elementor-element-ad7da33\" data-id=\"ad7da33\" data-element_type=\"column\">\n\t\t\t<div class=\"elementor-widget-wrap elementor-element-populated\">\n\t\t\t\t\t\t<div class=\"elementor-element elementor-element-d74cb4e elementor-widget elementor-widget-image\" data-id=\"d74cb4e\" data-element_type=\"widget\" data-widget_type=\"image.default\">\n\t\t\t\t<div class=\"elementor-widget-container\">\n\t\t\t\t\t\t\t\t\t\t\t\t\t\t\t<img fetchpriority=\"high\" decoding=\"async\" width=\"573\" height=\"606\" src=\"https:\/\/pc.sc.gov.br\/\/wp-content\/uploads\/2025\/04\/3aa9275f-f428-48df-8196-dd0aa9bdf307-fotor-20250425135558.jpg\" class=\"attachment-large size-large wp-image-28287\" alt=\"\" srcset=\"https:\/\/pc.sc.gov.br\/\/wp-content\/uploads\/2025\/04\/3aa9275f-f428-48df-8196-dd0aa9bdf307-fotor-20250425135558.jpg 573w, https:\/\/pc.sc.gov.br\/\/wp-content\/uploads\/2025\/04\/3aa9275f-f428-48df-8196-dd0aa9bdf307-fotor-20250425135558-284x300.jpg 284w\" sizes=\"(max-width: 573px) 100vw, 573px\" \/>\t\t\t\t\t\t\t\t\t\t\t\t\t\t\t<\/div>\n\t\t\t\t<\/div>\n\t\t\t\t\t<\/div>\n\t\t<\/div>\n\t\t\t\t\t<\/div>\n\t\t<\/section>\n\t\t\t\t<section class=\"elementor-section elementor-top-section elementor-element elementor-element-9ddfe81 elementor-section-boxed elementor-section-height-default elementor-section-height-default\" data-id=\"9ddfe81\" data-element_type=\"section\">\n\t\t\t\t\t\t<div class=\"elementor-container elementor-column-gap-default\">\n\t\t\t\t\t<div class=\"elementor-column elementor-col-100 elementor-top-column elementor-element elementor-element-a8afb38\" data-id=\"a8afb38\" data-element_type=\"column\">\n\t\t\t<div class=\"elementor-widget-wrap elementor-element-populated\">\n\t\t\t\t\t\t<div class=\"elementor-element elementor-element-3dd2719 elementor-widget elementor-widget-text-editor\" data-id=\"3dd2719\" data-element_type=\"widget\" data-widget_type=\"text-editor.default\">\n\t\t\t\t<div class=\"elementor-widget-container\">\n\t\t\t\t\t\t\t\t\t<p>A Pol\u00edcia Civil de Santa Catarina, por meio da Delegacia de Combate \u00e0s Drogas do Departamento de Investiga\u00e7\u00e3o Criminal de Florian\u00f3polis (DECOD\/DIC), em a\u00e7\u00e3o conjunta com a Receita Federal, o Setor de Seguran\u00e7a Corporativa da Empresa Brasileira de Correios e Tel\u00e9grafos e a Coordenadoria de Opera\u00e7\u00f5es com C\u00e3es (COPC), realizou nesta sexta-feira (25) mais uma etapa da opera\u00e7\u00e3o Envio Seguro.\u00a0<\/p><p>A fiscaliza\u00e7\u00e3o coordenada em unidades postais resultou na apreens\u00e3o de aproximadamente 1.070 gramas de maconha (incluindo maconha comum e prensada), 320 gramas de skunk, 45 gramas de haxixe, 300 comprimidos de ecstasy, 50 gramas de MDMA e 5 gramas de coca\u00edna. Todo o material foi encaminhado para an\u00e1lise pericial, integrando os procedimentos investigativos em curso na DECOD\/DIC da Capital.\u00a0<\/p><p>A opera\u00e7\u00e3o \u201cEnvio Seguran\u00e7a\u201d evidencia o compromisso das institui\u00e7\u00f5es envolvidas com a repress\u00e3o ao tr\u00e1fico de drogas, especialmente no tocante ao uso indevido de servi\u00e7os postais para o transporte de subst\u00e2ncias il\u00edcitas, refor\u00e7ando a import\u00e2ncia da atua\u00e7\u00e3o coordenada entre os \u00f3rg\u00e3os de seguran\u00e7a p\u00fablica e parceiros institucionais.\u00a0<\/p><p>A DECOD reitera o convite \u00e0 popula\u00e7\u00e3o para enviar informa\u00e7\u00f5es de forma an\u00f4nima para pelo n\u00famero 181; pelo WhatsApp da PCSC (48 98844-0011) ou diretamente \u00e0 DECOD ou pelo telefone (48) 3664-2948. Sigilo Absoluto.<\/p>\t\t\t\t\t\t\t\t<\/div>\n\t\t\t\t<\/div>\n\t\t\t\t\t<\/div>\n\t\t<\/div>\n\t\t\t\t\t<\/div>\n\t\t<\/section>\n\t\t\t\t<\/div>\n\t\t","protected":false},"excerpt":{"rendered":"<p>Envio Seguro: Opera\u00e7\u00e3o conjunta da PCSC, Receita Federal, Correios e COPC resulta na apreens\u00e3o de drogas na capital A Pol\u00edcia Civil de Santa Catarina, por meio da Delegacia de Combate \u00e0s Drogas do Departamento de Investiga\u00e7\u00e3o Criminal de Florian\u00f3polis (DECOD\/DIC), em a\u00e7\u00e3o conjunta com a Receita Federal, o Setor de Seguran\u00e7a Corporativa da Empresa Brasileira [&hellip;]<\/p>\n","protected":false},"author":5,"featured_media":28287,"comment_status":"closed","ping_status":"open","sticky":false,"template":"","format":"standard","meta":{"_monsterinsights_skip_tracking":false,"_monsterinsights_sitenote_active":false,"_monsterinsights_sitenote_note":"","_monsterinsights_sitenote_category":0,"footnotes":""},"categories":[1],"tags":[],"class_list":["post-28286","post","type-post","status-publish","format-standard","has-post-thumbnail","hentry","category-sem-categoria"],"_links":{"self":[{"href":"https:\/\/pc.sc.gov.br\/index.php?rest_route=\/wp\/v2\/posts\/28286","targetHints":{"allow":["GET"]}}],"collection":[{"href":"https:\/\/pc.sc.gov.br\/index.php?rest_route=\/wp\/v2\/posts"}],"about":[{"href":"https:\/\/pc.sc.gov.br\/index.php?rest_route=\/wp\/v2\/types\/post"}],"author":[{"embeddable":true,"href":"https:\/\/pc.sc.gov.br\/index.php?rest_route=\/wp\/v2\/users\/5"}],"replies":[{"embeddable":true,"href":"https:\/\/pc.sc.gov.br\/index.php?rest_route=%2Fwp%2Fv2%2Fcomments&post=28286"}],"version-history":[{"count":4,"href":"https:\/\/pc.sc.gov.br\/index.php?rest_route=\/wp\/v2\/posts\/28286\/revisions"}],"predecessor-version":[{"id":28291,"href":"https:\/\/pc.sc.gov.br\/index.php?rest_route=\/wp\/v2\/posts\/28286\/revisions\/28291"}],"wp:featuredmedia":[{"embeddable":true,"href":"https:\/\/pc.sc.gov.br\/index.php?rest_route=\/wp\/v2\/media\/28287"}],"wp:attachment":[{"href":"https:\/\/pc.sc.gov.br\/index.php?rest_route=%2Fwp%2Fv2%2Fmedia&parent=28286"}],"wp:term":[{"taxonomy":"category","embeddable":true,"href":"https:\/\/pc.sc.gov.br\/index.php?rest_route=%2Fwp%2Fv2%2Fcategories&post=28286"},{"taxonomy":"post_tag","embeddable":true,"href":"https:\/\/pc.sc.gov.br\/index.php?rest_route=%2Fwp%2Fv2%2Ftags&post=28286"}],"curies":[{"name":"wp","href":"https:\/\/api.w.org\/{rel}","templated":true}]}}