{"id":28292,"date":"2025-04-25T14:47:59","date_gmt":"2025-04-25T17:47:59","guid":{"rendered":"https:\/\/pc.sc.gov.br\/?p=28292"},"modified":"2025-04-25T16:45:53","modified_gmt":"2025-04-25T19:45:53","slug":"operacao-conjunta-da-pcsc-e-pmsc-resulta-na-prisao-de-investigado-por-trafico-de-drogas-que-atuava-em-urubici","status":"publish","type":"post","link":"https:\/\/pc.sc.gov.br\/?p=28292","title":{"rendered":"Opera\u00e7\u00e3o conjunta da PCSC e PMSC resulta na pris\u00e3o de investigado por tr\u00e1fico de drogas que atuava em Urubici"},"content":{"rendered":"\t\t<div data-elementor-type=\"wp-post\" data-elementor-id=\"28292\" class=\"elementor elementor-28292\" data-elementor-post-type=\"post\">\n\t\t\t\t\t\t<section class=\"elementor-section elementor-top-section elementor-element elementor-element-69fde41 elementor-section-boxed elementor-section-height-default elementor-section-height-default\" data-id=\"69fde41\" data-element_type=\"section\">\n\t\t\t\t\t\t<div class=\"elementor-container elementor-column-gap-default\">\n\t\t\t\t\t<div class=\"elementor-column elementor-col-100 elementor-top-column elementor-element elementor-element-a24a8b4\" data-id=\"a24a8b4\" data-element_type=\"column\">\n\t\t\t<div class=\"elementor-widget-wrap elementor-element-populated\">\n\t\t\t\t\t\t<div class=\"elementor-element elementor-element-57e172b elementor-widget elementor-widget-heading\" data-id=\"57e172b\" data-element_type=\"widget\" data-widget_type=\"heading.default\">\n\t\t\t\t<div class=\"elementor-widget-container\">\n\t\t\t\t\t<h2 class=\"elementor-heading-title elementor-size-default\">Opera\u00e7\u00e3o conjunta da PCSC e PMSC resulta na pris\u00e3o de investigado por tr\u00e1fico de drogas que atuava em Urubici<\/h2>\t\t\t\t<\/div>\n\t\t\t\t<\/div>\n\t\t\t\t\t<\/div>\n\t\t<\/div>\n\t\t\t\t\t<\/div>\n\t\t<\/section>\n\t\t\t\t<section class=\"elementor-section elementor-top-section elementor-element elementor-element-6ac3d1d elementor-section-boxed elementor-section-height-default elementor-section-height-default\" data-id=\"6ac3d1d\" data-element_type=\"section\">\n\t\t\t\t\t\t<div class=\"elementor-container elementor-column-gap-default\">\n\t\t\t\t\t<div class=\"elementor-column elementor-col-100 elementor-top-column elementor-element elementor-element-d8954ec\" data-id=\"d8954ec\" data-element_type=\"column\">\n\t\t\t<div class=\"elementor-widget-wrap elementor-element-populated\">\n\t\t\t\t\t\t<div class=\"elementor-element elementor-element-993d261 elementor-widget elementor-widget-image\" data-id=\"993d261\" data-element_type=\"widget\" data-widget_type=\"image.default\">\n\t\t\t\t<div class=\"elementor-widget-container\">\n\t\t\t\t\t\t\t\t\t\t\t\t\t\t\t<img fetchpriority=\"high\" decoding=\"async\" width=\"696\" height=\"778\" src=\"https:\/\/pc.sc.gov.br\/\/wp-content\/uploads\/2025\/04\/dfbb5887-3aab-4aab-974d-8121ef85aa44-fotor-20250425144731.jpg\" class=\"attachment-large size-large wp-image-28293\" alt=\"\" srcset=\"https:\/\/pc.sc.gov.br\/\/wp-content\/uploads\/2025\/04\/dfbb5887-3aab-4aab-974d-8121ef85aa44-fotor-20250425144731.jpg 720w, https:\/\/pc.sc.gov.br\/\/wp-content\/uploads\/2025\/04\/dfbb5887-3aab-4aab-974d-8121ef85aa44-fotor-20250425144731-268x300.jpg 268w\" sizes=\"(max-width: 696px) 100vw, 696px\" \/>\t\t\t\t\t\t\t\t\t\t\t\t\t\t\t<\/div>\n\t\t\t\t<\/div>\n\t\t\t\t\t<\/div>\n\t\t<\/div>\n\t\t\t\t\t<\/div>\n\t\t<\/section>\n\t\t\t\t<section class=\"elementor-section elementor-top-section elementor-element elementor-element-9b206d5 elementor-section-boxed elementor-section-height-default elementor-section-height-default\" data-id=\"9b206d5\" data-element_type=\"section\">\n\t\t\t\t\t\t<div class=\"elementor-container elementor-column-gap-default\">\n\t\t\t\t\t<div class=\"elementor-column elementor-col-100 elementor-top-column elementor-element elementor-element-87a883a\" data-id=\"87a883a\" data-element_type=\"column\">\n\t\t\t<div class=\"elementor-widget-wrap elementor-element-populated\">\n\t\t\t\t\t\t<div class=\"elementor-element elementor-element-cefd665 elementor-widget elementor-widget-text-editor\" data-id=\"cefd665\" data-element_type=\"widget\" data-widget_type=\"text-editor.default\">\n\t\t\t\t<div class=\"elementor-widget-container\">\n\t\t\t\t\t\t\t\t\t<p>A Pol\u00edcia Civil e a Pol\u00edcia Militar, em opera\u00e7\u00e3o conjunta, com apoio do N\u00facleo de Opera\u00e7\u00f5es com C\u00e3es (NOC), na manh\u00e3 desta sexta-feira (25), deu cumprimento a 2 mandados de busca e apreens\u00e3o que resultaram na pris\u00e3o de um indiv\u00edduo por tr\u00e1fico de drogas, em Urubici.<\/p><p>As investiga\u00e7\u00f5es come\u00e7aram h\u00e1 a cerca de 2 meses ap\u00f3s os policiais receberem den\u00fancias de que um indiv\u00edduo estava atuando no tr\u00e1fico de drogas e portando armas de fogo no bairro Campestre, em Urubici. Iniciadas as dilig\u00eancias, foram identificados os locais onde o alvo autuava, sendo representada pela expedi\u00e7\u00e3o de mandados de busca e apreens\u00e3o.<\/p><p>Deferidos os pedidos, equipes das Pol\u00edcias Civil e Militar se deslocaram at\u00e9 a resid\u00eancia do investigado e, durante a dilig\u00eancia, foram localizadas drogas, balan\u00e7a de precis\u00e3o, um simulacro de arma de fogo e cerca de R$ 70.000 em dinheiro, usado no com\u00e9rcio do entorpecente. Tamb\u00e9m foi apreendido um ve\u00edculo usado para buscar drogas.<\/p><p>Foi dado voz de pris\u00e3o pelo crime de tr\u00e1fico de drogas e o indiv\u00edduo conduzido para a delegacia de policia para formaliza\u00e7\u00e3o de sua pris\u00e3o em flagrante.<\/p><p>Ainda, durante os trabalhos, o preso se autolesionou alegando ter sido agredido pelos policiais com a finalidade de ser liberado na audi\u00eancia de cust\u00f3dia e prejudicar os policiais. Em raz\u00e3o disso, tamb\u00e9m foi autuado por denuncia\u00e7\u00e3o caluniosa contra os policiais. Formalizados os procedimentos legais, foi encaminhado para o sistema penitenci\u00e1rio, onde ficar\u00e1 \u00e0 disposi\u00e7\u00e3o da justi\u00e7a.<\/p>\t\t\t\t\t\t\t\t<\/div>\n\t\t\t\t<\/div>\n\t\t\t\t\t<\/div>\n\t\t<\/div>\n\t\t\t\t\t<\/div>\n\t\t<\/section>\n\t\t\t\t<\/div>\n\t\t","protected":false},"excerpt":{"rendered":"<p>Opera\u00e7\u00e3o conjunta da PCSC e PMSC resulta na pris\u00e3o de investigado por tr\u00e1fico de drogas que atuava em Urubici A Pol\u00edcia Civil e a Pol\u00edcia Militar, em opera\u00e7\u00e3o conjunta, com apoio do N\u00facleo de Opera\u00e7\u00f5es com C\u00e3es (NOC), na manh\u00e3 desta sexta-feira (25), deu cumprimento a 2 mandados de busca e apreens\u00e3o que resultaram na [&hellip;]<\/p>\n","protected":false},"author":5,"featured_media":27408,"comment_status":"closed","ping_status":"open","sticky":false,"template":"","format":"standard","meta":{"_monsterinsights_skip_tracking":false,"_monsterinsights_sitenote_active":false,"_monsterinsights_sitenote_note":"","_monsterinsights_sitenote_category":0,"footnotes":""},"categories":[1],"tags":[],"class_list":["post-28292","post","type-post","status-publish","format-standard","has-post-thumbnail","hentry","category-sem-categoria"],"_links":{"self":[{"href":"https:\/\/pc.sc.gov.br\/index.php?rest_route=\/wp\/v2\/posts\/28292","targetHints":{"allow":["GET"]}}],"collection":[{"href":"https:\/\/pc.sc.gov.br\/index.php?rest_route=\/wp\/v2\/posts"}],"about":[{"href":"https:\/\/pc.sc.gov.br\/index.php?rest_route=\/wp\/v2\/types\/post"}],"author":[{"embeddable":true,"href":"https:\/\/pc.sc.gov.br\/index.php?rest_route=\/wp\/v2\/users\/5"}],"replies":[{"embeddable":true,"href":"https:\/\/pc.sc.gov.br\/index.php?rest_route=%2Fwp%2Fv2%2Fcomments&post=28292"}],"version-history":[{"count":4,"href":"https:\/\/pc.sc.gov.br\/index.php?rest_route=\/wp\/v2\/posts\/28292\/revisions"}],"predecessor-version":[{"id":28297,"href":"https:\/\/pc.sc.gov.br\/index.php?rest_route=\/wp\/v2\/posts\/28292\/revisions\/28297"}],"wp:featuredmedia":[{"embeddable":true,"href":"https:\/\/pc.sc.gov.br\/index.php?rest_route=\/wp\/v2\/media\/27408"}],"wp:attachment":[{"href":"https:\/\/pc.sc.gov.br\/index.php?rest_route=%2Fwp%2Fv2%2Fmedia&parent=28292"}],"wp:term":[{"taxonomy":"category","embeddable":true,"href":"https:\/\/pc.sc.gov.br\/index.php?rest_route=%2Fwp%2Fv2%2Fcategories&post=28292"},{"taxonomy":"post_tag","embeddable":true,"href":"https:\/\/pc.sc.gov.br\/index.php?rest_route=%2Fwp%2Fv2%2Ftags&post=28292"}],"curies":[{"name":"wp","href":"https:\/\/api.w.org\/{rel}","templated":true}]}}