{"id":28299,"date":"2025-04-25T15:37:35","date_gmt":"2025-04-25T18:37:35","guid":{"rendered":"https:\/\/pc.sc.gov.br\/?p=28299"},"modified":"2025-04-25T15:50:53","modified_gmt":"2025-04-25T18:50:53","slug":"decod-de-itajai-deflagra-operacao-e-prende-dois-investigados-pelo-crime-de-trafico-de-drogas","status":"publish","type":"post","link":"https:\/\/pc.sc.gov.br\/?p=28299","title":{"rendered":"DECOD de Itaja\u00ed deflagra opera\u00e7\u00e3o e prende dois investigados pelo crime de tr\u00e1fico de drogas"},"content":{"rendered":"\t\t<div data-elementor-type=\"wp-post\" data-elementor-id=\"28299\" class=\"elementor elementor-28299\" data-elementor-post-type=\"post\">\n\t\t\t\t\t\t<section class=\"elementor-section elementor-top-section elementor-element elementor-element-dd77981 elementor-section-boxed elementor-section-height-default elementor-section-height-default\" data-id=\"dd77981\" data-element_type=\"section\">\n\t\t\t\t\t\t<div class=\"elementor-container elementor-column-gap-default\">\n\t\t\t\t\t<div class=\"elementor-column elementor-col-100 elementor-top-column elementor-element elementor-element-af4f408\" data-id=\"af4f408\" data-element_type=\"column\">\n\t\t\t<div class=\"elementor-widget-wrap elementor-element-populated\">\n\t\t\t\t\t\t<div class=\"elementor-element elementor-element-76fd8df elementor-widget elementor-widget-heading\" data-id=\"76fd8df\" data-element_type=\"widget\" data-widget_type=\"heading.default\">\n\t\t\t\t<div class=\"elementor-widget-container\">\n\t\t\t\t\t<h2 class=\"elementor-heading-title elementor-size-default\">DECOD de Itaja\u00ed deflagra opera\u00e7\u00e3o e prende dois investigados pelo crime de tr\u00e1fico de drogas<\/h2>\t\t\t\t<\/div>\n\t\t\t\t<\/div>\n\t\t\t\t\t<\/div>\n\t\t<\/div>\n\t\t\t\t\t<\/div>\n\t\t<\/section>\n\t\t\t\t<section class=\"elementor-section elementor-top-section elementor-element elementor-element-68c89b0 elementor-section-boxed elementor-section-height-default elementor-section-height-default\" data-id=\"68c89b0\" data-element_type=\"section\">\n\t\t\t\t\t\t<div class=\"elementor-container elementor-column-gap-default\">\n\t\t\t\t\t<div class=\"elementor-column elementor-col-100 elementor-top-column elementor-element elementor-element-217b57a\" data-id=\"217b57a\" data-element_type=\"column\">\n\t\t\t<div class=\"elementor-widget-wrap elementor-element-populated\">\n\t\t\t\t\t\t<div class=\"elementor-element elementor-element-7377d86 elementor-widget elementor-widget-image\" data-id=\"7377d86\" data-element_type=\"widget\" data-widget_type=\"image.default\">\n\t\t\t\t<div class=\"elementor-widget-container\">\n\t\t\t\t\t\t\t\t\t\t\t\t\t\t\t<img fetchpriority=\"high\" decoding=\"async\" width=\"225\" height=\"300\" src=\"https:\/\/pc.sc.gov.br\/\/wp-content\/uploads\/2025\/04\/WhatsApp-Image-2025-04-25-at-15.02.02-1-225x300.jpeg\" class=\"attachment-medium size-medium wp-image-28300\" alt=\"\" srcset=\"https:\/\/pc.sc.gov.br\/\/wp-content\/uploads\/2025\/04\/WhatsApp-Image-2025-04-25-at-15.02.02-1-225x300.jpeg 225w, https:\/\/pc.sc.gov.br\/\/wp-content\/uploads\/2025\/04\/WhatsApp-Image-2025-04-25-at-15.02.02-1-768x1024.jpeg 768w, https:\/\/pc.sc.gov.br\/\/wp-content\/uploads\/2025\/04\/WhatsApp-Image-2025-04-25-at-15.02.02-1-1152x1536.jpeg 1152w, https:\/\/pc.sc.gov.br\/\/wp-content\/uploads\/2025\/04\/WhatsApp-Image-2025-04-25-at-15.02.02-1.jpeg 1200w\" sizes=\"(max-width: 225px) 100vw, 225px\" \/>\t\t\t\t\t\t\t\t\t\t\t\t\t\t\t<\/div>\n\t\t\t\t<\/div>\n\t\t\t\t\t<\/div>\n\t\t<\/div>\n\t\t\t\t\t<\/div>\n\t\t<\/section>\n\t\t\t\t<section class=\"elementor-section elementor-top-section elementor-element elementor-element-b12ebc0 elementor-section-boxed elementor-section-height-default elementor-section-height-default\" data-id=\"b12ebc0\" data-element_type=\"section\">\n\t\t\t\t\t\t<div class=\"elementor-container elementor-column-gap-default\">\n\t\t\t\t\t<div class=\"elementor-column elementor-col-100 elementor-top-column elementor-element elementor-element-a890ddf\" data-id=\"a890ddf\" data-element_type=\"column\">\n\t\t\t<div class=\"elementor-widget-wrap elementor-element-populated\">\n\t\t\t\t\t\t<div class=\"elementor-element elementor-element-b8bc0bf elementor-widget elementor-widget-text-editor\" data-id=\"b8bc0bf\" data-element_type=\"widget\" data-widget_type=\"text-editor.default\">\n\t\t\t\t<div class=\"elementor-widget-container\">\n\t\t\t\t\t\t\t\t\t<p>A Pol\u00edcia Civil de Santa Catarina, por meio da Delegacia de Combate \u00e0s Drogas do Departamento de Investiga\u00e7\u00e3o Criminal de Itaja\u00ed (DECOD\/DIC), com o apoio da Delegacia de Homic\u00eddios e do Setor de Investiga\u00e7\u00e3o Criminal (SIC) de Itaja\u00ed, deflagrou na quinta-feira (24) uma opera\u00e7\u00e3o policial voltada ao combate ao tr\u00e1fico de entorpecentes na regi\u00e3o.<\/p>\n<p>Durante a a\u00e7\u00e3o, foram cumpridos sete mandados judiciais de busca e apreens\u00e3o em diferentes endere\u00e7os da cidade de Itaja\u00ed, resultando na pris\u00e3o em flagrante de dois indiv\u00edduos pelo crime de tr\u00e1fico de drogas. Com os suspeitos, os policiais localizaram e apreenderam por\u00e7\u00f5es de maconha e coca\u00edna, al\u00e9m de outros elementos relacionados \u00e0 atividade criminosa.<\/p>\n<p>Um dos detidos tamb\u00e9m foi autuado pelos crimes de resist\u00eancia e desobedi\u00eancia, em raz\u00e3o de sua conduta durante a abordagem policial. Ap\u00f3s a formaliza\u00e7\u00e3o dos Autos de Pris\u00e3o em Flagrante na sede da DIC de Itaja\u00ed, os presos foram encaminhados ao sistema penitenci\u00e1rio, onde permanecem \u00e0 disposi\u00e7\u00e3o do Poder Judici\u00e1rio.<\/p>\n<p>A PCSC refor\u00e7a seu compromisso com o enfrentamento ao tr\u00e1fico de drogas e a promo\u00e7\u00e3o da seguran\u00e7a p\u00fablica em toda a regi\u00e3o. <b>Denuncie pelo 181. Sigilo Absoluto.<\/b><\/p>\t\t\t\t\t\t\t\t<\/div>\n\t\t\t\t<\/div>\n\t\t\t\t\t<\/div>\n\t\t<\/div>\n\t\t\t\t\t<\/div>\n\t\t<\/section>\n\t\t\t\t<\/div>\n\t\t","protected":false},"excerpt":{"rendered":"<p>DECOD de Itaja\u00ed deflagra opera\u00e7\u00e3o e prende dois investigados pelo crime de tr\u00e1fico de drogas A Pol\u00edcia Civil de Santa Catarina, por meio da Delegacia de Combate \u00e0s Drogas do Departamento de Investiga\u00e7\u00e3o Criminal de Itaja\u00ed (DECOD\/DIC), com o apoio da Delegacia de Homic\u00eddios e do Setor de Investiga\u00e7\u00e3o Criminal (SIC) de Itaja\u00ed, deflagrou na [&hellip;]<\/p>\n","protected":false},"author":5,"featured_media":28309,"comment_status":"closed","ping_status":"open","sticky":false,"template":"","format":"standard","meta":{"_monsterinsights_skip_tracking":false,"_monsterinsights_sitenote_active":false,"_monsterinsights_sitenote_note":"","_monsterinsights_sitenote_category":0,"footnotes":""},"categories":[1],"tags":[],"class_list":["post-28299","post","type-post","status-publish","format-standard","has-post-thumbnail","hentry","category-sem-categoria"],"_links":{"self":[{"href":"https:\/\/pc.sc.gov.br\/index.php?rest_route=\/wp\/v2\/posts\/28299","targetHints":{"allow":["GET"]}}],"collection":[{"href":"https:\/\/pc.sc.gov.br\/index.php?rest_route=\/wp\/v2\/posts"}],"about":[{"href":"https:\/\/pc.sc.gov.br\/index.php?rest_route=\/wp\/v2\/types\/post"}],"author":[{"embeddable":true,"href":"https:\/\/pc.sc.gov.br\/index.php?rest_route=\/wp\/v2\/users\/5"}],"replies":[{"embeddable":true,"href":"https:\/\/pc.sc.gov.br\/index.php?rest_route=%2Fwp%2Fv2%2Fcomments&post=28299"}],"version-history":[{"count":3,"href":"https:\/\/pc.sc.gov.br\/index.php?rest_route=\/wp\/v2\/posts\/28299\/revisions"}],"predecessor-version":[{"id":28303,"href":"https:\/\/pc.sc.gov.br\/index.php?rest_route=\/wp\/v2\/posts\/28299\/revisions\/28303"}],"wp:featuredmedia":[{"embeddable":true,"href":"https:\/\/pc.sc.gov.br\/index.php?rest_route=\/wp\/v2\/media\/28309"}],"wp:attachment":[{"href":"https:\/\/pc.sc.gov.br\/index.php?rest_route=%2Fwp%2Fv2%2Fmedia&parent=28299"}],"wp:term":[{"taxonomy":"category","embeddable":true,"href":"https:\/\/pc.sc.gov.br\/index.php?rest_route=%2Fwp%2Fv2%2Fcategories&post=28299"},{"taxonomy":"post_tag","embeddable":true,"href":"https:\/\/pc.sc.gov.br\/index.php?rest_route=%2Fwp%2Fv2%2Ftags&post=28299"}],"curies":[{"name":"wp","href":"https:\/\/api.w.org\/{rel}","templated":true}]}}