{"id":28304,"date":"2025-04-25T15:47:33","date_gmt":"2025-04-25T18:47:33","guid":{"rendered":"https:\/\/pc.sc.gov.br\/?p=28304"},"modified":"2025-04-25T15:48:22","modified_gmt":"2025-04-25T18:48:22","slug":"policia-civil-conclui-inquerito-sobre-morte-de-crianca-esquecida-em-veiculo-e-afasta-responsabilidade-criminal-da-genitora","status":"publish","type":"post","link":"https:\/\/pc.sc.gov.br\/?p=28304","title":{"rendered":"Pol\u00edcia Civil conclui inqu\u00e9rito sobre morte de crian\u00e7a esquecida em ve\u00edculo e afasta responsabilidade criminal da genitora"},"content":{"rendered":"\t\t<div data-elementor-type=\"wp-post\" data-elementor-id=\"28304\" class=\"elementor elementor-28304\" data-elementor-post-type=\"post\">\n\t\t\t\t\t\t<section class=\"elementor-section elementor-top-section elementor-element elementor-element-867a9dc elementor-section-boxed elementor-section-height-default elementor-section-height-default\" data-id=\"867a9dc\" data-element_type=\"section\">\n\t\t\t\t\t\t<div class=\"elementor-container elementor-column-gap-default\">\n\t\t\t\t\t<div class=\"elementor-column elementor-col-100 elementor-top-column elementor-element elementor-element-d025215\" data-id=\"d025215\" data-element_type=\"column\">\n\t\t\t<div class=\"elementor-widget-wrap elementor-element-populated\">\n\t\t\t\t\t\t<div class=\"elementor-element elementor-element-5940e91 elementor-widget elementor-widget-heading\" data-id=\"5940e91\" data-element_type=\"widget\" data-widget_type=\"heading.default\">\n\t\t\t\t<div class=\"elementor-widget-container\">\n\t\t\t\t\t<h2 class=\"elementor-heading-title elementor-size-default\">Pol\u00edcia Civil conclui inqu\u00e9rito sobre morte de crian\u00e7a esquecida em ve\u00edculo e afasta responsabilidade criminal da genitora<\/h2>\t\t\t\t<\/div>\n\t\t\t\t<\/div>\n\t\t\t\t\t<\/div>\n\t\t<\/div>\n\t\t\t\t\t<\/div>\n\t\t<\/section>\n\t\t\t\t<section class=\"elementor-section elementor-top-section elementor-element elementor-element-6448f67 elementor-section-boxed elementor-section-height-default elementor-section-height-default\" data-id=\"6448f67\" data-element_type=\"section\">\n\t\t\t\t\t\t<div class=\"elementor-container elementor-column-gap-default\">\n\t\t\t\t\t<div class=\"elementor-column elementor-col-100 elementor-top-column elementor-element elementor-element-7f9b163\" data-id=\"7f9b163\" data-element_type=\"column\">\n\t\t\t<div class=\"elementor-widget-wrap elementor-element-populated\">\n\t\t\t\t\t\t<div class=\"elementor-element elementor-element-74157e0 elementor-widget elementor-widget-image\" data-id=\"74157e0\" data-element_type=\"widget\" data-widget_type=\"image.default\">\n\t\t\t\t<div class=\"elementor-widget-container\">\n\t\t\t\t\t\t\t\t\t\t\t\t\t\t\t<img fetchpriority=\"high\" decoding=\"async\" width=\"696\" height=\"583\" src=\"https:\/\/pc.sc.gov.br\/\/wp-content\/uploads\/2023\/06\/pcscsfjsnfjsngjdfgn-2.jpg\" class=\"attachment-large size-large wp-image-10607\" alt=\"\" srcset=\"https:\/\/pc.sc.gov.br\/\/wp-content\/uploads\/2023\/06\/pcscsfjsnfjsngjdfgn-2.jpg 940w, https:\/\/pc.sc.gov.br\/\/wp-content\/uploads\/2023\/06\/pcscsfjsnfjsngjdfgn-2-300x251.jpg 300w, https:\/\/pc.sc.gov.br\/\/wp-content\/uploads\/2023\/06\/pcscsfjsnfjsngjdfgn-2-768x644.jpg 768w\" sizes=\"(max-width: 696px) 100vw, 696px\" \/>\t\t\t\t\t\t\t\t\t\t\t\t\t\t\t<\/div>\n\t\t\t\t<\/div>\n\t\t\t\t\t<\/div>\n\t\t<\/div>\n\t\t\t\t\t<\/div>\n\t\t<\/section>\n\t\t\t\t<section class=\"elementor-section elementor-top-section elementor-element elementor-element-08df9aa elementor-section-boxed elementor-section-height-default elementor-section-height-default\" data-id=\"08df9aa\" data-element_type=\"section\">\n\t\t\t\t\t\t<div class=\"elementor-container elementor-column-gap-default\">\n\t\t\t\t\t<div class=\"elementor-column elementor-col-100 elementor-top-column elementor-element elementor-element-2674a79\" data-id=\"2674a79\" data-element_type=\"column\">\n\t\t\t<div class=\"elementor-widget-wrap elementor-element-populated\">\n\t\t\t\t\t\t<div class=\"elementor-element elementor-element-92916cf elementor-widget elementor-widget-text-editor\" data-id=\"92916cf\" data-element_type=\"widget\" data-widget_type=\"text-editor.default\">\n\t\t\t\t<div class=\"elementor-widget-container\">\n\t\t\t\t\t\t\t\t\t<p>A Pol\u00edcia Civil de Santa Catarina, por meio da Delegacia de Prote\u00e7\u00e3o \u00e0 Crian\u00e7a, Adolescente, Mulher e Idoso de Joinville, concluiu o inqu\u00e9rito que apurava a morte de uma crian\u00e7a de 3 anos, ocorrida em setembro de 2024. A investiga\u00e7\u00e3o apontou pela exclus\u00e3o de responsabilidade criminal da genitora da crian\u00e7a.<br \/>Segundo apurado, a crian\u00e7a foi esquecida involuntariamente no interior do ve\u00edculo da m\u00e3e, estacionado em uma associa\u00e7\u00e3o recreativa na zona sul da cidade. O menor permaneceu no carro por cerca de 10 horas, o que resultou em sua morte por hipertermia (eleva\u00e7\u00e3o excessiva da temperatura corporal). Laudos t\u00e9cnicos e oitivas de testemunhas indicaram que a m\u00e3e acreditava ter deixado o filho na escola, sendo surpreendida com a aus\u00eancia da crian\u00e7a apenas ao retornar para busc\u00e1-la no fim do dia.<br \/>O relat\u00f3rio final destaca que a conduta da genitora n\u00e3o preenche os requisitos do crime culposo, uma vez que n\u00e3o se verificou a previsibilidade do resultado. Foi reconhecida a ocorr\u00eancia de um fen\u00f4meno neurol\u00f3gico conhecido como \u201cS\u00edndrome da Crian\u00e7a Esquecida no Carro\u201d, o qual pode acometer qualquer pessoa, especialmente em situa\u00e7\u00f5es de estresse ou altera\u00e7\u00e3o de rotina.<br \/>\u201cDiante da aus\u00eancia do elemento da previsibilidade, essencial \u00e0 caracteriza\u00e7\u00e3o da culpa, conclu\u00edmos que a conduta \u00e9 at\u00edpica do ponto de vista penal. Por isso, n\u00e3o foi realizado o indiciamento da genitora\u201d, afirmou o delegado Luis Enrique Carvalho, respons\u00e1vel pelo caso.<br \/>Com a conclus\u00e3o do inqu\u00e9rito, o procedimento foi encaminhado ao Minist\u00e9rio P\u00fablico para aprecia\u00e7\u00e3o.<\/p>\t\t\t\t\t\t\t\t<\/div>\n\t\t\t\t<\/div>\n\t\t\t\t\t<\/div>\n\t\t<\/div>\n\t\t\t\t\t<\/div>\n\t\t<\/section>\n\t\t\t\t<\/div>\n\t\t","protected":false},"excerpt":{"rendered":"<p>Pol\u00edcia Civil conclui inqu\u00e9rito sobre morte de crian\u00e7a esquecida em ve\u00edculo e afasta responsabilidade criminal da genitora A Pol\u00edcia Civil de Santa Catarina, por meio da Delegacia de Prote\u00e7\u00e3o \u00e0 Crian\u00e7a, Adolescente, Mulher e Idoso de Joinville, concluiu o inqu\u00e9rito que apurava a morte de uma crian\u00e7a de 3 anos, ocorrida em setembro de 2024. [&hellip;]<\/p>\n","protected":false},"author":5,"featured_media":10607,"comment_status":"closed","ping_status":"open","sticky":false,"template":"","format":"standard","meta":{"_monsterinsights_skip_tracking":false,"_monsterinsights_sitenote_active":false,"_monsterinsights_sitenote_note":"","_monsterinsights_sitenote_category":0,"footnotes":""},"categories":[1],"tags":[],"class_list":["post-28304","post","type-post","status-publish","format-standard","has-post-thumbnail","hentry","category-sem-categoria"],"_links":{"self":[{"href":"https:\/\/pc.sc.gov.br\/index.php?rest_route=\/wp\/v2\/posts\/28304","targetHints":{"allow":["GET"]}}],"collection":[{"href":"https:\/\/pc.sc.gov.br\/index.php?rest_route=\/wp\/v2\/posts"}],"about":[{"href":"https:\/\/pc.sc.gov.br\/index.php?rest_route=\/wp\/v2\/types\/post"}],"author":[{"embeddable":true,"href":"https:\/\/pc.sc.gov.br\/index.php?rest_route=\/wp\/v2\/users\/5"}],"replies":[{"embeddable":true,"href":"https:\/\/pc.sc.gov.br\/index.php?rest_route=%2Fwp%2Fv2%2Fcomments&post=28304"}],"version-history":[{"count":4,"href":"https:\/\/pc.sc.gov.br\/index.php?rest_route=\/wp\/v2\/posts\/28304\/revisions"}],"predecessor-version":[{"id":28308,"href":"https:\/\/pc.sc.gov.br\/index.php?rest_route=\/wp\/v2\/posts\/28304\/revisions\/28308"}],"wp:featuredmedia":[{"embeddable":true,"href":"https:\/\/pc.sc.gov.br\/index.php?rest_route=\/wp\/v2\/media\/10607"}],"wp:attachment":[{"href":"https:\/\/pc.sc.gov.br\/index.php?rest_route=%2Fwp%2Fv2%2Fmedia&parent=28304"}],"wp:term":[{"taxonomy":"category","embeddable":true,"href":"https:\/\/pc.sc.gov.br\/index.php?rest_route=%2Fwp%2Fv2%2Fcategories&post=28304"},{"taxonomy":"post_tag","embeddable":true,"href":"https:\/\/pc.sc.gov.br\/index.php?rest_route=%2Fwp%2Fv2%2Ftags&post=28304"}],"curies":[{"name":"wp","href":"https:\/\/api.w.org\/{rel}","templated":true}]}}