{"id":28326,"date":"2025-04-28T14:26:28","date_gmt":"2025-04-28T17:26:28","guid":{"rendered":"https:\/\/pc.sc.gov.br\/?p=28326"},"modified":"2025-04-28T14:27:25","modified_gmt":"2025-04-28T17:27:25","slug":"operacao-integrada-contra-trafico-de-drogas-em-itajai-resulta-na-prisao-de-quatro-investigados-e-apreensao-de-drogas","status":"publish","type":"post","link":"https:\/\/pc.sc.gov.br\/?p=28326","title":{"rendered":"Opera\u00e7\u00e3o integrada contra tr\u00e1fico de drogas em Itaja\u00ed resulta na pris\u00e3o de quatro investigados e apreens\u00e3o de drogas"},"content":{"rendered":"\t\t<div data-elementor-type=\"wp-post\" data-elementor-id=\"28326\" class=\"elementor elementor-28326\" data-elementor-post-type=\"post\">\n\t\t\t\t\t\t<section class=\"elementor-section elementor-top-section elementor-element elementor-element-5ff202b elementor-section-boxed elementor-section-height-default elementor-section-height-default\" data-id=\"5ff202b\" data-element_type=\"section\">\n\t\t\t\t\t\t<div class=\"elementor-container elementor-column-gap-default\">\n\t\t\t\t\t<div class=\"elementor-column elementor-col-100 elementor-top-column elementor-element elementor-element-ca3f23a\" data-id=\"ca3f23a\" data-element_type=\"column\">\n\t\t\t<div class=\"elementor-widget-wrap elementor-element-populated\">\n\t\t\t\t\t\t<div class=\"elementor-element elementor-element-03ebe47 elementor-widget elementor-widget-heading\" data-id=\"03ebe47\" data-element_type=\"widget\" data-widget_type=\"heading.default\">\n\t\t\t\t<div class=\"elementor-widget-container\">\n\t\t\t\t\t<h2 class=\"elementor-heading-title elementor-size-default\">Opera\u00e7\u00e3o integrada contra tr\u00e1fico de drogas em Itaja\u00ed resulta na pris\u00e3o de quatro investigados e apreens\u00e3o de drogas<\/h2>\t\t\t\t<\/div>\n\t\t\t\t<\/div>\n\t\t\t\t\t<\/div>\n\t\t<\/div>\n\t\t\t\t\t<\/div>\n\t\t<\/section>\n\t\t\t\t<section class=\"elementor-section elementor-top-section elementor-element elementor-element-8a50dbf elementor-section-boxed elementor-section-height-default elementor-section-height-default\" data-id=\"8a50dbf\" data-element_type=\"section\">\n\t\t\t\t\t\t<div class=\"elementor-container elementor-column-gap-default\">\n\t\t\t\t\t<div class=\"elementor-column elementor-col-100 elementor-top-column elementor-element elementor-element-df84104\" data-id=\"df84104\" data-element_type=\"column\">\n\t\t\t<div class=\"elementor-widget-wrap elementor-element-populated\">\n\t\t\t\t\t\t<div class=\"elementor-element elementor-element-9442c2d elementor-widget elementor-widget-image\" data-id=\"9442c2d\" data-element_type=\"widget\" data-widget_type=\"image.default\">\n\t\t\t\t<div class=\"elementor-widget-container\">\n\t\t\t\t\t\t\t\t\t\t\t\t\t\t\t<img fetchpriority=\"high\" decoding=\"async\" width=\"696\" height=\"422\" src=\"https:\/\/pc.sc.gov.br\/\/wp-content\/uploads\/2025\/04\/4f55daeb-3c6b-4a3c-9c87-0cd24517d68d-fotor-2025042814189-1024x621.jpg\" class=\"attachment-large size-large wp-image-28328\" alt=\"\" srcset=\"https:\/\/pc.sc.gov.br\/\/wp-content\/uploads\/2025\/04\/4f55daeb-3c6b-4a3c-9c87-0cd24517d68d-fotor-2025042814189-1024x621.jpg 1024w, https:\/\/pc.sc.gov.br\/\/wp-content\/uploads\/2025\/04\/4f55daeb-3c6b-4a3c-9c87-0cd24517d68d-fotor-2025042814189-300x182.jpg 300w, https:\/\/pc.sc.gov.br\/\/wp-content\/uploads\/2025\/04\/4f55daeb-3c6b-4a3c-9c87-0cd24517d68d-fotor-2025042814189-768x466.jpg 768w, https:\/\/pc.sc.gov.br\/\/wp-content\/uploads\/2025\/04\/4f55daeb-3c6b-4a3c-9c87-0cd24517d68d-fotor-2025042814189.jpg 1080w\" sizes=\"(max-width: 696px) 100vw, 696px\" \/>\t\t\t\t\t\t\t\t\t\t\t\t\t\t\t<\/div>\n\t\t\t\t<\/div>\n\t\t\t\t\t<\/div>\n\t\t<\/div>\n\t\t\t\t\t<\/div>\n\t\t<\/section>\n\t\t\t\t<section class=\"elementor-section elementor-top-section elementor-element elementor-element-eb934e7 elementor-section-boxed elementor-section-height-default elementor-section-height-default\" data-id=\"eb934e7\" data-element_type=\"section\">\n\t\t\t\t\t\t<div class=\"elementor-container elementor-column-gap-default\">\n\t\t\t\t\t<div class=\"elementor-column elementor-col-100 elementor-top-column elementor-element elementor-element-7ae959a\" data-id=\"7ae959a\" data-element_type=\"column\">\n\t\t\t<div class=\"elementor-widget-wrap elementor-element-populated\">\n\t\t\t\t\t\t<div class=\"elementor-element elementor-element-d8e9f09 elementor-widget elementor-widget-text-editor\" data-id=\"d8e9f09\" data-element_type=\"widget\" data-widget_type=\"text-editor.default\">\n\t\t\t\t<div class=\"elementor-widget-container\">\n\t\t\t\t\t\t\t\t\t<p>A Pol\u00edcia Civil de Santa Catarina, por meio da Delegacia de Combate \u00e0s Drogas (DECOD\/DIC) de Itaja\u00ed, deflagrou nesta segunda-feira (28) a Opera\u00e7\u00e3o &#8220;Mamba Negra&#8221;, visando desarticular organiza\u00e7\u00e3o criminosa especializada no tr\u00e1fico de entorpecentes no bairro Imaru\u00ed.<\/p><p>A for\u00e7a-tarefa, que contou com apoio da Pol\u00edcia Militar, Guarda Municipal, Servi\u00e7o Aeropolicial (SAER) e do N\u00facleo de Opera\u00e7\u00e3o com C\u00e3es (NOC) de Itaja\u00ed, cumpriu 10 mandatos de busca e apreens\u00e3o e 7 mandados de pris\u00e3o preventiva expedidos pelo Poder Judici\u00e1rio.<\/p><p>As dilig\u00eancias resultaram na pris\u00e3o de 4 investigados. Durante o cumprimento, um dos investigados foi preso em flagrante delito por tr\u00e1fico de drogas, sendo apreendido aproximadamente 1kg maconha (Cannabis Sativa), 0,3 gramas de Skunk, 25 gramas de Crack, 6 gramas de Coca\u00edna e 32 comprimidos de Ecstasy.<\/p><p>A opera\u00e7\u00e3o \u00e9 resultado de um trabalho de investiga\u00e7\u00e3o e intelig\u00eancia da Delegacia de Combate \u00e0s Drogas de Itaja\u00ed, que visa combater a organiza\u00e7\u00e3o criminosa e a intensa distribui\u00e7\u00e3o de drogas no bairro Imaru\u00ed. As investiga\u00e7\u00f5es continuam e diversas dilig\u00eancias permanecer\u00e3o sendo realizadas buscando a pris\u00e3o dos foragidos e identifica\u00e7\u00e3o dos demais autores.<\/p><p>Os detidos foram encaminhados ao sistema prisional, onde permanecer\u00e3o \u00e0 disposi\u00e7\u00e3o da Justi\u00e7a. Eles responder\u00e3o pelos crimes de tr\u00e1fico de drogas, com penas que podem chegar a 15 anos de reclus\u00e3o.<\/p><p>A Pol\u00edcia Civil refor\u00e7a seu compromisso com o combate ao tr\u00e1fico de drogas e \u00e0s organiza\u00e7\u00f5es criminosas, ressaltando a import\u00e2ncia do trabalho integrado entre as for\u00e7as de seguran\u00e7a, demonstrando a efici\u00eancia e o compromisso das institui\u00e7\u00f5es em garantir a seguran\u00e7a da popula\u00e7\u00e3o e reduzir a criminalidade.<\/p>\t\t\t\t\t\t\t\t<\/div>\n\t\t\t\t<\/div>\n\t\t\t\t\t<\/div>\n\t\t<\/div>\n\t\t\t\t\t<\/div>\n\t\t<\/section>\n\t\t\t\t<section class=\"elementor-section elementor-top-section elementor-element elementor-element-b67ffe7 elementor-section-boxed elementor-section-height-default elementor-section-height-default\" data-id=\"b67ffe7\" data-element_type=\"section\">\n\t\t\t\t\t\t<div class=\"elementor-container elementor-column-gap-default\">\n\t\t\t\t\t<div class=\"elementor-column elementor-col-100 elementor-top-column elementor-element elementor-element-c204917\" data-id=\"c204917\" data-element_type=\"column\">\n\t\t\t<div class=\"elementor-widget-wrap elementor-element-populated\">\n\t\t\t\t\t\t<div class=\"elementor-element elementor-element-b3fc5d4 elementor-widget__width-initial elementor-widget elementor-widget-video\" data-id=\"b3fc5d4\" data-element_type=\"widget\" data-settings=\"{&quot;video_type&quot;:&quot;hosted&quot;,&quot;controls&quot;:&quot;yes&quot;}\" data-widget_type=\"video.default\">\n\t\t\t\t<div class=\"elementor-widget-container\">\n\t\t\t\t\t\t\t<div class=\"e-hosted-video elementor-wrapper elementor-open-inline\">\n\t\t\t\t\t<video class=\"elementor-video\" src=\"https:\/\/pc.sc.gov.br\/wp-content\/uploads\/2025\/04\/WhatsApp-Video-2025-04-28-at-13.13.41.mp4\" controls=\"\" preload=\"metadata\"><\/video>\n\t\t\t\t<\/div>\n\t\t\t\t\t\t<\/div>\n\t\t\t\t<\/div>\n\t\t\t\t\t<\/div>\n\t\t<\/div>\n\t\t\t\t\t<\/div>\n\t\t<\/section>\n\t\t\t\t<\/div>\n\t\t","protected":false},"excerpt":{"rendered":"<p>Opera\u00e7\u00e3o integrada contra tr\u00e1fico de drogas em Itaja\u00ed resulta na pris\u00e3o de quatro investigados e apreens\u00e3o de drogas A Pol\u00edcia Civil de Santa Catarina, por meio da Delegacia de Combate \u00e0s Drogas (DECOD\/DIC) de Itaja\u00ed, deflagrou nesta segunda-feira (28) a Opera\u00e7\u00e3o &#8220;Mamba Negra&#8221;, visando desarticular organiza\u00e7\u00e3o criminosa especializada no tr\u00e1fico de entorpecentes no bairro Imaru\u00ed. [&hellip;]<\/p>\n","protected":false},"author":5,"featured_media":28328,"comment_status":"closed","ping_status":"open","sticky":false,"template":"","format":"standard","meta":{"_monsterinsights_skip_tracking":false,"_monsterinsights_sitenote_active":false,"_monsterinsights_sitenote_note":"","_monsterinsights_sitenote_category":0,"footnotes":""},"categories":[1],"tags":[],"class_list":["post-28326","post","type-post","status-publish","format-standard","has-post-thumbnail","hentry","category-sem-categoria"],"_links":{"self":[{"href":"https:\/\/pc.sc.gov.br\/index.php?rest_route=\/wp\/v2\/posts\/28326","targetHints":{"allow":["GET"]}}],"collection":[{"href":"https:\/\/pc.sc.gov.br\/index.php?rest_route=\/wp\/v2\/posts"}],"about":[{"href":"https:\/\/pc.sc.gov.br\/index.php?rest_route=\/wp\/v2\/types\/post"}],"author":[{"embeddable":true,"href":"https:\/\/pc.sc.gov.br\/index.php?rest_route=\/wp\/v2\/users\/5"}],"replies":[{"embeddable":true,"href":"https:\/\/pc.sc.gov.br\/index.php?rest_route=%2Fwp%2Fv2%2Fcomments&post=28326"}],"version-history":[{"count":3,"href":"https:\/\/pc.sc.gov.br\/index.php?rest_route=\/wp\/v2\/posts\/28326\/revisions"}],"predecessor-version":[{"id":28332,"href":"https:\/\/pc.sc.gov.br\/index.php?rest_route=\/wp\/v2\/posts\/28326\/revisions\/28332"}],"wp:featuredmedia":[{"embeddable":true,"href":"https:\/\/pc.sc.gov.br\/index.php?rest_route=\/wp\/v2\/media\/28328"}],"wp:attachment":[{"href":"https:\/\/pc.sc.gov.br\/index.php?rest_route=%2Fwp%2Fv2%2Fmedia&parent=28326"}],"wp:term":[{"taxonomy":"category","embeddable":true,"href":"https:\/\/pc.sc.gov.br\/index.php?rest_route=%2Fwp%2Fv2%2Fcategories&post=28326"},{"taxonomy":"post_tag","embeddable":true,"href":"https:\/\/pc.sc.gov.br\/index.php?rest_route=%2Fwp%2Fv2%2Ftags&post=28326"}],"curies":[{"name":"wp","href":"https:\/\/api.w.org\/{rel}","templated":true}]}}