{"id":28333,"date":"2025-04-29T12:29:54","date_gmt":"2025-04-29T15:29:54","guid":{"rendered":"https:\/\/pc.sc.gov.br\/?p=28333"},"modified":"2025-04-29T12:31:48","modified_gmt":"2025-04-29T15:31:48","slug":"draco-deic-deflagra-operacao-na-grande-florianopolis-em-tubarao-e-em-chapeco","status":"publish","type":"post","link":"https:\/\/pc.sc.gov.br\/?p=28333","title":{"rendered":"DRACO\/DEIC\u00a0deflagra\u00a0opera\u00e7\u00e3o na Grande Florian\u00f3polis, em Tubar\u00e3o e em Chapec\u00f3"},"content":{"rendered":"\t\t<div data-elementor-type=\"wp-post\" data-elementor-id=\"28333\" class=\"elementor elementor-28333\" data-elementor-post-type=\"post\">\n\t\t\t\t\t\t<section class=\"elementor-section elementor-top-section elementor-element elementor-element-5bc99a6 elementor-section-boxed elementor-section-height-default elementor-section-height-default\" data-id=\"5bc99a6\" data-element_type=\"section\">\n\t\t\t\t\t\t<div class=\"elementor-container elementor-column-gap-default\">\n\t\t\t\t\t<div class=\"elementor-column elementor-col-100 elementor-top-column elementor-element elementor-element-f40b21b\" data-id=\"f40b21b\" data-element_type=\"column\">\n\t\t\t<div class=\"elementor-widget-wrap elementor-element-populated\">\n\t\t\t\t\t\t<div class=\"elementor-element elementor-element-453e7ae elementor-widget elementor-widget-heading\" data-id=\"453e7ae\" data-element_type=\"widget\" data-widget_type=\"heading.default\">\n\t\t\t\t<div class=\"elementor-widget-container\">\n\t\t\t\t\t<h2 class=\"elementor-heading-title elementor-size-default\">DRACO\/DEIC deflagra opera\u00e7\u00e3o na Grande Florian\u00f3polis, em Tubar\u00e3o e em Chapec\u00f3<\/h2>\t\t\t\t<\/div>\n\t\t\t\t<\/div>\n\t\t\t\t\t<\/div>\n\t\t<\/div>\n\t\t\t\t\t<\/div>\n\t\t<\/section>\n\t\t\t\t<section class=\"elementor-section elementor-top-section elementor-element elementor-element-4797191 elementor-section-boxed elementor-section-height-default elementor-section-height-default\" data-id=\"4797191\" data-element_type=\"section\">\n\t\t\t\t\t\t<div class=\"elementor-container elementor-column-gap-default\">\n\t\t\t\t\t<div class=\"elementor-column elementor-col-100 elementor-top-column elementor-element elementor-element-d415883\" data-id=\"d415883\" data-element_type=\"column\">\n\t\t\t<div class=\"elementor-widget-wrap elementor-element-populated\">\n\t\t\t\t\t\t<div class=\"elementor-element elementor-element-6d8f47b elementor-widget elementor-widget-image\" data-id=\"6d8f47b\" data-element_type=\"widget\" data-widget_type=\"image.default\">\n\t\t\t\t<div class=\"elementor-widget-container\">\n\t\t\t\t\t\t\t\t\t\t\t\t\t\t\t<img fetchpriority=\"high\" decoding=\"async\" width=\"576\" height=\"1024\" src=\"https:\/\/pc.sc.gov.br\/\/wp-content\/uploads\/2025\/04\/WhatsApp-Image-2025-04-29-at-09.01.21-576x1024.jpeg\" class=\"attachment-large size-large wp-image-28336\" alt=\"\" srcset=\"https:\/\/pc.sc.gov.br\/\/wp-content\/uploads\/2025\/04\/WhatsApp-Image-2025-04-29-at-09.01.21-576x1024.jpeg 576w, https:\/\/pc.sc.gov.br\/\/wp-content\/uploads\/2025\/04\/WhatsApp-Image-2025-04-29-at-09.01.21-169x300.jpeg 169w, https:\/\/pc.sc.gov.br\/\/wp-content\/uploads\/2025\/04\/WhatsApp-Image-2025-04-29-at-09.01.21-768x1366.jpeg 768w, https:\/\/pc.sc.gov.br\/\/wp-content\/uploads\/2025\/04\/WhatsApp-Image-2025-04-29-at-09.01.21-864x1536.jpeg 864w, https:\/\/pc.sc.gov.br\/\/wp-content\/uploads\/2025\/04\/WhatsApp-Image-2025-04-29-at-09.01.21.jpeg 899w\" sizes=\"(max-width: 576px) 100vw, 576px\" \/>\t\t\t\t\t\t\t\t\t\t\t\t\t\t\t<\/div>\n\t\t\t\t<\/div>\n\t\t\t\t\t<\/div>\n\t\t<\/div>\n\t\t\t\t\t<\/div>\n\t\t<\/section>\n\t\t\t\t<section class=\"elementor-section elementor-top-section elementor-element elementor-element-bafaf0f elementor-section-boxed elementor-section-height-default elementor-section-height-default\" data-id=\"bafaf0f\" data-element_type=\"section\">\n\t\t\t\t\t\t<div class=\"elementor-container elementor-column-gap-default\">\n\t\t\t\t\t<div class=\"elementor-column elementor-col-100 elementor-top-column elementor-element elementor-element-c45c9b9\" data-id=\"c45c9b9\" data-element_type=\"column\">\n\t\t\t<div class=\"elementor-widget-wrap elementor-element-populated\">\n\t\t\t\t\t\t<div class=\"elementor-element elementor-element-6a9c464 elementor-widget elementor-widget-text-editor\" data-id=\"6a9c464\" data-element_type=\"widget\" data-widget_type=\"text-editor.default\">\n\t\t\t\t<div class=\"elementor-widget-container\">\n\t\t\t\t\t\t\t\t\t<p>A Pol\u00edcia Civil&nbsp;de Santa Catarina,&nbsp;por meio da Delegacia de Repress\u00e3o ao Crime Organizado&nbsp;da Diretoria Estadual de Investiga\u00e7\u00f5es Criminais,&nbsp;realizou,&nbsp;na manh\u00e3 desta ter\u00e7a-feira&nbsp;(29\/04),&nbsp;opera\u00e7\u00e3o policial para efetivar o cumprimento de 18 mandados de busca e apreens\u00e3o. Os investigados s\u00e3o integrantes e lideran\u00e7as de uma organiza\u00e7\u00e3o criminosa voltada ao tr\u00e1fico de drogas com atua\u00e7\u00e3o na regi\u00e3o da Grande Florian\u00f3polis.<br><span style=\"letter-spacing: -0.2px;\"><br>Os mandados de busca e apreens\u00e3o foram expedidos pela Vara Criminal da Regi\u00e3o Metropolitana da Capital,&nbsp;ap\u00f3s parecer favor\u00e1vel da 39\u00aa Promotoria de Justi\u00e7a da Capital,&nbsp;e est\u00e3o sendo cumpridos na regi\u00e3o da Grande Florian\u00f3polis e nas cidades de Tubar\u00e3o e Chapec\u00f3.&nbsp;Al\u00e9m disso,&nbsp;9 mandados de busca e apreens\u00e3o foram&nbsp;cumpridos por policiais penais da SEJURI dentro do Sistema Prisional catarinense.<br><\/span><span style=\"letter-spacing: -0.2px;\"><br>Durante as buscas,&nbsp;um homem de 28 anos, natural de S\u00e3o Jos\u00e9, foi preso em flagrante na cidade de Palho\u00e7a por tr\u00e1fico de drogas.&nbsp;Com ele,&nbsp;foram apreendidas drogas (coca\u00edna e maconha), balan\u00e7as de precis\u00e3o e dinheiro. Al\u00e9m da pris\u00e3o em flagrante, foi dado cumprimento a dois mandados de pris\u00e3o preventiva, totalizando 3 presos.<br><\/span><span style=\"letter-spacing: -0.2px;\"><br>A opera\u00e7\u00e3o coordenada pelo Delegado de Pol\u00edcia Antonio Claudio J\u00f3ca, titular da DRACO\/DEIC, ocorreu no contexto da 2\u00aa Edi\u00e7\u00e3o da Opera\u00e7\u00e3o RENORCRIM, uma iniciativa da Rede Nacional de Unidades Especializadas de Enfrentamento \u00e0s Organiza\u00e7\u00f5es Criminosas (RENORCRIM).<br><\/span><span style=\"letter-spacing: -0.2px;\"><br>Participaram da opera\u00e7\u00e3o policiais civis de Santa Catarina da DEIC, CORE, NOC, Delegacias Regionais de Tubar\u00e3o e Chapec\u00f3, al\u00e9m do apoio de policiais penais da SEJURI e do suporte da Rede Nacional de Unidades Especializadas de Enfrentamento \u00e0s Organiza\u00e7\u00f5es Criminosas (RENORCRIM), coordenada pelo Minist\u00e9rio da Justi\u00e7a e Seguran\u00e7a P\u00fablica, por meio da Diretoria de Opera\u00e7\u00f5es Integradas e de Intelig\u00eancia.<\/span><\/p>\t\t\t\t\t\t\t\t<\/div>\n\t\t\t\t<\/div>\n\t\t\t\t\t<\/div>\n\t\t<\/div>\n\t\t\t\t\t<\/div>\n\t\t<\/section>\n\t\t\t\t<section class=\"elementor-section elementor-top-section elementor-element elementor-element-e969565 elementor-section-boxed elementor-section-height-default elementor-section-height-default\" data-id=\"e969565\" data-element_type=\"section\">\n\t\t\t\t\t\t<div class=\"elementor-container elementor-column-gap-default\">\n\t\t\t\t\t<div class=\"elementor-column elementor-col-100 elementor-top-column elementor-element elementor-element-bf2ddd3\" data-id=\"bf2ddd3\" data-element_type=\"column\">\n\t\t\t<div class=\"elementor-widget-wrap elementor-element-populated\">\n\t\t\t\t\t\t<div class=\"elementor-element elementor-element-67c2767 elementor-widget elementor-widget-image\" data-id=\"67c2767\" data-element_type=\"widget\" data-widget_type=\"image.default\">\n\t\t\t\t<div class=\"elementor-widget-container\">\n\t\t\t\t\t\t\t\t\t\t\t\t\t\t\t<img decoding=\"async\" width=\"696\" height=\"928\" src=\"https:\/\/pc.sc.gov.br\/\/wp-content\/uploads\/2025\/04\/WhatsApp-Image-2025-04-29-at-10.57.34-768x1024.jpeg\" class=\"attachment-large size-large wp-image-28334\" alt=\"\" srcset=\"https:\/\/pc.sc.gov.br\/\/wp-content\/uploads\/2025\/04\/WhatsApp-Image-2025-04-29-at-10.57.34-768x1024.jpeg 768w, https:\/\/pc.sc.gov.br\/\/wp-content\/uploads\/2025\/04\/WhatsApp-Image-2025-04-29-at-10.57.34-225x300.jpeg 225w, https:\/\/pc.sc.gov.br\/\/wp-content\/uploads\/2025\/04\/WhatsApp-Image-2025-04-29-at-10.57.34-1152x1536.jpeg 1152w, https:\/\/pc.sc.gov.br\/\/wp-content\/uploads\/2025\/04\/WhatsApp-Image-2025-04-29-at-10.57.34-1536x2048.jpeg 1536w, https:\/\/pc.sc.gov.br\/\/wp-content\/uploads\/2025\/04\/WhatsApp-Image-2025-04-29-at-10.57.34-scaled.jpeg 1920w\" sizes=\"(max-width: 696px) 100vw, 696px\" \/>\t\t\t\t\t\t\t\t\t\t\t\t\t\t\t<\/div>\n\t\t\t\t<\/div>\n\t\t\t\t\t<\/div>\n\t\t<\/div>\n\t\t\t\t\t<\/div>\n\t\t<\/section>\n\t\t\t\t<\/div>\n\t\t","protected":false},"excerpt":{"rendered":"<p>DRACO\/DEIC deflagra opera\u00e7\u00e3o na Grande Florian\u00f3polis, em Tubar\u00e3o e em Chapec\u00f3 A Pol\u00edcia Civil&nbsp;de Santa Catarina,&nbsp;por meio da Delegacia de Repress\u00e3o ao Crime Organizado&nbsp;da Diretoria Estadual de Investiga\u00e7\u00f5es Criminais,&nbsp;realizou,&nbsp;na manh\u00e3 desta ter\u00e7a-feira&nbsp;(29\/04),&nbsp;opera\u00e7\u00e3o policial para efetivar o cumprimento de 18 mandados de busca e apreens\u00e3o. Os investigados s\u00e3o integrantes e lideran\u00e7as de uma organiza\u00e7\u00e3o criminosa voltada [&hellip;]<\/p>\n","protected":false},"author":5,"featured_media":28336,"comment_status":"closed","ping_status":"open","sticky":false,"template":"","format":"standard","meta":{"_monsterinsights_skip_tracking":false,"_monsterinsights_sitenote_active":false,"_monsterinsights_sitenote_note":"","_monsterinsights_sitenote_category":0,"footnotes":""},"categories":[1],"tags":[],"class_list":["post-28333","post","type-post","status-publish","format-standard","has-post-thumbnail","hentry","category-sem-categoria"],"_links":{"self":[{"href":"https:\/\/pc.sc.gov.br\/index.php?rest_route=\/wp\/v2\/posts\/28333","targetHints":{"allow":["GET"]}}],"collection":[{"href":"https:\/\/pc.sc.gov.br\/index.php?rest_route=\/wp\/v2\/posts"}],"about":[{"href":"https:\/\/pc.sc.gov.br\/index.php?rest_route=\/wp\/v2\/types\/post"}],"author":[{"embeddable":true,"href":"https:\/\/pc.sc.gov.br\/index.php?rest_route=\/wp\/v2\/users\/5"}],"replies":[{"embeddable":true,"href":"https:\/\/pc.sc.gov.br\/index.php?rest_route=%2Fwp%2Fv2%2Fcomments&post=28333"}],"version-history":[{"count":7,"href":"https:\/\/pc.sc.gov.br\/index.php?rest_route=\/wp\/v2\/posts\/28333\/revisions"}],"predecessor-version":[{"id":28343,"href":"https:\/\/pc.sc.gov.br\/index.php?rest_route=\/wp\/v2\/posts\/28333\/revisions\/28343"}],"wp:featuredmedia":[{"embeddable":true,"href":"https:\/\/pc.sc.gov.br\/index.php?rest_route=\/wp\/v2\/media\/28336"}],"wp:attachment":[{"href":"https:\/\/pc.sc.gov.br\/index.php?rest_route=%2Fwp%2Fv2%2Fmedia&parent=28333"}],"wp:term":[{"taxonomy":"category","embeddable":true,"href":"https:\/\/pc.sc.gov.br\/index.php?rest_route=%2Fwp%2Fv2%2Fcategories&post=28333"},{"taxonomy":"post_tag","embeddable":true,"href":"https:\/\/pc.sc.gov.br\/index.php?rest_route=%2Fwp%2Fv2%2Ftags&post=28333"}],"curies":[{"name":"wp","href":"https:\/\/api.w.org\/{rel}","templated":true}]}}