{"id":28344,"date":"2025-04-29T14:15:58","date_gmt":"2025-04-29T17:15:58","guid":{"rendered":"https:\/\/pc.sc.gov.br\/?p=28344"},"modified":"2025-04-29T14:18:08","modified_gmt":"2025-04-29T17:18:08","slug":"policia-civil-deflagra-operacao-black-tape-contra-organizacao-criminosa-responsavel-por-roubos-ocorridos-na-regiao-da-grande-florianopolis","status":"publish","type":"post","link":"https:\/\/pc.sc.gov.br\/?p=28344","title":{"rendered":"Pol\u00edcia Civil deflagra opera\u00e7\u00e3o \u201cBlack Tape\u201d contra organiza\u00e7\u00e3o criminosa respons\u00e1vel por roubos ocorridos na regi\u00e3o da Grande Florian\u00f3polis"},"content":{"rendered":"\t\t<div data-elementor-type=\"wp-post\" data-elementor-id=\"28344\" class=\"elementor elementor-28344\" data-elementor-post-type=\"post\">\n\t\t\t\t\t\t<section class=\"elementor-section elementor-top-section elementor-element elementor-element-6152f81 elementor-section-boxed elementor-section-height-default elementor-section-height-default\" data-id=\"6152f81\" data-element_type=\"section\">\n\t\t\t\t\t\t<div class=\"elementor-container elementor-column-gap-default\">\n\t\t\t\t\t<div class=\"elementor-column elementor-col-100 elementor-top-column elementor-element elementor-element-4d6a017\" data-id=\"4d6a017\" data-element_type=\"column\">\n\t\t\t<div class=\"elementor-widget-wrap elementor-element-populated\">\n\t\t\t\t\t\t<div class=\"elementor-element elementor-element-39fe9cd elementor-widget elementor-widget-heading\" data-id=\"39fe9cd\" data-element_type=\"widget\" data-widget_type=\"heading.default\">\n\t\t\t\t<div class=\"elementor-widget-container\">\n\t\t\t\t\t<h2 class=\"elementor-heading-title elementor-size-default\">Pol\u00edcia Civil deflagra opera\u00e7\u00e3o \u201cBlack Tape\u201d contra organiza\u00e7\u00e3o criminosa respons\u00e1vel por roubos ocorridos na regi\u00e3o da Grande Florian\u00f3polis<\/h2>\t\t\t\t<\/div>\n\t\t\t\t<\/div>\n\t\t\t\t\t<\/div>\n\t\t<\/div>\n\t\t\t\t\t<\/div>\n\t\t<\/section>\n\t\t\t\t<section class=\"elementor-section elementor-top-section elementor-element elementor-element-e9acb1b elementor-section-boxed elementor-section-height-default elementor-section-height-default\" data-id=\"e9acb1b\" data-element_type=\"section\">\n\t\t\t\t\t\t<div class=\"elementor-container elementor-column-gap-default\">\n\t\t\t\t\t<div class=\"elementor-column elementor-col-100 elementor-top-column elementor-element elementor-element-459b454\" data-id=\"459b454\" data-element_type=\"column\">\n\t\t\t<div class=\"elementor-widget-wrap elementor-element-populated\">\n\t\t\t\t\t\t<div class=\"elementor-element elementor-element-bc4223e elementor-widget elementor-widget-image\" data-id=\"bc4223e\" data-element_type=\"widget\" data-widget_type=\"image.default\">\n\t\t\t\t<div class=\"elementor-widget-container\">\n\t\t\t\t\t\t\t\t\t\t\t\t\t\t\t<img fetchpriority=\"high\" decoding=\"async\" width=\"696\" height=\"522\" src=\"https:\/\/pc.sc.gov.br\/\/wp-content\/uploads\/2025\/04\/WhatsApp-Image-2025-04-29-at-11.57.27-1024x768.jpeg\" class=\"attachment-large size-large wp-image-28345\" alt=\"\" srcset=\"https:\/\/pc.sc.gov.br\/\/wp-content\/uploads\/2025\/04\/WhatsApp-Image-2025-04-29-at-11.57.27-1024x768.jpeg 1024w, https:\/\/pc.sc.gov.br\/\/wp-content\/uploads\/2025\/04\/WhatsApp-Image-2025-04-29-at-11.57.27-300x225.jpeg 300w, https:\/\/pc.sc.gov.br\/\/wp-content\/uploads\/2025\/04\/WhatsApp-Image-2025-04-29-at-11.57.27-768x576.jpeg 768w, https:\/\/pc.sc.gov.br\/\/wp-content\/uploads\/2025\/04\/WhatsApp-Image-2025-04-29-at-11.57.27-1536x1152.jpeg 1536w, https:\/\/pc.sc.gov.br\/\/wp-content\/uploads\/2025\/04\/WhatsApp-Image-2025-04-29-at-11.57.27.jpeg 1600w\" sizes=\"(max-width: 696px) 100vw, 696px\" \/>\t\t\t\t\t\t\t\t\t\t\t\t\t\t\t<\/div>\n\t\t\t\t<\/div>\n\t\t\t\t\t<\/div>\n\t\t<\/div>\n\t\t\t\t\t<\/div>\n\t\t<\/section>\n\t\t\t\t<section class=\"elementor-section elementor-top-section elementor-element elementor-element-3373946 elementor-section-boxed elementor-section-height-default elementor-section-height-default\" data-id=\"3373946\" data-element_type=\"section\">\n\t\t\t\t\t\t<div class=\"elementor-container elementor-column-gap-default\">\n\t\t\t\t\t<div class=\"elementor-column elementor-col-100 elementor-top-column elementor-element elementor-element-cf5348d\" data-id=\"cf5348d\" data-element_type=\"column\">\n\t\t\t<div class=\"elementor-widget-wrap elementor-element-populated\">\n\t\t\t\t\t\t<div class=\"elementor-element elementor-element-79e62bf elementor-widget elementor-widget-text-editor\" data-id=\"79e62bf\" data-element_type=\"widget\" data-widget_type=\"text-editor.default\">\n\t\t\t\t<div class=\"elementor-widget-container\">\n\t\t\t\t\t\t\t\t\t<p>Nesta ter\u00e7a-feira (29\/04), a Pol\u00edcia Civil de Santa Catarina, por meio da Delegacia de Repress\u00e3o a Roubos&nbsp;do Departamento de Investiga\u00e7\u00f5es Criminais de&nbsp;Palho\u00e7a,&nbsp;deflagrou a opera\u00e7\u00e3o \u2018Black Tape\u201d, com o objetivo de cumprir oito mandados de pris\u00e3o e oito mandados de busca e apreens\u00e3o, em S\u00e3o Jos\u00e9.&nbsp;As dilig\u00eancias resultaram na pris\u00e3o de quatro pessoas. Al\u00e9m disso, foram arrecadados aparelhos celulares e outros objetos de interesse para a investiga\u00e7\u00e3o.<\/p><p><span style=\"letter-spacing: -0.2px;\">Participaram da opera\u00e7\u00e3o os policiais da DIC de Palho\u00e7a, da DIC da Capital, da DIC de S\u00e3o Jos\u00e9, da DPCO de Bigua\u00e7u, da 1\u00aa DP da Capital, da 2\u00aa DP da Capital, DP do Continente e Guarda Municipal de S\u00e3o Jos\u00e9.<\/span><\/p><p><strong style=\"letter-spacing: -0.2px;\"><b>Entenda o caso<\/b><\/strong><\/p><p><span style=\"letter-spacing: -0.2px;\">Foram&nbsp;apreendidos materiais, pela Pol\u00edcia Civil&nbsp;em 28 de janeiro de 2025,&nbsp;com suspeitos de um roubo,&nbsp;ocorrido em novembro de 2024, em uma resid\u00eancia no bairro Madri, em Palho\u00e7a. A an\u00e1lise desses materiais&nbsp;revelou a exist\u00eancia de c\u00e9lula de uma organiza\u00e7\u00e3o criminosa catarinense, que atuava com o objetivo de cometer assaltos na Grande Florian\u00f3polis.<\/span><\/p><p><span style=\"letter-spacing: -0.2px;\">Al\u00e9m do roubo ocorrido no bairro Madri, foi identificada a participa\u00e7\u00e3o do grupo em outros crimes. Sendo um deles, um roubo&nbsp;ocorrido em Bigua\u00e7u, no dia 31\/12\/2024, a uma loja de celulares, praticado por um indiv\u00edduo armado que chegou em uma motocicleta acompanhado de um comparsa.<\/span><\/p><p><span style=\"letter-spacing: -0.2px;\">Tamb\u00e9m foi apurada a participa\u00e7\u00e3o em um roubo \u00e0 resid\u00eancia no Sert\u00e3o do Maruim, em S\u00e3o Jos\u00e9, no dia 07\/01\/2024, quando quatro pessoas armadas adentraram a casa e, mediante grave amea\u00e7a, subtra\u00edram v\u00e1rios objetos e um ve\u00edculo.<\/span><\/p><p><strong style=\"letter-spacing: -0.2px;\"><b>A investiga\u00e7\u00e3o<\/b><\/strong><\/p><p><span style=\"letter-spacing: -0.2px;\">A investiga\u00e7\u00e3o apontou que, em todos os roubos praticados pelo grupo criminoso, houve planejamento pr\u00e9vio para garantir o sucesso da empreitada criminosa.&nbsp;No roubo ocorrido no bairro Madri, dois integrantes do grupo foram respons\u00e1veis pelo assalto, enquanto um terceiro prestou aux\u00edlio material, escondendo os objetos roubados em sua resid\u00eancia.<\/span><\/p><p><span style=\"letter-spacing: -0.2px;\">Em Bigua\u00e7u, no roubo \u00e0 loja de celulares, a divis\u00e3o de tarefas ficou mais evidente. Um integrante do grupo foi respons\u00e1vel, ap\u00f3s receber informa\u00e7\u00f5es sobre a loja, por levantar dados sobre os produtos dispon\u00edveis para venda e identificar o endere\u00e7o do estabelecimento.<\/span><\/p><p><span style=\"letter-spacing: -0.2px;\">Al\u00e9m disso, forneceu a &#8220;fita preta&#8221; para ser utilizada na placa da motocicleta, com o objetivo de dificultar a identifica\u00e7\u00e3o por parte da pol\u00edcia&nbsp;&#8211; da mesma forma que foi feito na motocicleta usada no roubo do bairro Madri, em Palho\u00e7a. O ve\u00edculo, a arma de fogo e um dos autores do roubo (motociclista) foram providenciados por outro integrante do grupo.<\/span><\/p><p><span style=\"letter-spacing: -0.2px;\">No roubo ocorrido em S\u00e3o Jos\u00e9, no dia 07\/01\/2025, os preparativos foram previamente organizados por um integrante do grupo&nbsp;&#8211; que monitorou por dias o local antes da empreitada criminosa.<\/span><\/p>\t\t\t\t\t\t\t\t<\/div>\n\t\t\t\t<\/div>\n\t\t\t\t\t<\/div>\n\t\t<\/div>\n\t\t\t\t\t<\/div>\n\t\t<\/section>\n\t\t\t\t<\/div>\n\t\t","protected":false},"excerpt":{"rendered":"<p>Pol\u00edcia Civil deflagra opera\u00e7\u00e3o \u201cBlack Tape\u201d contra organiza\u00e7\u00e3o criminosa respons\u00e1vel por roubos ocorridos na regi\u00e3o da Grande Florian\u00f3polis Nesta ter\u00e7a-feira (29\/04), a Pol\u00edcia Civil de Santa Catarina, por meio da Delegacia de Repress\u00e3o a Roubos&nbsp;do Departamento de Investiga\u00e7\u00f5es Criminais de&nbsp;Palho\u00e7a,&nbsp;deflagrou a opera\u00e7\u00e3o \u2018Black Tape\u201d, com o objetivo de cumprir oito mandados de pris\u00e3o e oito [&hellip;]<\/p>\n","protected":false},"author":5,"featured_media":28345,"comment_status":"closed","ping_status":"open","sticky":false,"template":"","format":"standard","meta":{"_monsterinsights_skip_tracking":false,"_monsterinsights_sitenote_active":false,"_monsterinsights_sitenote_note":"","_monsterinsights_sitenote_category":0,"footnotes":""},"categories":[1],"tags":[],"class_list":["post-28344","post","type-post","status-publish","format-standard","has-post-thumbnail","hentry","category-sem-categoria"],"_links":{"self":[{"href":"https:\/\/pc.sc.gov.br\/index.php?rest_route=\/wp\/v2\/posts\/28344","targetHints":{"allow":["GET"]}}],"collection":[{"href":"https:\/\/pc.sc.gov.br\/index.php?rest_route=\/wp\/v2\/posts"}],"about":[{"href":"https:\/\/pc.sc.gov.br\/index.php?rest_route=\/wp\/v2\/types\/post"}],"author":[{"embeddable":true,"href":"https:\/\/pc.sc.gov.br\/index.php?rest_route=\/wp\/v2\/users\/5"}],"replies":[{"embeddable":true,"href":"https:\/\/pc.sc.gov.br\/index.php?rest_route=%2Fwp%2Fv2%2Fcomments&post=28344"}],"version-history":[{"count":4,"href":"https:\/\/pc.sc.gov.br\/index.php?rest_route=\/wp\/v2\/posts\/28344\/revisions"}],"predecessor-version":[{"id":28349,"href":"https:\/\/pc.sc.gov.br\/index.php?rest_route=\/wp\/v2\/posts\/28344\/revisions\/28349"}],"wp:featuredmedia":[{"embeddable":true,"href":"https:\/\/pc.sc.gov.br\/index.php?rest_route=\/wp\/v2\/media\/28345"}],"wp:attachment":[{"href":"https:\/\/pc.sc.gov.br\/index.php?rest_route=%2Fwp%2Fv2%2Fmedia&parent=28344"}],"wp:term":[{"taxonomy":"category","embeddable":true,"href":"https:\/\/pc.sc.gov.br\/index.php?rest_route=%2Fwp%2Fv2%2Fcategories&post=28344"},{"taxonomy":"post_tag","embeddable":true,"href":"https:\/\/pc.sc.gov.br\/index.php?rest_route=%2Fwp%2Fv2%2Ftags&post=28344"}],"curies":[{"name":"wp","href":"https:\/\/api.w.org\/{rel}","templated":true}]}}